{"id":213,"date":"2014-03-07T07:31:27","date_gmt":"2014-03-07T07:31:27","guid":{"rendered":"http:\/\/portailsolidarites.fr\/givors-gavinane\/?p=213"},"modified":"2014-03-07T07:31:27","modified_gmt":"2014-03-07T07:31:27","slug":"marche-pour-gavinane-dimanche-23-mars-2014","status":"publish","type":"post","link":"http:\/\/portailsolidarites.fr\/Gavinane\/2014\/03\/07\/marche-pour-gavinane-dimanche-23-mars-2014\/","title":{"rendered":"MARCHE POUR GAVINAN\u00c9 &#8211; Dimanche 23 MARS 2014 &#8211;"},"content":{"rendered":"<p>Le Comit\u00e9 de Jumelage Givors-Gavinan\u00e9, organise une Marche, dont les b\u00e9n\u00e9fices seront destin\u00e9s aux projets de d\u00e9veloppement de la Commune Jumelle de Gavinan\u00e9 au Mali:<\/p>\n<p><span style=\"text-decoration: underline\"><strong><span style=\"font-size: medium\">Alors, avant de voter, venez marcher avec nous !!!<\/span><\/strong><\/span><\/p>\n<p><em>3 parcours, \u00e0 partir de 7 h 30 :<\/em><\/p>\n<p>* <strong>22 km<\/strong> (dernier d\u00e9part 10 h)<\/p>\n<p>* <strong>16 km<\/strong><\/p>\n<p>* <strong>11 km<\/strong><\/p>\n<p>* et un<strong> parcours poussette de 6 km.<\/strong><\/p>\n<p><span style=\"text-decoration: underline\">D\u00e9part: <\/span><strong>Salle Georges Brassens &#8211;<\/strong> RN 86 &#8211; 69700 Givors Bans (sud de Givors)<\/p>\n<p><span style=\"text-decoration: underline\">Inscription sur place<\/span>:<strong> 8 \u20ac<\/strong> avec repas \u00e0 l&rsquo;arriv\u00e9e et ravitaillements sur les parcours- si possible, apporter son gobelet;<\/p>\n<p><span style=\"text-decoration: underline\">Informations:<\/span> au <strong>06 26 77 56 78<\/strong><\/p>\n<p><span style=\"font-size: x-large\"><strong>Nous vous attendons nombreux !!! \u00a0<\/strong> <\/span><\/p>\n","protected":false},"excerpt":{"rendered":"<p>Le Comit\u00e9 de Jumelage Givors-Gavinan\u00e9, organise une Marche, dont les b\u00e9n\u00e9fices seront destin\u00e9s aux projets de d\u00e9veloppement de la Commune Jumelle de Gavinan\u00e9 au Mali: Alors, avant de voter, venez marcher avec nous !!! 3 parcours, \u00e0 partir de 7 &hellip; <a href=\"http:\/\/portailsolidarites.fr\/Gavinane\/2014\/03\/07\/marche-pour-gavinane-dimanche-23-mars-2014\/\">Continuer la lecture <span class=\"meta-nav\">&rarr;<\/span><\/a><\/p>\n","protected":false},"author":2,"featured_media":0,"comment_status":"open","ping_status":"open","sticky":false,"template":"","format":"standard","meta":{"_uag_custom_page_level_css":"","footnotes":""},"categories":[2,3,4],"tags":[],"class_list":["post-213","post","type-post","status-publish","format-standard","hentry","category-association","category-rendez-vous","category-solidarites"],"uagb_featured_image_src":{"full":false,"thumbnail":false,"medium":false,"medium_large":false,"large":false,"1536x1536":false,"2048x2048":false,"post-thumbnail":false},"uagb_author_info":{"display_name":"givors-gavinane","author_link":"http:\/\/portailsolidarites.fr\/Gavinane\/author\/givors-gavinane\/"},"uagb_comment_info":0,"uagb_excerpt":"Le Comit\u00e9 de Jumelage Givors-Gavinan\u00e9, organise une Marche, dont les b\u00e9n\u00e9fices seront destin\u00e9s aux projets de d\u00e9veloppement de la Commune Jumelle de Gavinan\u00e9 au Mali: Alors, avant de voter, venez marcher avec nous !!! 3 parcours, \u00e0 partir de 7 &hellip; Continuer la lecture &rarr;","_links":{"self":[{"href":"http:\/\/portailsolidarites.fr\/Gavinane\/wp-json\/wp\/v2\/posts\/213","targetHints":{"allow":["GET"]}}],"collection":[{"href":"http:\/\/portailsolidarites.fr\/Gavinane\/wp-json\/wp\/v2\/posts"}],"about":[{"href":"http:\/\/portailsolidarites.fr\/Gavinane\/wp-json\/wp\/v2\/types\/post"}],"author":[{"embeddable":true,"href":"http:\/\/portailsolidarites.fr\/Gavinane\/wp-json\/wp\/v2\/users\/2"}],"replies":[{"embeddable":true,"href":"http:\/\/portailsolidarites.fr\/Gavinane\/wp-json\/wp\/v2\/comments?post=213"}],"version-history":[{"count":0,"href":"http:\/\/portailsolidarites.fr\/Gavinane\/wp-json\/wp\/v2\/posts\/213\/revisions"}],"wp:attachment":[{"href":"http:\/\/portailsolidarites.fr\/Gavinane\/wp-json\/wp\/v2\/media?parent=213"}],"wp:term":[{"taxonomy":"category","embeddable":true,"href":"http:\/\/portailsolidarites.fr\/Gavinane\/wp-json\/wp\/v2\/categories?post=213"},{"taxonomy":"post_tag","embeddable":true,"href":"http:\/\/portailsolidarites.fr\/Gavinane\/wp-json\/wp\/v2\/tags?post=213"}],"curies":[{"name":"wp","href":"https:\/\/api.w.org\/{rel}","templated":true}]}}