{"id":232,"date":"2014-04-02T12:54:06","date_gmt":"2014-04-02T12:54:06","guid":{"rendered":"http:\/\/portailsolidarites.fr\/givors-gavinane\/?p=232"},"modified":"2014-04-02T12:54:06","modified_gmt":"2014-04-02T12:54:06","slug":"concert-de-solidarite-yves-matrat-chante-pour-le-mali-pour-gavinane","status":"publish","type":"post","link":"http:\/\/portailsolidarites.fr\/Gavinane\/2014\/04\/02\/concert-de-solidarite-yves-matrat-chante-pour-le-mali-pour-gavinane\/","title":{"rendered":"Concert de SOLIDARIT\u00c9 &#8211; Yves MATRAT chante pour le MALI &#8211; pour GAVINAN\u00c9"},"content":{"rendered":"<div class=\"entry-content\">\n<p>Amis m\u00e9lomanes,<br \/>\namis du Comit\u00e9 de jumelage Givors-Gavinan\u00e9,<br \/>\nnous\u00a0 vous invitons\u00a0 \u00e0<strong> <span style=\"color: #0000ff\">retenir deux dates du mois d\u2019avril :<\/span><\/strong><\/p>\n<p><strong>&#8211; Le mardi 8 avril, \u00e0 20h, au th\u00e9\u00e2tre de Givors : concert de solidarit\u00e9.<br \/>\n<\/strong>Yves Matrat chante pour le Mali, pour Gavinan\u00e9<br \/>\nEntr\u00e9e : 12 \u20ac ( 8 \u20ac pour les moins de 12 ans)<br \/>\nPremi\u00e8re partie du spectacle assur\u00e9e par une<strong> chorale Gospel.<br \/>\n<span style=\"color: #0000ff\"><em>R\u00e9servation conseill\u00e9e au 06 40 96 91 17<\/em><\/span><br \/>\n<\/strong><\/p>\n<p><strong>&#8211; Le samedi 12 et le dimanche 13 avril, \u00e0 l\u2019\u00e9glise de Givors-Canal :<\/strong> stage de chant gospel.<br \/>\n<strong><em><span style=\"color: #0000ff\">Possibilit\u00e9 offerte de ne choisir qu\u2019un seul jour.<\/span><\/em><\/strong><br \/>\nConcert \u00e0 17h, le dimanche 13 avril, \u00e0 l\u2019\u00e9glise de Givors.<\/p>\n<\/div>\n","protected":false},"excerpt":{"rendered":"<p>Amis m\u00e9lomanes, amis du Comit\u00e9 de jumelage Givors-Gavinan\u00e9, nous\u00a0 vous invitons\u00a0 \u00e0 retenir deux dates du mois d\u2019avril : &#8211; Le mardi 8 avril, \u00e0 20h, au th\u00e9\u00e2tre de Givors : concert de solidarit\u00e9. Yves Matrat chante pour le Mali, &hellip; <a href=\"http:\/\/portailsolidarites.fr\/Gavinane\/2014\/04\/02\/concert-de-solidarite-yves-matrat-chante-pour-le-mali-pour-gavinane\/\">Continuer la lecture <span class=\"meta-nav\">&rarr;<\/span><\/a><\/p>\n","protected":false},"author":2,"featured_media":0,"comment_status":"open","ping_status":"open","sticky":false,"template":"","format":"standard","meta":{"_uag_custom_page_level_css":"","footnotes":""},"categories":[2,1,3,4],"tags":[],"class_list":["post-232","post","type-post","status-publish","format-standard","hentry","category-association","category-non-classe","category-rendez-vous","category-solidarites"],"uagb_featured_image_src":{"full":false,"thumbnail":false,"medium":false,"medium_large":false,"large":false,"1536x1536":false,"2048x2048":false,"post-thumbnail":false},"uagb_author_info":{"display_name":"givors-gavinane","author_link":"http:\/\/portailsolidarites.fr\/Gavinane\/author\/givors-gavinane\/"},"uagb_comment_info":0,"uagb_excerpt":"Amis m\u00e9lomanes, amis du Comit\u00e9 de jumelage Givors-Gavinan\u00e9, nous\u00a0 vous invitons\u00a0 \u00e0 retenir deux dates du mois d\u2019avril : &#8211; Le mardi 8 avril, \u00e0 20h, au th\u00e9\u00e2tre de Givors : concert de solidarit\u00e9. Yves Matrat chante pour le Mali, &hellip; Continuer la lecture &rarr;","_links":{"self":[{"href":"http:\/\/portailsolidarites.fr\/Gavinane\/wp-json\/wp\/v2\/posts\/232","targetHints":{"allow":["GET"]}}],"collection":[{"href":"http:\/\/portailsolidarites.fr\/Gavinane\/wp-json\/wp\/v2\/posts"}],"about":[{"href":"http:\/\/portailsolidarites.fr\/Gavinane\/wp-json\/wp\/v2\/types\/post"}],"author":[{"embeddable":true,"href":"http:\/\/portailsolidarites.fr\/Gavinane\/wp-json\/wp\/v2\/users\/2"}],"replies":[{"embeddable":true,"href":"http:\/\/portailsolidarites.fr\/Gavinane\/wp-json\/wp\/v2\/comments?post=232"}],"version-history":[{"count":0,"href":"http:\/\/portailsolidarites.fr\/Gavinane\/wp-json\/wp\/v2\/posts\/232\/revisions"}],"wp:attachment":[{"href":"http:\/\/portailsolidarites.fr\/Gavinane\/wp-json\/wp\/v2\/media?parent=232"}],"wp:term":[{"taxonomy":"category","embeddable":true,"href":"http:\/\/portailsolidarites.fr\/Gavinane\/wp-json\/wp\/v2\/categories?post=232"},{"taxonomy":"post_tag","embeddable":true,"href":"http:\/\/portailsolidarites.fr\/Gavinane\/wp-json\/wp\/v2\/tags?post=232"}],"curies":[{"name":"wp","href":"https:\/\/api.w.org\/{rel}","templated":true}]}}