{"id":285,"date":"2019-01-23T13:12:44","date_gmt":"2019-01-23T13:12:44","guid":{"rendered":"http:\/\/portailsolidarites.fr\/givors-gavinane\/?p=285"},"modified":"2019-01-23T13:12:44","modified_gmt":"2019-01-23T13:12:44","slug":"concert-pour-le-mali","status":"publish","type":"post","link":"http:\/\/portailsolidarites.fr\/Gavinane\/2019\/01\/23\/concert-pour-le-mali\/","title":{"rendered":"CONCERT POUR LE Mali &#8211;"},"content":{"rendered":"<p><span style=\"color: #008000;\"><strong>CONCERT POUR LE MALI:\u00a0<\/strong><\/span> par<span style=\"color: #ff0000;\"><strong> l&rsquo;Ensemble Vocal CANTAR<\/strong> <\/span>et<span style=\"color: #ff0000;\"><strong> les classes CHAM<\/strong><\/span> des \u00e9coles Jean-Jaur\u00e8s et Joliot Curie de Givors:<\/p>\n<p><strong><span style=\"color: #0000ff;\"> MARDI 29 JANVIER 2019 \u00e0 19 h &#8211; en l&rsquo;Eglise Notre Dame de Givors<\/span> <\/strong>(en face de la Poste &#8211; parking assur\u00e9).<\/p>\n<p><em>Participation par bons de soutien:<\/em> <span style=\"color: #0000ff;\"><strong>10 \u20ac<\/strong> <strong>&#8211; Adultes<\/strong>\u00a0\u00a0\u00a0 <strong>5 \u20ac<\/strong> &#8211; <strong>Enfants jusqu&rsquo;\u00e0 12 ans . <\/strong><\/span><\/p>\n<p><em>Renseignements et r\u00e9servations aux:<\/em>\u00a0 <strong><span style=\"color: #0000ff;\">04 72 24 05 41<\/span><\/strong>\u00a0<strong> &#8211;<\/strong>\u00a0 <strong><span style=\"color: #0000ff;\">givorsgavinane69@gmail.com<\/span><\/strong><\/p>\n<p><strong>Affiche : <a href=\"http:\/\/portailsolidarites.fr\/givors-gavinane\/files\/2019\/01\/concert.pdf\">concert<\/a><\/strong><\/p>\n","protected":false},"excerpt":{"rendered":"<p>CONCERT POUR LE MALI:\u00a0 par l&rsquo;Ensemble Vocal CANTAR et les classes CHAM des \u00e9coles Jean-Jaur\u00e8s et Joliot Curie de Givors: MARDI 29 JANVIER 2019 \u00e0 19 h &#8211; en l&rsquo;Eglise Notre Dame de Givors (en face de la Poste &#8211; &hellip; <a href=\"http:\/\/portailsolidarites.fr\/Gavinane\/2019\/01\/23\/concert-pour-le-mali\/\">Continuer la lecture <span class=\"meta-nav\">&rarr;<\/span><\/a><\/p>\n","protected":false},"author":2,"featured_media":0,"comment_status":"open","ping_status":"open","sticky":false,"template":"","format":"standard","meta":{"_uag_custom_page_level_css":"","footnotes":""},"categories":[2,3,4],"tags":[],"class_list":["post-285","post","type-post","status-publish","format-standard","hentry","category-association","category-rendez-vous","category-solidarites"],"uagb_featured_image_src":{"full":false,"thumbnail":false,"medium":false,"medium_large":false,"large":false,"1536x1536":false,"2048x2048":false,"post-thumbnail":false},"uagb_author_info":{"display_name":"givors-gavinane","author_link":"http:\/\/portailsolidarites.fr\/Gavinane\/author\/givors-gavinane\/"},"uagb_comment_info":0,"uagb_excerpt":"CONCERT POUR LE MALI:\u00a0 par l&rsquo;Ensemble Vocal CANTAR et les classes CHAM des \u00e9coles Jean-Jaur\u00e8s et Joliot Curie de Givors: MARDI 29 JANVIER 2019 \u00e0 19 h &#8211; en l&rsquo;Eglise Notre Dame de Givors (en face de la Poste &#8211; &hellip; Continuer la lecture &rarr;","_links":{"self":[{"href":"http:\/\/portailsolidarites.fr\/Gavinane\/wp-json\/wp\/v2\/posts\/285","targetHints":{"allow":["GET"]}}],"collection":[{"href":"http:\/\/portailsolidarites.fr\/Gavinane\/wp-json\/wp\/v2\/posts"}],"about":[{"href":"http:\/\/portailsolidarites.fr\/Gavinane\/wp-json\/wp\/v2\/types\/post"}],"author":[{"embeddable":true,"href":"http:\/\/portailsolidarites.fr\/Gavinane\/wp-json\/wp\/v2\/users\/2"}],"replies":[{"embeddable":true,"href":"http:\/\/portailsolidarites.fr\/Gavinane\/wp-json\/wp\/v2\/comments?post=285"}],"version-history":[{"count":0,"href":"http:\/\/portailsolidarites.fr\/Gavinane\/wp-json\/wp\/v2\/posts\/285\/revisions"}],"wp:attachment":[{"href":"http:\/\/portailsolidarites.fr\/Gavinane\/wp-json\/wp\/v2\/media?parent=285"}],"wp:term":[{"taxonomy":"category","embeddable":true,"href":"http:\/\/portailsolidarites.fr\/Gavinane\/wp-json\/wp\/v2\/categories?post=285"},{"taxonomy":"post_tag","embeddable":true,"href":"http:\/\/portailsolidarites.fr\/Gavinane\/wp-json\/wp\/v2\/tags?post=285"}],"curies":[{"name":"wp","href":"https:\/\/api.w.org\/{rel}","templated":true}]}}