{"id":1081,"date":"2012-11-28T18:33:56","date_gmt":"2012-11-28T16:33:56","guid":{"rendered":"http:\/\/portailsolidarites.fr\/grigny-koupela\/?p=1081"},"modified":"2012-11-28T18:33:56","modified_gmt":"2012-11-28T16:33:56","slug":"seizieme-salon-des-vins-24-et-25-novembre-2012","status":"publish","type":"post","link":"http:\/\/portailsolidarites.fr\/Koupela\/2012\/11\/28\/seizieme-salon-des-vins-24-et-25-novembre-2012\/","title":{"rendered":"Seizi\u00e8me salon des vins, 24 et 25 novembre 2012."},"content":{"rendered":"<p>Et voil\u00e0, c&rsquo;est termin\u00e9. le seizi\u00e8me salon des vins a v\u00e9cu, il va falloir bient\u00f4t penser au dix-septi\u00e8me ! Avant, quand m\u00eame, un petit retour en arri\u00e8re pour se souvenir et permettre \u00e0 ceux qui n&rsquo;\u00e9taient pas l\u00e0 de se faire une petite id\u00e9e.<\/p>\n<p>Globalement tout s&rsquo;est bien pass\u00e9 ; il manquait quand m\u00eame deux exposants : la famille Quartironi,\u00a0 productrice de St Chinian, emp\u00each\u00e9e par la grippe et Maryvonne G\u00e9r\u00e9my des produits antillais retenue par des raisons familiales ; son sourire ensoleill\u00e9 nous a bien manqu\u00e9 . Sinon ils \u00e9taient tous l\u00e0, les locaux, les voisins mais aussi les Alsaciens, les Charentais et Scarlette Le Corre, notre marin-p\u00eacheur du bout de la Bretagne, et tous les autres.. Les b\u00e9n\u00e9voles du comit\u00e9 et leurs amis mais aussi les services techniques de la ville, les gardiens du centre Brenot ont \u00e9t\u00e9 \u00e0 la t\u00e2che \u00e0 un moment ou un autre, et parfois presque permanents !<\/p>\n<p>Et puis il y a eu les pr\u00e8s de 1200 visiteurs, venus pour le plaisir de la d\u00e9gustation mais aussi pour remplir la cave avant les f\u00eates de fin d&rsquo;ann\u00e9e et pour beaucoup d&rsquo;entre eux, pour participer de fa\u00e7on agr\u00e9able au financement des r\u00e9alisations \u00e0 Koup\u00e9la. Inutile de commencer une liste, sa lecture serait d&rsquo;ailleurs fastidieuse ; on citera seulement, protocole oblige,\u00a0 le consul honoraire du Burkina Faso, monsieur Grollemund et Ren\u00e9 Balme, maire de la commune.<\/p>\n<p>L&rsquo;ambiance \u00e9tait chaleureuse, on s&rsquo;est retrouv\u00e9 entre amis, on a d\u00e9gust\u00e9, \u00e9chang\u00e9, feuillet\u00e9 les livres de la librairie, La Voie Aux Chapitres, admir\u00e9 les objets d&rsquo;artisanat burkinab\u00e9 : \u00ab\u00a0cette bague ou cette autre ? ce batik \u00e0 dominante violette ou le vert ?\u00a0\u00bb.<\/p>\n<p>145 convives ont partag\u00e9 le repas du samedi soir pr\u00e9par\u00e9 par les employ\u00e9s du restaurant scolaire. Et puis, et puis&#8230;. il a fallu tout d\u00e9monter ; les exposants sont partis apr\u00e8s un dernier casse-cro\u00fbte dans toutes les directions. On se retrouve l&rsquo;ann\u00e9e prochaine.<\/p>\n<p>Bernadette Borel<\/p>\n<div id='gallery-1' class='gallery galleryid-1081 gallery-columns-3 gallery-size-thumbnail'><dl class='gallery-item'>\n\t\t\t<dt class='gallery-icon landscape'>\n\t\t\t\t<a href='http:\/\/portailsolidarites.fr\/Koupela\/wp-content\/uploads\/2012\/11\/031-salon-des-vins.jpg'><img loading=\"lazy\" decoding=\"async\" width=\"150\" height=\"150\" src=\"http:\/\/portailsolidarites.fr\/Koupela\/wp-content\/uploads\/2012\/11\/031-salon-des-vins-150x150.jpg\" class=\"attachment-thumbnail size-thumbnail\" alt=\"\" aria-describedby=\"gallery-1-1095\" \/><\/a>\n\t\t\t<\/dt>\n\t\t\t\t<dd class='wp-caption-text gallery-caption' id='gallery-1-1095'>\n\t\t\t\tL&rsquo;\u00e9quipe qui a pr\u00e9par\u00e9 le repas du samedi soir\n\t\t\t\t<\/dd><\/dl><dl class='gallery-item'>\n\t\t\t<dt class='gallery-icon landscape'>\n\t\t\t\t<a href='http:\/\/portailsolidarites.fr\/Koupela\/wp-content\/uploads\/2012\/11\/032-salon-des-vins.jpg'><img loading=\"lazy\" decoding=\"async\" width=\"150\" height=\"150\" src=\"http:\/\/portailsolidarites.fr\/Koupela\/wp-content\/uploads\/2012\/11\/032-salon-des-vins-150x150.jpg\" class=\"attachment-thumbnail size-thumbnail\" alt=\"\" aria-describedby=\"gallery-1-1096\" \/><\/a>\n\t\t\t<\/dt>\n\t\t\t\t<dd class='wp-caption-text gallery-caption' id='gallery-1-1096'>\n\t\t\t\tStand de l&rsquo;artisanat, M\u00e9lanie et Isabelle.\n\t\t\t\t<\/dd><\/dl><dl class='gallery-item'>\n\t\t\t<dt class='gallery-icon landscape'>\n\t\t\t\t<a href='http:\/\/portailsolidarites.fr\/Koupela\/wp-content\/uploads\/2012\/11\/037-salon-des-vins.jpg'><img loading=\"lazy\" decoding=\"async\" width=\"150\" height=\"150\" src=\"http:\/\/portailsolidarites.fr\/Koupela\/wp-content\/uploads\/2012\/11\/037-salon-des-vins-150x150.jpg\" class=\"attachment-thumbnail size-thumbnail\" alt=\"\" aria-describedby=\"gallery-1-1098\" \/><\/a>\n\t\t\t<\/dt>\n\t\t\t\t<dd class='wp-caption-text gallery-caption' id='gallery-1-1098'>\n\t\t\t\tCasse-cro\u00fbte avant le d\u00e9part.\n\t\t\t\t<\/dd><\/dl><br style=\"clear: both\" \/>\n\t\t<\/div>\n\n","protected":false},"excerpt":{"rendered":"<p>Et voil\u00e0, c&rsquo;est termin\u00e9. le seizi\u00e8me salon des vins a v\u00e9cu, il va falloir bient\u00f4t penser au dix-septi\u00e8me ! Avant, quand m\u00eame, un petit retour en arri\u00e8re pour se souvenir et permettre \u00e0 ceux qui n&rsquo;\u00e9taient pas l\u00e0 de se &hellip; <a href=\"http:\/\/portailsolidarites.fr\/Koupela\/2012\/11\/28\/seizieme-salon-des-vins-24-et-25-novembre-2012\/\">Continuer la lecture <span class=\"meta-nav\">&rarr;<\/span><\/a><\/p>\n","protected":false},"author":2,"featured_media":0,"comment_status":"open","ping_status":"open","sticky":false,"template":"","format":"standard","meta":{"_uag_custom_page_level_css":"","footnotes":""},"categories":[24],"tags":[],"class_list":["post-1081","post","type-post","status-publish","format-standard","hentry","category-salons-des-vins"],"uagb_featured_image_src":{"full":false,"thumbnail":false,"medium":false,"medium_large":false,"large":false,"1536x1536":false,"2048x2048":false,"post-thumbnail":false},"uagb_author_info":{"display_name":"grigny-koupela","author_link":"http:\/\/portailsolidarites.fr\/Koupela\/author\/grigny-koupela\/"},"uagb_comment_info":0,"uagb_excerpt":"Et voil\u00e0, c&rsquo;est termin\u00e9. le seizi\u00e8me salon des vins a v\u00e9cu, il va falloir bient\u00f4t penser au dix-septi\u00e8me ! Avant, quand m\u00eame, un petit retour en arri\u00e8re pour se souvenir et permettre \u00e0 ceux qui n&rsquo;\u00e9taient pas l\u00e0 de se &hellip; Continuer la lecture &rarr;","_links":{"self":[{"href":"http:\/\/portailsolidarites.fr\/Koupela\/wp-json\/wp\/v2\/posts\/1081","targetHints":{"allow":["GET"]}}],"collection":[{"href":"http:\/\/portailsolidarites.fr\/Koupela\/wp-json\/wp\/v2\/posts"}],"about":[{"href":"http:\/\/portailsolidarites.fr\/Koupela\/wp-json\/wp\/v2\/types\/post"}],"author":[{"embeddable":true,"href":"http:\/\/portailsolidarites.fr\/Koupela\/wp-json\/wp\/v2\/users\/2"}],"replies":[{"embeddable":true,"href":"http:\/\/portailsolidarites.fr\/Koupela\/wp-json\/wp\/v2\/comments?post=1081"}],"version-history":[{"count":0,"href":"http:\/\/portailsolidarites.fr\/Koupela\/wp-json\/wp\/v2\/posts\/1081\/revisions"}],"wp:attachment":[{"href":"http:\/\/portailsolidarites.fr\/Koupela\/wp-json\/wp\/v2\/media?parent=1081"}],"wp:term":[{"taxonomy":"category","embeddable":true,"href":"http:\/\/portailsolidarites.fr\/Koupela\/wp-json\/wp\/v2\/categories?post=1081"},{"taxonomy":"post_tag","embeddable":true,"href":"http:\/\/portailsolidarites.fr\/Koupela\/wp-json\/wp\/v2\/tags?post=1081"}],"curies":[{"name":"wp","href":"https:\/\/api.w.org\/{rel}","templated":true}]}}