{"id":1166,"date":"2013-02-23T18:11:17","date_gmt":"2013-02-23T16:11:17","guid":{"rendered":"http:\/\/portailsolidarites.fr\/grigny-koupela\/?p=1166"},"modified":"2013-02-23T18:11:17","modified_gmt":"2013-02-23T16:11:17","slug":"fevrier-2013-mission-a-koupela","status":"publish","type":"post","link":"http:\/\/portailsolidarites.fr\/Koupela\/2013\/02\/23\/fevrier-2013-mission-a-koupela\/","title":{"rendered":"F\u00e9vrier 2013 : mission \u00e0 Koup\u00e9la."},"content":{"rendered":"<p>Nous devions partir \u00e0 7 mais vue la conjoncture internationale, notre groupe s&rsquo;est r\u00e9duit \u00e0 deux couples : Andr\u00e9 Fabre, pr\u00e9sident du comit\u00e9 et son \u00e9pouse Denise, Jean et Bernadette Borel.<\/p>\n<p>Mardi 5 f\u00e9vrier, 19h30,\u00a0 l&rsquo;avion s&rsquo;immobilise, le mot Ouagadougou clignote sur le toit de l&rsquo;a\u00e9roport, \u00e0 peine sur la passerelle la douceur de la nuit et l&rsquo;\u00e2cret\u00e9 de la pollution nous saisissent ; nous sommes bien au Burkina. Formalit\u00e9s fastidieuses de toute arriv\u00e9e, r\u00e9cup\u00e9ration des bagages et nous voici sur le trottoir. Le comit\u00e9 d&rsquo;accueil nous entoure, \u00ab\u00a0bonne arriv\u00e9e\u00a0\u00bb, accolades, sourires, pr\u00e9sentations r\u00e9ciproques&#8230; Il y a l\u00e0 Mathias, facilitateur et ami, L\u00e9onard et Ir\u00e8ne du comit\u00e9, Augustin le chauffeur de la mairie de Koup\u00e9la et les connaissances, Julie, Barsa, Bernard ; j&rsquo;esp\u00e8re que je n&rsquo;oublie personne.<\/p>\n<p>Mercredi, nous s\u00e9journons \u00e0 Ouaga, rendez-vous \u00e0 l&rsquo;ambassade o\u00f9 les contr\u00f4les sont plus s\u00e9v\u00e8res que d&rsquo;habitude \u00e0 cause de la situation au Mali. Nous nous renseignons sur les possibilit\u00e9s d&rsquo;aides pour Koup\u00e9la et l&rsquo;appel \u00e0 projets.<\/p>\n<div id=\"attachment_1167\" style=\"width: 310px\" class=\"wp-caption alignright\"><a href=\"http:\/\/portailsolidarites.fr\/grigny-koupela\/files\/2013\/02\/0133.jpg\"><img loading=\"lazy\" decoding=\"async\" aria-describedby=\"caption-attachment-1167\" class=\"size-medium wp-image-1167\" src=\"http:\/\/portailsolidarites.fr\/grigny-koupela\/files\/2013\/02\/0133-300x171.jpg\" alt=\"\" width=\"300\" height=\"171\" \/><\/a><p id=\"caption-attachment-1167\" class=\"wp-caption-text\">Une partie du comit\u00e9 d&rsquo;accueil.<\/p><\/div>\n<p>Jeudi, c&rsquo;est le d\u00e9part pour Koup\u00e9la. Denise dont c&rsquo;est le premier s\u00e9jour, d\u00e9couvre la campagne burkinab\u00e9, la savane, les troupeaux de bovins pr\u00e8s des mares, les moutons qui traversent la route de fa\u00e7on intempestive, les villages traditionnels aux cases rondes couvertes de paille qui laissent de plus en plus souvent la place aux b\u00e2timents rectangulaires aux toits de t\u00f4les. A l&rsquo;entr\u00e9e de Koup\u00e9la, un attroupement cons\u00e9quent : Simplice Dambr\u00e9, le maire, des membres du comit\u00e9, des enfants des \u00e9coles dont une d\u00e9l\u00e9gation du coll\u00e8ge de Liguidi, les femmes de l&rsquo;association de Wum Taaba, avec leur balai, des danseurs, des jeunes sportifs&#8230; des drapeaux, des tambours ; \u00e9motion, on s&#8217;embrasse, on serre des mains, le maire remet les cl\u00e9s de la ville \u00e0 Andr\u00e9. Et puis nous nous installons dans la grande maison qui a accueilli plusieurs fois des d\u00e9l\u00e9gations.<\/p>\n<div id=\"attachment_1169\" style=\"width: 310px\" class=\"wp-caption alignright\"><a href=\"http:\/\/portailsolidarites.fr\/grigny-koupela\/files\/2013\/02\/1345.jpg\"><img loading=\"lazy\" decoding=\"async\" aria-describedby=\"caption-attachment-1169\" class=\"size-medium wp-image-1169\" src=\"http:\/\/portailsolidarites.fr\/grigny-koupela\/files\/2013\/02\/1345-300x168.jpg\" alt=\"\" width=\"300\" height=\"168\" \/><\/a><p id=\"caption-attachment-1169\" class=\"wp-caption-text\">Les femmes de l&rsquo;association Wum Taaba et les \u00e2nes Andr\u00e9 et Robert.<\/p><\/div>\n<p>Nous aurons plusieurs s\u00e9ances de travail \u00e0 la mairie pour faire avec l&rsquo;aide de Mathias Bazi\u00e9 le canevas du projet \u00ab\u00a0eau et assainissement\u00a0\u00bb : forages, mise en place d&rsquo;un service l&rsquo;eau, renforcement des capacit\u00e9s des \u00e9lus, des techniciens de maintenance, formation des associations d&rsquo;usagers de l&rsquo;eau, des hygi\u00e9nistes charg\u00e9s de sensibiliser la population dans les quartiers et les villages, \u00e0 l&rsquo;utilisation de l&rsquo;eau, \u00e0 l&rsquo;hygi\u00e8ne, \u00e0 \u00e9viter le gaspillage&#8230; construction de latrines publiques et familiales, renforcement de l&rsquo;action ramassage des ordures, tri, stockage.<\/p>\n<p>&nbsp;<\/p>\n<div id=\"attachment_1168\" style=\"width: 310px\" class=\"wp-caption alignleft\"><a href=\"http:\/\/portailsolidarites.fr\/grigny-koupela\/files\/2013\/02\/1177.jpg\"><img loading=\"lazy\" decoding=\"async\" aria-describedby=\"caption-attachment-1168\" class=\"size-medium wp-image-1168 \" src=\"http:\/\/portailsolidarites.fr\/grigny-koupela\/files\/2013\/02\/1177-300x168.jpg\" alt=\"\" width=\"300\" height=\"168\" \/><\/a><p id=\"caption-attachment-1168\" class=\"wp-caption-text\">La toute nouvelle d\u00e9charge de Koup\u00e9la, install\u00e9e \u00e0 8km de la ville.<\/p><\/div>\n<p>Le volet num\u00e9rique a aussi \u00e9t\u00e9 abord\u00e9, avec la mise en place d&rsquo;un centre de formation num\u00e9rique associ\u00e9 \u00e0 un site d&rsquo;acc\u00e8s \u00e0 internet encadr\u00e9 par des \u00e9ducateurs et la promotion du serveur solidaire.<\/p>\n<p>Enfin, la municipalit\u00e9 et le comit\u00e9 de Koup\u00e9la ont souhait\u00e9 une action \u00ab\u00a0valorisation du patrimoine\u00a0\u00bb qui pourrait d\u00e9boucher sur la cr\u00e9ation de troupes th\u00e9\u00e2trale et de danse ce qui entre dans les th\u00e8mes retenus par l&rsquo;appel \u00e0 projets du Minist\u00e8re des Affaires Etrang\u00e8res.<\/p>\n<div id=\"attachment_1170\" style=\"width: 310px\" class=\"wp-caption alignleft\"><a href=\"http:\/\/portailsolidarites.fr\/grigny-koupela\/files\/2013\/02\/1408.jpg\"><img loading=\"lazy\" decoding=\"async\" aria-describedby=\"caption-attachment-1170\" class=\"size-medium wp-image-1170\" src=\"http:\/\/portailsolidarites.fr\/grigny-koupela\/files\/2013\/02\/1408-300x168.jpg\" alt=\"\" width=\"300\" height=\"168\" \/><\/a><p id=\"caption-attachment-1170\" class=\"wp-caption-text\">Exutoire d&rsquo;un forage \u00e0 Zorgho : abreuvoir, bassin de d\u00e9cantation et puisard.<\/p><\/div>\n<p>Nous avons rencontr\u00e9 le maire et le service de l&rsquo;eau de la ville voisine de Zorgho, b\u00e9n\u00e9ficiaire d&rsquo;un gros projet \u00ab\u00a0eau et assainissement\u00a0\u00bb de collectivit\u00e9s fran\u00e7aises et qui est un exemple concret de ce que l&rsquo;on peut faire.<\/p>\n<p>Autre rencontre sympathique et \u00e9mouvante, le groupement de femmes du village de Naftenga en attente d&rsquo;un forage pour d\u00e9buter une activit\u00e9 de cultures maraich\u00e8res arros\u00e9es au goutte \u00e0 goutte. Elles esp\u00e8rent ainsi am\u00e9liorer l&rsquo;alimentation de leur famille et d\u00e9gager quelques ressources pour payer la cotisation scolaire, les soins de sant\u00e9, les v\u00eatements &#8230; de leurs enfants.<\/p>\n<div id=\"attachment_1171\" style=\"width: 310px\" class=\"wp-caption alignright\"><a href=\"http:\/\/portailsolidarites.fr\/grigny-koupela\/files\/2013\/02\/1297.jpg\"><img loading=\"lazy\" decoding=\"async\" aria-describedby=\"caption-attachment-1171\" class=\"size-medium wp-image-1171\" src=\"http:\/\/portailsolidarites.fr\/grigny-koupela\/files\/2013\/02\/1297-300x162.jpg\" alt=\"\" width=\"300\" height=\"162\" \/><\/a><p id=\"caption-attachment-1171\" class=\"wp-caption-text\">Quelques femmes de Naftenga.<\/p><\/div>\n<p>Nous avons aussi particip\u00e9 \u00e0 l&rsquo;inauguration du coll\u00e8ge de Liguidi Malguem et iI y a eu beaucoup d&rsquo;autres rencontres organis\u00e9es ou fortuites, des d\u00e9couvertes propos\u00e9es par nos amis du comit\u00e9 de Koup\u00e9la. Ce sera \u00e9voqu\u00e9 dans d&rsquo;autres articles.<\/p>\n<p>Pour terminer, la d\u00e9l\u00e9gation remercie tous ceux qui ont contribu\u00e9 \u00e0 la r\u00e9ussite de cette mission 2013. Les citer tous serait trop long, chacun se reconnaitra. Et maintenant nous devons tous nous mettre au travail pour concr\u00e9tiser nos projets.<\/p>\n<p><em>Bernadette Borel<\/em><\/p>\n<div id=\"attachment_1172\" style=\"width: 310px\" class=\"wp-caption aligncenter\"><a href=\"http:\/\/portailsolidarites.fr\/Koupela\/wp-content\/uploads\/2013\/02\/1411.jpg\"><img loading=\"lazy\" decoding=\"async\" aria-describedby=\"caption-attachment-1172\" class=\"size-medium wp-image-1172 \" src=\"http:\/\/portailsolidarites.fr\/Koupela\/wp-content\/uploads\/2013\/02\/1411-300x168.jpg\" alt=\"\" width=\"300\" height=\"168\" \/><\/a><p id=\"caption-attachment-1172\" class=\"wp-caption-text\">S\u00e9ance de travail \u00e0 la mairie. Au centre, le Maire puis L\u00e9onard Zoungrana, pr\u00e9sident du CCJK et Lazare Tougma.<\/p><\/div>\n<p>&nbsp;<\/p>\n","protected":false},"excerpt":{"rendered":"<p>Nous devions partir \u00e0 7 mais vue la conjoncture internationale, notre groupe s&rsquo;est r\u00e9duit \u00e0 deux couples : Andr\u00e9 Fabre, pr\u00e9sident du comit\u00e9 et son \u00e9pouse Denise, Jean et Bernadette Borel. Mardi 5 f\u00e9vrier, 19h30,\u00a0 l&rsquo;avion s&rsquo;immobilise, le mot Ouagadougou &hellip; <a href=\"http:\/\/portailsolidarites.fr\/Koupela\/2013\/02\/23\/fevrier-2013-mission-a-koupela\/\">Continuer la lecture <span class=\"meta-nav\">&rarr;<\/span><\/a><\/p>\n","protected":false},"author":2,"featured_media":0,"comment_status":"open","ping_status":"open","sticky":false,"template":"","format":"standard","meta":{"_uag_custom_page_level_css":"","footnotes":""},"categories":[13],"tags":[],"class_list":["post-1166","post","type-post","status-publish","format-standard","hentry","category-actu-envir"],"uagb_featured_image_src":{"full":false,"thumbnail":false,"medium":false,"medium_large":false,"large":false,"1536x1536":false,"2048x2048":false,"post-thumbnail":false},"uagb_author_info":{"display_name":"grigny-koupela","author_link":"http:\/\/portailsolidarites.fr\/Koupela\/author\/grigny-koupela\/"},"uagb_comment_info":0,"uagb_excerpt":"Nous devions partir \u00e0 7 mais vue la conjoncture internationale, notre groupe s&rsquo;est r\u00e9duit \u00e0 deux couples : Andr\u00e9 Fabre, pr\u00e9sident du comit\u00e9 et son \u00e9pouse Denise, Jean et Bernadette Borel. Mardi 5 f\u00e9vrier, 19h30,\u00a0 l&rsquo;avion s&rsquo;immobilise, le mot Ouagadougou &hellip; Continuer la lecture &rarr;","_links":{"self":[{"href":"http:\/\/portailsolidarites.fr\/Koupela\/wp-json\/wp\/v2\/posts\/1166","targetHints":{"allow":["GET"]}}],"collection":[{"href":"http:\/\/portailsolidarites.fr\/Koupela\/wp-json\/wp\/v2\/posts"}],"about":[{"href":"http:\/\/portailsolidarites.fr\/Koupela\/wp-json\/wp\/v2\/types\/post"}],"author":[{"embeddable":true,"href":"http:\/\/portailsolidarites.fr\/Koupela\/wp-json\/wp\/v2\/users\/2"}],"replies":[{"embeddable":true,"href":"http:\/\/portailsolidarites.fr\/Koupela\/wp-json\/wp\/v2\/comments?post=1166"}],"version-history":[{"count":0,"href":"http:\/\/portailsolidarites.fr\/Koupela\/wp-json\/wp\/v2\/posts\/1166\/revisions"}],"wp:attachment":[{"href":"http:\/\/portailsolidarites.fr\/Koupela\/wp-json\/wp\/v2\/media?parent=1166"}],"wp:term":[{"taxonomy":"category","embeddable":true,"href":"http:\/\/portailsolidarites.fr\/Koupela\/wp-json\/wp\/v2\/categories?post=1166"},{"taxonomy":"post_tag","embeddable":true,"href":"http:\/\/portailsolidarites.fr\/Koupela\/wp-json\/wp\/v2\/tags?post=1166"}],"curies":[{"name":"wp","href":"https:\/\/api.w.org\/{rel}","templated":true}]}}