{"id":1313,"date":"2013-05-14T19:00:23","date_gmt":"2013-05-14T17:00:23","guid":{"rendered":"http:\/\/portailsolidarites.fr\/grigny-koupela\/?p=1313"},"modified":"2013-05-14T19:00:23","modified_gmt":"2013-05-14T17:00:23","slug":"depuis-le-lundi-6-mai-des-lyceens-en-greve-en-soutien-a-leurs-enseignants","status":"publish","type":"post","link":"http:\/\/portailsolidarites.fr\/Koupela\/2013\/05\/14\/depuis-le-lundi-6-mai-des-lyceens-en-greve-en-soutien-a-leurs-enseignants\/","title":{"rendered":"Depuis le lundi 6 mai, des lyc\u00e9ens en gr\u00e8ve, en soutien \u00e0 leurs enseignants."},"content":{"rendered":"<p>Alors que la p\u00e9riode des examens approchent et que des enseignants las d&rsquo;attendre que d&rsquo;anciennes promesses soient tenues se pr\u00e9parent \u00e0 la gr\u00e8ve, des lyc\u00e9ens \u00e0 Ouaga, Bobo &#8230; craignant que les programmes ne puissent \u00eatre boucl\u00e9s, descendent dans la rue pour soutenir leurs profs.<\/p>\n<p>Vous pouvez lire des Informations du journal <a href=\"http:\/\/www.lobservateur.bf\/index.php?option=com_content&amp;view=article&amp;id=25768:greve-de-soutien-des-scolaires-aux-enseignants-du-secondaire--intifada-a-ouaga&amp;catid=18:societe&amp;Itemid=16\" target=\"_blank\" rel=\"noopener\">L&rsquo;Observateur <\/a>et sur le site du faso.net :<a href=\"http:\/\/www.lobservateur.bf\/index.php?option=com_content&amp;view=article&amp;id=25768:greve-de-soutien-des-scolaires-aux-enseignants-du-secondaire--intifada-a-ouaga&amp;catid=18:societe&amp;Itemid=16\" target=\"_blank\" rel=\"noopener\"><br \/>\n<\/a><\/p>\n<ul>\n<li><a href=\"http:\/\/www.lefaso.net\/spip.php?article54170&amp;rubrique4\" target=\"_blank\" rel=\"noopener\">rencontre du ministre et des chefs d&rsquo;\u00e9tablissement<\/a><\/li>\n<li><a href=\"http:\/\/www.lefaso.net\/spip.php?article54171&amp;rubrique4\" target=\"_blank\" rel=\"noopener\">rumeur ?<\/a><\/li>\n<li>au<a href=\"http:\/\/www.lefaso.net\/spip.php?article54159&amp;rubrique4\"> lyc\u00e9e Zinda Kabor\u00e9<\/a> en plein centre de Ouaga<\/li>\n<\/ul>\n<p>&nbsp;<\/p>\n<p>&nbsp;<\/p>\n","protected":false},"excerpt":{"rendered":"<p>Alors que la p\u00e9riode des examens approchent et que des enseignants las d&rsquo;attendre que d&rsquo;anciennes promesses soient tenues se pr\u00e9parent \u00e0 la gr\u00e8ve, des lyc\u00e9ens \u00e0 Ouaga, Bobo &#8230; craignant que les programmes ne puissent \u00eatre boucl\u00e9s, descendent dans la &hellip; <a href=\"http:\/\/portailsolidarites.fr\/Koupela\/2013\/05\/14\/depuis-le-lundi-6-mai-des-lyceens-en-greve-en-soutien-a-leurs-enseignants\/\">Continuer la lecture <span class=\"meta-nav\">&rarr;<\/span><\/a><\/p>\n","protected":false},"author":2,"featured_media":0,"comment_status":"open","ping_status":"open","sticky":false,"template":"","format":"standard","meta":{"_uag_custom_page_level_css":"","footnotes":""},"categories":[13],"tags":[41],"class_list":["post-1313","post","type-post","status-publish","format-standard","hentry","category-actu-envir","tag-jeunes"],"uagb_featured_image_src":{"full":false,"thumbnail":false,"medium":false,"medium_large":false,"large":false,"1536x1536":false,"2048x2048":false,"post-thumbnail":false},"uagb_author_info":{"display_name":"grigny-koupela","author_link":"http:\/\/portailsolidarites.fr\/Koupela\/author\/grigny-koupela\/"},"uagb_comment_info":0,"uagb_excerpt":"Alors que la p\u00e9riode des examens approchent et que des enseignants las d&rsquo;attendre que d&rsquo;anciennes promesses soient tenues se pr\u00e9parent \u00e0 la gr\u00e8ve, des lyc\u00e9ens \u00e0 Ouaga, Bobo &#8230; craignant que les programmes ne puissent \u00eatre boucl\u00e9s, descendent dans la &hellip; Continuer la lecture &rarr;","_links":{"self":[{"href":"http:\/\/portailsolidarites.fr\/Koupela\/wp-json\/wp\/v2\/posts\/1313","targetHints":{"allow":["GET"]}}],"collection":[{"href":"http:\/\/portailsolidarites.fr\/Koupela\/wp-json\/wp\/v2\/posts"}],"about":[{"href":"http:\/\/portailsolidarites.fr\/Koupela\/wp-json\/wp\/v2\/types\/post"}],"author":[{"embeddable":true,"href":"http:\/\/portailsolidarites.fr\/Koupela\/wp-json\/wp\/v2\/users\/2"}],"replies":[{"embeddable":true,"href":"http:\/\/portailsolidarites.fr\/Koupela\/wp-json\/wp\/v2\/comments?post=1313"}],"version-history":[{"count":0,"href":"http:\/\/portailsolidarites.fr\/Koupela\/wp-json\/wp\/v2\/posts\/1313\/revisions"}],"wp:attachment":[{"href":"http:\/\/portailsolidarites.fr\/Koupela\/wp-json\/wp\/v2\/media?parent=1313"}],"wp:term":[{"taxonomy":"category","embeddable":true,"href":"http:\/\/portailsolidarites.fr\/Koupela\/wp-json\/wp\/v2\/categories?post=1313"},{"taxonomy":"post_tag","embeddable":true,"href":"http:\/\/portailsolidarites.fr\/Koupela\/wp-json\/wp\/v2\/tags?post=1313"}],"curies":[{"name":"wp","href":"https:\/\/api.w.org\/{rel}","templated":true}]}}