{"id":2770,"date":"2016-11-29T18:19:06","date_gmt":"2016-11-29T16:19:06","guid":{"rendered":"http:\/\/portailsolidarites.fr\/grigny-koupela\/?p=2770"},"modified":"2016-11-29T18:19:06","modified_gmt":"2016-11-29T16:19:06","slug":"26-et-27-novembre-2016-20-ans-du-salon-des-vins-et-de-letiquette","status":"publish","type":"post","link":"http:\/\/portailsolidarites.fr\/Koupela\/2016\/11\/29\/26-et-27-novembre-2016-20-ans-du-salon-des-vins-et-de-letiquette\/","title":{"rendered":"26 et 27 novembre 2016, 20 ans du salon des Vins et de l\u2019\u00c9tiquette"},"content":{"rendered":"<div id='gallery-1' class='gallery galleryid-2770 gallery-columns-3 gallery-size-thumbnail'><dl class='gallery-item'>\n\t\t\t<dt class='gallery-icon landscape'>\n\t\t\t\t<a href='http:\/\/portailsolidarites.fr\/Koupela\/2016\/11\/29\/26-et-27-novembre-2016-20-ans-du-salon-des-vins-et-de-letiquette\/19-salon-2016\/'><img loading=\"lazy\" decoding=\"async\" width=\"150\" height=\"150\" src=\"http:\/\/portailsolidarites.fr\/Koupela\/wp-content\/uploads\/2016\/11\/19-SALON-2016-150x150.jpg\" class=\"attachment-thumbnail size-thumbnail\" alt=\"\" aria-describedby=\"gallery-1-2775\" \/><\/a>\n\t\t\t<\/dt>\n\t\t\t\t<dd class='wp-caption-text gallery-caption' id='gallery-1-2775'>\n\t\t\t\tDiscours \u00ab\u00a0protocolaires\u00a0\u00bb d&rsquo;inauguration. De gauche \u00e0 droite, M. Grollemund, consul honoraire du BF ;  Andr\u00e9 Fabre, pr\u00e9sident du comite et Najoua Ayache, adjointe responsable des associations.\n\t\t\t\t<\/dd><\/dl>\n\t\t\t<br style='clear: both' \/>\n\t\t<\/div>\n\n<p>&nbsp;<\/p>\n<p>Les b\u00e9n\u00e9fices du salon ajout\u00e9s \u00e0 la subvention municipale, \u00e0 celles du Minist\u00e8re des Affaires \u00c9trang\u00e8res et du D\u00e9veloppement International et du Fond Eau de la M\u00e9tropole, vont permettre de financer le<a href=\"http:\/\/portailsolidarites.fr\/grigny-koupela\/2016\/02\/07\/un-projet-triennal-pour-le-developpement-de-koupela\/\" target=\"_blank\" rel=\"noopener\"> plan triennal<\/a> 2016-2018.<\/p>\n<p>Pour terminer ce gentil message de\u00a0 monsieur et madame Ferrand du Vouvray : <em>\u00a0\u00bb Nous venons vous remercier pour ces deux journ\u00e9es pass\u00e9es \u00e0 Grigny. Votre organisation est toujours aussi agr\u00e9able et l&rsquo;on se sent bien dans ce salon&#8230; Nous vous remercions tous\u00a0 pour ce que vous faites pour nous et pour le temps consacr\u00e9! Seuls ceux qui pratiquent la vie associative savent ce que cela repr\u00e9sente! Passez tous de belles f\u00eates de fin d&rsquo;ann\u00e9e. A l&rsquo;ann\u00e9e prochaine&#8230;\u00a0\u00bb<\/em><\/p>\n<p>Bernadette BOREL<\/p>\n","protected":false},"excerpt":{"rendered":"<p>&nbsp; Les b\u00e9n\u00e9fices du salon ajout\u00e9s \u00e0 la subvention municipale, \u00e0 celles du Minist\u00e8re des Affaires \u00c9trang\u00e8res et du D\u00e9veloppement International et du Fond Eau de la M\u00e9tropole, vont permettre de financer le plan triennal 2016-2018. Pour terminer ce gentil &hellip; <a href=\"http:\/\/portailsolidarites.fr\/Koupela\/2016\/11\/29\/26-et-27-novembre-2016-20-ans-du-salon-des-vins-et-de-letiquette\/\">Continuer la lecture <span class=\"meta-nav\">&rarr;<\/span><\/a><\/p>\n","protected":false},"author":2,"featured_media":0,"comment_status":"closed","ping_status":"open","sticky":false,"template":"","format":"gallery","meta":{"_uag_custom_page_level_css":"","footnotes":""},"categories":[24],"tags":[45,46],"class_list":["post-2770","post","type-post","status-publish","format-gallery","hentry","category-salons-des-vins","tag-patrimoine","tag-solidarite","post_format-post-format-gallery"],"uagb_featured_image_src":{"full":false,"thumbnail":false,"medium":false,"medium_large":false,"large":false,"1536x1536":false,"2048x2048":false,"post-thumbnail":false},"uagb_author_info":{"display_name":"grigny-koupela","author_link":"http:\/\/portailsolidarites.fr\/Koupela\/author\/grigny-koupela\/"},"uagb_comment_info":0,"uagb_excerpt":"&nbsp; Les b\u00e9n\u00e9fices du salon ajout\u00e9s \u00e0 la subvention municipale, \u00e0 celles du Minist\u00e8re des Affaires \u00c9trang\u00e8res et du D\u00e9veloppement International et du Fond Eau de la M\u00e9tropole, vont permettre de financer le plan triennal 2016-2018. Pour terminer ce gentil &hellip; Continuer la lecture &rarr;","_links":{"self":[{"href":"http:\/\/portailsolidarites.fr\/Koupela\/wp-json\/wp\/v2\/posts\/2770","targetHints":{"allow":["GET"]}}],"collection":[{"href":"http:\/\/portailsolidarites.fr\/Koupela\/wp-json\/wp\/v2\/posts"}],"about":[{"href":"http:\/\/portailsolidarites.fr\/Koupela\/wp-json\/wp\/v2\/types\/post"}],"author":[{"embeddable":true,"href":"http:\/\/portailsolidarites.fr\/Koupela\/wp-json\/wp\/v2\/users\/2"}],"replies":[{"embeddable":true,"href":"http:\/\/portailsolidarites.fr\/Koupela\/wp-json\/wp\/v2\/comments?post=2770"}],"version-history":[{"count":0,"href":"http:\/\/portailsolidarites.fr\/Koupela\/wp-json\/wp\/v2\/posts\/2770\/revisions"}],"wp:attachment":[{"href":"http:\/\/portailsolidarites.fr\/Koupela\/wp-json\/wp\/v2\/media?parent=2770"}],"wp:term":[{"taxonomy":"category","embeddable":true,"href":"http:\/\/portailsolidarites.fr\/Koupela\/wp-json\/wp\/v2\/categories?post=2770"},{"taxonomy":"post_tag","embeddable":true,"href":"http:\/\/portailsolidarites.fr\/Koupela\/wp-json\/wp\/v2\/tags?post=2770"}],"curies":[{"name":"wp","href":"https:\/\/api.w.org\/{rel}","templated":true}]}}