{"id":2826,"date":"2017-03-01T11:35:54","date_gmt":"2017-03-01T09:35:54","guid":{"rendered":"http:\/\/portailsolidarites.fr\/grigny-koupela\/?p=2826"},"modified":"2017-03-01T11:35:54","modified_gmt":"2017-03-01T09:35:54","slug":"couleurs-dafrique-a-la-decouverte-de-la-culture-africaine","status":"publish","type":"post","link":"http:\/\/portailsolidarites.fr\/Koupela\/2017\/03\/01\/couleurs-dafrique-a-la-decouverte-de-la-culture-africaine\/","title":{"rendered":"COULEURS D&rsquo;AFRIQUE : \u00e0 la d\u00e9couverte de la culture africaine"},"content":{"rendered":"<p><strong><a href=\"http:\/\/portailsolidarites.fr\/grigny-koupela\/files\/2017\/03\/Image-1.png\"><img loading=\"lazy\" decoding=\"async\" class=\"alignright wp-image-2831 size-full\" src=\"http:\/\/portailsolidarites.fr\/grigny-koupela\/files\/2017\/03\/Image-1.png\" width=\"794\" height=\"1123\" \/><\/a>14H \u00c0 15H<\/strong><br \/>\n<strong>\u00a0 ATELIER PERCUSSIONS AFRICAINES<\/strong><br \/>\nD\u00e9couverte des percussions (djemb\u00e9, dun dun, maracas) avec Sabri B\u00e9la\u00efd, sur les rythmes del\u2019Afrique de l\u2019Ouest.<br \/>\n<em>Atelier ouvert \u00e0 tous (\u00e0 partir de 5\/6 ans), <\/em><em>sur\u00a0 inscription : 06 22 57 55 53 ou 04 78 46 24 20<br \/>\n<a href=\"http:\/\/portailsolidarites.fr\/grigny-koupela\/files\/2017\/03\/percussions.png\"><img loading=\"lazy\" decoding=\"async\" class=\"alignright size-thumbnail wp-image-2836\" src=\"http:\/\/portailsolidarites.fr\/grigny-koupela\/files\/2017\/03\/percussions-150x150.png\" alt=\"\" width=\"150\" height=\"150\" \/><\/a><br \/>\n<\/em><\/p>\n<p><strong>14H30 \u00c0 15H<br \/>\n<\/strong><strong>RESTITUTION DES ACTIVIT\u00c9S P\u00c9RISCOLAIRES<br \/>\n<\/strong>Th\u00e9\u00e2tre d\u2019ombre, comptines, chansons, exposition&#8230; r\u00e9alis\u00e9s par les \u00e9l\u00e8ves des<br \/>\n\u00e9coles de Grigny.<\/p>\n<p><strong> 15H \u00c0 15H45<br \/>\n\u00c9VEIL MUSICAL EN COMPTINES<\/strong><br \/>\nD\u00e9couverte des comptines africaines avec Tchol Tamba, artiste chanteur qui vous<br \/>\naccompagnera en percussions vocales.<br \/>\n<span style=\"color: #000000\"><em>Tout public \u00e0 partir de 3-4 ans<br \/>\n<\/em><\/span><br \/>\n<strong>16H \u00c0 18H<\/strong><br \/>\n<strong>ATELIER \u00ab\u00a0CARNETS DE VOYAGE\u00a0\u00bb<br \/>\n<\/strong>Encres, aquarelle, fusain, pastel, collage&#8230; avec Quentin Lacoste, venez m\u00e9langer les techniques pour r\u00e9aliser un carnet de voyage collectif. Destination, le Burkina Faso !<br \/>\n<span style=\"color: #000000\"><em>\u00a0Atelier ouvert \u00e0 tous, \u00e0 partir de 8 ans<\/em><\/span><br \/>\n<em>sur inscription 06 22 57 55 53 \/ 04 78 46 24 20<a href=\"http:\/\/portailsolidarites.fr\/grigny-koupela\/files\/2017\/03\/Atelier.png\"><img loading=\"lazy\" decoding=\"async\" class=\"alignright size-thumbnail wp-image-2837\" src=\"http:\/\/portailsolidarites.fr\/grigny-koupela\/files\/2017\/03\/Atelier-150x150.png\" alt=\"\" width=\"150\" height=\"150\" \/><\/a><\/em><\/p>\n<p><strong>16H <\/strong><br \/>\n<strong>CONTES AFRICAINS<\/strong><em><br \/>\n<\/em>Prenez votre envol pour l\u2019Afrique, voyagez avec Fousseni Konat\u00e9, conteur africain. Il vous am\u00e8ne dans la savane et for\u00eat Africaine avec \u00ab Mariama et le python \u00bb&#8230;<br \/>\n<span style=\"color: #ff0000\"><em>\u00a0Libre participation aux frais<br \/>\n<a href=\"http:\/\/portailsolidarites.fr\/grigny-koupela\/files\/2017\/03\/Conteur.png\"><img loading=\"lazy\" decoding=\"async\" class=\"alignleft wp-image-2838 size-thumbnail\" src=\"http:\/\/portailsolidarites.fr\/grigny-koupela\/files\/2017\/03\/Conteur-150x150.png\" width=\"150\" height=\"150\" \/><\/a><br \/>\n<\/em><\/span><\/p>\n<p><strong>17H<\/strong><br \/>\n<strong>\u00a0FILM<\/strong><br \/>\n\u00ab Danse sacr\u00e9e \u00e0 Yaka\u00bb, de Guy-D\u00e9sir\u00e9 Yam\u00e9ogo (2008)<br \/>\nBin\u00e9ta vit avec ses parents \u00e0 Yaka, un petit village du Burkina. Un soir, en rentrant<br \/>\nde l\u2019\u00e9cole, elle apprend qu\u2019elle est promise au vieux Bald\u00e9. Elle d\u00e9cide de s\u2019enfuir<br \/>\nen ville, ce qui n\u2019emp\u00eache pas le mariage d\u2019\u00eatre c\u00e9l\u00e9br\u00e9 en son absence&#8230;<br \/>\n<span style=\"color: #ff0000\">\u00a0Avec la participation de la cin\u00e9math\u00e8que africaine de l\u2019Institut Fran\u00e7ais<\/span><\/p>\n<p><span style=\"color: #ff0000\"><strong>18H45<\/strong><em><br \/>\n<\/em><strong> APERO BAL POUSSI\u00c8RE<\/strong><\/span><br \/>\n<span style=\"color: #000000\"> Invitation \u00e0 la danse et au voyage avec le <\/span><span style=\"color: #000000\">chor\u00e9graphe, Koffi Ahyee et les danseuses de<\/span><br \/>\n<span style=\"color: #000000\"> la cie Djan kadi Fecc. Il suffira de suivre les <\/span><span style=\"color: #000000\">pas de coup\u00e9 d\u00e9cal\u00e9, zouk, afro tonic&#8230; des<\/span><br \/>\n<span style=\"color: #000000\"> danseurs. Bal festif ouvert \u00e0 tous initi\u00e9s ou <\/span><span style=\"color: #000000\">non pour partager la joie de danser. Angata !<br \/>\n<a href=\"http:\/\/portailsolidarites.fr\/grigny-koupela\/files\/2017\/03\/Bal-poussi\u00e8re.png\"><img loading=\"lazy\" decoding=\"async\" class=\"aligncenter wp-image-2839 size-thumbnail\" src=\"http:\/\/portailsolidarites.fr\/grigny-koupela\/files\/2017\/03\/Bal-poussi\u00e8re-150x150.png\" width=\"150\" height=\"150\" \/><\/a><br \/>\n<\/span><\/p>\n<p><strong>20H<\/strong><br \/>\n<strong>REPAS AFRICAIN<\/strong><br \/>\npar l\u2019association de femmes burkinab\u00e9 \u00ab Ko-makarit\u00e9 \u00bb<br \/>\n<span style=\"color: #ff0000\">Menu : potage au boeuf, poulet yassa avec riz, salade de fruits.<\/span><br \/>\n<em>Tarifs : adultes 12 \u20ac \/ enfants : 10 \u20ac, sur r\u00e9servation avant le 12 mars<\/em><\/p>\n<p><strong>21H30<\/strong><br \/>\n<strong>CONCERT<br \/>\n<\/strong><\/p>\n<p>Le groupe Douce mandingue de Y\u00e9l\u00e9k\u00e9 Camara, balaphoniste du groupe Espoirs de Corinthie\u00a0 animera ce concert en compagnie de la danseuse Fanta Inakamara. Il remplacera Sory Diabat\u00e9 initialement pr\u00e9vu qui n\u2019a pu se rendre libre. \u00a0. De la bonne musique traditionnelle mandingue\u2026..<br \/>\n<span style=\"color: #ff0000\"><em>Tarifs : adultes 10 \u20ac \/ enfants : 6 \u20ac<a href=\"http:\/\/portailsolidarites.fr\/grigny-koupela\/files\/2017\/03\/Concert.png\"><img loading=\"lazy\" decoding=\"async\" class=\"alignright size-thumbnail wp-image-2840\" src=\"http:\/\/portailsolidarites.fr\/grigny-koupela\/files\/2017\/03\/Concert-150x150.png\" alt=\"\" width=\"150\" height=\"150\" \/><\/a><\/em><\/span><\/p>\n<p><strong>14H A 19H <\/strong><br \/>\n<strong>\u00a0PETIT MARCH\u00c9 AFRICAIN<\/strong><em><br \/>\n<\/em>Artisans du Monde (commerce \u00e9quitable) &#8211; Tresses africaines &#8211; Tatouages au henn\u00e9<br \/>\nnaturel &#8211; Artisanat africain (association Kouroubi Faso) &#8211; Karit\u00e9 nature Alimata<br \/>\nCompaore (beurre de karit\u00e9 &amp; produits cosm\u00e9tiques) &#8211; Librairie La Voie aux Chapitres<br \/>\n(litt\u00e9rature africaine, livres enfants) &#8211; R\u00e9gine Napo Ainsi Fon (tableaux de tissus du<br \/>\nb\u00e9nin) &#8211; Artisanat Burkinab\u00e9 &#8211; Quat\u2019rues Tee-shirts en coton (commerce \u00e9quitable) &#8211;<br \/>\nComit\u00e9 de jumelage Grigny-Koupela&#8230;<\/p>\n<p><strong>14H A 19H\u00a0<\/strong><br \/>\n<strong> EXPOSITION DE QUENTIN LACOSTE<\/strong><em><br \/>\n<\/em><span style=\"color: #ff0000\">Couleurs d\u2019Afrique avec la participation de la compagnie Djian Kadi Fesc<\/span><br \/>\n<span style=\"color: #ff0000\">(\u00ab la rencontre est belle \u00bb en langue bambara et wolof) et des associations Kouroubiet Jigi<br \/>\n<a href=\"http:\/\/portailsolidarites.fr\/grigny-koupela\/files\/2017\/03\/Quentin-1.png\"><img loading=\"lazy\" decoding=\"async\" class=\"alignright size-thumbnail wp-image-2843\" src=\"http:\/\/portailsolidarites.fr\/grigny-koupela\/files\/2017\/03\/Quentin-1-150x150.png\" alt=\"\" width=\"150\" height=\"150\" \/><\/a><br \/>\n<\/span><\/p>\n<p><a href=\"http:\/\/portailsolidarites.fr\/grigny-koupela\/files\/2017\/03\/Quentin-2.png\"><img loading=\"lazy\" decoding=\"async\" class=\"alignright size-thumbnail wp-image-2844\" src=\"http:\/\/portailsolidarites.fr\/grigny-koupela\/files\/2017\/03\/Quentin-2-150x150.png\" alt=\"\" width=\"150\" height=\"150\" \/><\/a>______________________________________________________________________<\/p>\n<p><span style=\"color: #000080\"><strong>TARIFS<\/strong><\/span><em><br \/>\n<span style=\"color: #000080\"><strong>Adultes :<\/strong> repas 12 \u20ac \/ concert 10 \u20ac \/ repas + concert 20 \u20ac (r\u00e9duction : \u00e9tudiants, ch\u00f4meurs) \/ <strong>Enfants :<\/strong> repas 10 \u20ac \/ concert 6 \u20ac \/ repas + concert 15 \u20ac.<\/span><br \/>\n<span style=\"color: #000080\">Repas r\u00e9servations avant le 12 mars au 04 78 02 87 39 &#8211; 04 78 46 24 20 &#8211; 06 22 57 55 53. Tickets repas \u00e0 retirer le jour m\u00eame, avant 19h.<\/span><br \/>\n____________________________________________________________________________<\/em><\/p>\n<p><strong>EXPOSITION DE PEINTURES<\/strong><br \/>\n<strong> M\u00c9DIATHEQUE L\u00c9O FERR\u00c9 DU 14 AU 21 MARS<\/strong><br \/>\n<span style=\"color: #ff0000\">Quentin Lacoste<\/span><br \/>\n<strong><span style=\"color: #ff0000\"> Illustrateur, graphiste, plasticien www.dejant-kreation.com<br \/>\n<\/span><\/strong><strong>\u00ab Clich\u00e9s \u00bb<\/strong><em><br \/>\nDessins et peintures extraits de \u00ab Je danse avec \u00bb, s\u00e9rie sur la danse et le portrait, s\u00e9lection orient\u00e9e pour l\u2019occasion vers le continent africain.<br \/>\nInfluenc\u00e9, bon gr\u00e9 mal gr\u00e9, par mes voyages (en Afrique surtout), mon go\u00fbt pour le corps, en particulier lorsqu\u2019il danse, et une sorte d\u2019obligation humaniste un peu d\u00e9su\u00e8te (voire encombrante), je dessine et peints en me m\u00e9langeant pas mal les pinceaux. Il en ressort des<br \/>\ntoiles jamais finies, toujours en mouvement. Et le plaisir de dire beaucoup de choses sans se<br \/>\nsoucier d\u2019avoir \u00e0 \u00eatre compris.\u00bb<\/em><\/p>\n<p>Techniques mixtes (aquarelle, acrylique, pastels, crayons&#8230;) sur diff\u00e9rents supports.<\/p>\n<p>___________________________________________________________________<\/p>\n<p>&nbsp;<\/p>\n<p><strong>COMIT\u00c9 DE JUMELAGE GRIGNY &#8211; KOUPELA<br \/>\n<\/strong><br \/>\nEn 1999 et 2000 Grigny et Koupela, se sont jumel\u00e9es dans le cadre de la coop\u00e9ration<br \/>\nd\u00e9centralis\u00e9e. N\u00e9 en 1997, le Comit\u00e9 de jumelage regroupe des \u00e9lus, des repr\u00e9sentants<br \/>\nd\u2019associations et d\u2019\u00e9coles et des citoyens. Gr\u00e2ce \u00e0 la subvention annuelle de la<br \/>\nmunicipalit\u00e9 et aux r\u00e9sultats du Salon des vins, le comit\u00e9 de jumelage soutien de<br \/>\nnombreux projets \u00e0 Koupela.<br \/>\nEn 2016 nos dossiers d\u00e9pos\u00e9s aupr\u00e8s du Minist\u00e8re des Affaires \u00c9trang\u00e8res et du Fonds Eau<br \/>\nde la M\u00e9tropole de Lyon ont \u00e9t\u00e9 accept\u00e9s. Un plan triennal 2016 \u2013 2018 est donc lanc\u00e9 pour<br \/>\nle d\u00e9veloppement durable (forages, latrines familiales, latrines Ecosan, num\u00e9risation de<em><br \/>\n<\/em>l\u2019\u00e9tat civil, formation \u00e0 l\u2019agro \u00e9cologie, programmes de formation et de sensibilisation&#8230;)<br \/>\n\u00e0 Koupela.<br \/>\n<em><br \/>\n<span style=\"color: #ff0000\">Comit\u00e9 de Jumelage Grigny-Koupela H\u00f4tel de Ville &#8211; 3 av. J.Estragnat 69520 Grigny<\/span><br \/>\n<span style=\"color: #ff0000\">grignykoupela@laposte.net \/ www.portailsolidarites.fr \/ www.mairie-grigny69.fr\/<\/span><\/em><\/p>\n<p><span style=\"color: #ff0000\">Andr\u00e9 Fabre 06 78 51 62 54 \/ Annie Jequier 06 22 57 55 53 \/ M\u00e9lanie Lapalus 06 73 44 26 22<\/span><br \/>\n<span style=\"color: #ff0000\"><strong>Parrainages cantines :<\/strong> Genevi\u00e8ve Gonzato 04 78 46 24 20<\/span><\/p>\n","protected":false},"excerpt":{"rendered":"<p>14H \u00c0 15H \u00a0 ATELIER PERCUSSIONS AFRICAINES D\u00e9couverte des percussions (djemb\u00e9, dun dun, maracas) avec Sabri B\u00e9la\u00efd, sur les rythmes del\u2019Afrique de l\u2019Ouest. Atelier ouvert \u00e0 tous (\u00e0 partir de 5\/6 ans), sur\u00a0 inscription : 06 22 57 55 53 &hellip; <a href=\"http:\/\/portailsolidarites.fr\/Koupela\/2017\/03\/01\/couleurs-dafrique-a-la-decouverte-de-la-culture-africaine\/\">Continuer la lecture <span class=\"meta-nav\">&rarr;<\/span><\/a><\/p>\n","protected":false},"author":2,"featured_media":0,"comment_status":"closed","ping_status":"open","sticky":false,"template":"","format":"standard","meta":{"_uag_custom_page_level_css":"","footnotes":""},"categories":[26,6],"tags":[],"class_list":["post-2826","post","type-post","status-publish","format-standard","hentry","category-co-afr","category-manifestations"],"uagb_featured_image_src":{"full":false,"thumbnail":false,"medium":false,"medium_large":false,"large":false,"1536x1536":false,"2048x2048":false,"post-thumbnail":false},"uagb_author_info":{"display_name":"grigny-koupela","author_link":"http:\/\/portailsolidarites.fr\/Koupela\/author\/grigny-koupela\/"},"uagb_comment_info":0,"uagb_excerpt":"14H \u00c0 15H \u00a0 ATELIER PERCUSSIONS AFRICAINES D\u00e9couverte des percussions (djemb\u00e9, dun dun, maracas) avec Sabri B\u00e9la\u00efd, sur les rythmes del\u2019Afrique de l\u2019Ouest. Atelier ouvert \u00e0 tous (\u00e0 partir de 5\/6 ans), sur\u00a0 inscription : 06 22 57 55 53 &hellip; Continuer la lecture &rarr;","_links":{"self":[{"href":"http:\/\/portailsolidarites.fr\/Koupela\/wp-json\/wp\/v2\/posts\/2826","targetHints":{"allow":["GET"]}}],"collection":[{"href":"http:\/\/portailsolidarites.fr\/Koupela\/wp-json\/wp\/v2\/posts"}],"about":[{"href":"http:\/\/portailsolidarites.fr\/Koupela\/wp-json\/wp\/v2\/types\/post"}],"author":[{"embeddable":true,"href":"http:\/\/portailsolidarites.fr\/Koupela\/wp-json\/wp\/v2\/users\/2"}],"replies":[{"embeddable":true,"href":"http:\/\/portailsolidarites.fr\/Koupela\/wp-json\/wp\/v2\/comments?post=2826"}],"version-history":[{"count":0,"href":"http:\/\/portailsolidarites.fr\/Koupela\/wp-json\/wp\/v2\/posts\/2826\/revisions"}],"wp:attachment":[{"href":"http:\/\/portailsolidarites.fr\/Koupela\/wp-json\/wp\/v2\/media?parent=2826"}],"wp:term":[{"taxonomy":"category","embeddable":true,"href":"http:\/\/portailsolidarites.fr\/Koupela\/wp-json\/wp\/v2\/categories?post=2826"},{"taxonomy":"post_tag","embeddable":true,"href":"http:\/\/portailsolidarites.fr\/Koupela\/wp-json\/wp\/v2\/tags?post=2826"}],"curies":[{"name":"wp","href":"https:\/\/api.w.org\/{rel}","templated":true}]}}