{"id":3669,"date":"2020-10-12T10:20:29","date_gmt":"2020-10-12T08:20:29","guid":{"rendered":"http:\/\/portailsolidarites.fr\/grigny-koupela\/?p=3669"},"modified":"2020-10-12T10:20:29","modified_gmt":"2020-10-12T08:20:29","slug":"salon-des-vins-2020","status":"publish","type":"post","link":"http:\/\/portailsolidarites.fr\/Koupela\/2020\/10\/12\/salon-des-vins-2020\/","title":{"rendered":"Salon des vins de Grigny 69"},"content":{"rendered":"<p><span style=\"font-family: Times New Roman, serif;\">Bonjour,<br \/>\nPeut-\u00eatre faites-vous partie de ces nombreux <\/span><span style=\"font-family: Times New Roman, serif;\">et <\/span><span style=\"font-family: Times New Roman, serif;\">fid\u00e8les visiteurs du <\/span><span style=\"font-family: Times New Roman, serif;\"><b>Salon des Vins et Produits du<\/b><\/span> <span style=\"font-family: Times New Roman, serif;\"><b>Terroir de GRIGNY<\/b><\/span><span style=\"font-family: Times New Roman, serif;\"> 69520 (15 km au sud de Lyon) organis\u00e9, <\/span><span style=\"font-family: Times New Roman, serif;\">chaque ann\u00e9e,<\/span><span style=\"font-family: Times New Roman, serif;\"> par le <\/span><span style=\"font-family: Times New Roman, serif;\"><b>Comit\u00e9 de<\/b><\/span> <span style=\"font-family: Times New Roman, serif;\"><b>Jumelage Grigny-Koupela<\/b><\/span><span style=\"font-family: Times New Roman, serif;\">. <\/span><span style=\"font-family: Times New Roman, serif;\">Un<\/span><b> <\/b><span style=\"font-family: Times New Roman, serif;\">salon convivial et solidaire <\/span><span style=\"font-family: Times New Roman, serif;\">qui <\/span><span style=\"font-family: Times New Roman, serif;\">aurait pu f\u00eater sa<\/span><span style=\"font-family: Times New Roman, serif;\"> 24 \u00e8me \u00e9dition <\/span><span style=\"font-family: Times New Roman, serif;\">en novembre prochain<\/span><span style=\"font-family: Times New Roman, serif;\">.<br \/>\n<\/span><span style=\"font-family: Times New Roman, serif;\">Comme bon nombre d\u2019associations, <\/span><span style=\"font-family: Times New Roman, serif;\">notre comit\u00e9 <\/span><span style=\"font-family: Times New Roman, serif;\">subit la crise du Covid-19. <\/span><span style=\"font-family: Times New Roman, serif;\">Et f<\/span><span style=\"font-family: Times New Roman, serif;\">ace \u00e0 cette situation sanitaire pr\u00e9occupante, <strong>nous avons d\u00fb nous r\u00e9soudre \u00e0 annuler <\/strong><\/span><strong><span style=\"font-family: Times New Roman, serif;\">le<\/span><\/strong><span style=\"font-family: Times New Roman, serif;\"><strong> salon pr\u00e9vu les 28 et 29<\/strong> <strong>novembre 2020<\/strong>.<\/span> <span style=\"font-family: Times New Roman, serif;\"> En effet, le d\u00e9veloppement de la crise du <\/span><span style=\"font-family: Times New Roman, serif;\">C<\/span><span style=\"font-family: Times New Roman, serif;\">oronavirus, <\/span><span style=\"color: #000000;\"><span style=\"font-family: Times New Roman, serif;\"><span style=\"font-size: medium;\">les contraintes li\u00e9es au d\u00e9ploiement du protocole sanitaire, l\u2019incertitude quant \u00e0 l\u2019\u00e9volution des autorisations pr\u00e9fectorales, l\u2019impossibilit\u00e9 d\u2019assurer la convivialit\u00e9 de ce salon ont conduit le Conseil d\u2019Administration \u00e0 prendre cette triste mais sage d\u00e9cision.<\/span><\/span><\/span><\/p>\n<div id=\"attachment_3840\" style=\"width: 160px\" class=\"wp-caption alignright\"><a href=\"http:\/\/portailsolidarites.fr\/Koupela\/wp-content\/uploads\/2020\/10\/124844982_2696330787295564_1784038366649626232_o.jpg\"><img loading=\"lazy\" decoding=\"async\" aria-describedby=\"caption-attachment-3840\" class=\"wp-image-3840 size-thumbnail\" src=\"http:\/\/portailsolidarites.fr\/Koupela\/wp-content\/uploads\/2020\/10\/124844982_2696330787295564_1784038366649626232_o-150x150.jpg\" alt=\"\" width=\"150\" height=\"150\" \/><\/a><p id=\"caption-attachment-3840\" class=\"wp-caption-text\">Ce que vous ne verrez pas cette ann\u00e9e<\/p><\/div>\n<p><span style=\"color: #000000;\"><span style=\"font-family: Times New Roman, serif;\"><span style=\"font-size: medium;\">Cette annulation repr\u00e9sente pour nos amis viticulteurs et artisans de produits du terroir <strong>un<\/strong> <strong>manque \u00e0 gagner certain<\/strong>. Beaucoup <\/span><\/span><\/span><span style=\"font-family: Times New Roman, serif;\">(comme de nombreuses personnes et peut-\u00eatre certains d&rsquo;entre vous)<\/span><span style=\"color: #000000;\"><span style=\"font-family: Times New Roman, serif;\"><span style=\"font-size: medium;\"> se trouvent dans une situation \u00e9conomique plus que pr\u00e9caire et ne savent pas de quoi demain sera fait.<\/span><\/span><\/span><\/p>\n<p><span style=\"color: #000000;\"><span style=\"font-family: Times New Roman, serif;\"><span style=\"font-size: medium;\">Pour nous, Comit\u00e9 de Jumelage, c\u2019est une perte \u00e9norme de fonds puisque, vous le savez, ce salon repr\u00e9sente<strong> notre principale source de revenus<\/strong> (avec la subvention municipale dans le cadre de la coop\u00e9ration d\u00e9centralis\u00e9e) qui permettent le<strong> financement de nombreux<\/strong> <strong>projets dans notre ville jumelle Koupela, au Burkina-Faso<\/strong>. <\/span><\/span><\/span><span style=\"font-family: Times New Roman, serif;\">Nous venons de financer la construction de 7 classes mais il en manque encore beaucoup dans une commune de 80 000 habitants dont plus de la moiti\u00e9 sont des enfants.<br \/>\n<\/span><br \/>\n<span style=\"color: #000000;\"><span style=\"font-family: Times New Roman, serif;\"><span style=\"font-size: medium;\">C\u2019est pourquoi, nous faisons <strong>appel \u00e0 votre solidarit\u00e9 qui peut s\u2019exprimer de deux fa\u00e7ons\u00a0<\/strong>:<\/span><\/span><\/span><\/p>\n<p><span style=\"color: #000000;\"><span style=\"font-family: Times New Roman, serif;\"><span style=\"font-size: medium;\">1. Vous pouvez <strong>passer vos commandes aupr\u00e8s de nos fid\u00e8les exposants<\/strong>. Ils vous expliqueront les modalit\u00e9s de livraison que chacun envisage.<br \/>\nVous trouverez de plus amples renseignements sur les domaines et produits propos\u00e9s <\/span><\/span><\/span><a href=\"http:\/\/portailsolidarites.fr\/grigny-koupela\/2020\/10\/10\/champagne\/\"><span style=\"color: #000000;\"><span style=\"font-family: Times New Roman, serif;\"><span style=\"font-size: medium;\"><span style=\"color: #0000ff;\">en<\/span> <span style=\"color: #0000ff;\">ouvrant ce lien ou en visitant notre rubrique \u00ab\u00a0Exposants\u00a0\u00bb.<\/span><\/span><\/span><\/span><\/a><\/p>\n<p><span style=\"font-family: Times New Roman, serif;\">2. Vous pouvez, \u00e9galement, apporter votre soutien au Comit\u00e9 de Jumelage <strong>en faisant un don<\/strong> <strong>solidaire <\/strong><span style=\"color: #ff0000;\">*<\/span> (re\u00e7u fiscal envoy\u00e9 au mois de mars) pour les projets \u00e0 Koupela ou les cantines scolaires (chaque jour, nous assurons un repas \u00e0 plus de 2000 enfants) .<br \/>\n<\/span><\/p>\n<p><span style=\"font-family: Times New Roman, serif;\"><span style=\"color: #ff0000;\">*<\/span><em> ch\u00e8que \u00e0 l\u2019ordre de Comit\u00e9 de Jumelage Grigny-Koupela<br \/>\n<\/em>H\u00f4tel de ville 3, Avenue Jean Estragnat 69520 GRIGNY<\/span><\/p>\n<p><span style=\"font-family: Times New Roman, serif;\">Nous vous donnons rendez-vous en 2021 (27 et 28 novembre) pour un magnifique salon des vins solidaire et convivial.<\/span><\/p>\n<p><span style=\"font-family: Times New Roman, serif;\">Portez-vous bien et prenez soin de vous.<\/span><\/p>\n<p><span style=\"font-family: Times New Roman, serif;\">Bien cordialement<\/span><\/p>\n<p><span style=\"font-family: Times New Roman, serif;\">M\u00e9lanie Lapalus, pr\u00e9sidente du comit\u00e9<br \/>\n<\/span><span style=\"font-family: Times New Roman, serif;\">Andr\u00e9 Fabre, vice-pr\u00e9sident charg\u00e9 de l\u2019organisation du salon<\/span><\/p>\n","protected":false},"excerpt":{"rendered":"<p>Bonjour, Peut-\u00eatre faites-vous partie de ces nombreux et fid\u00e8les visiteurs du Salon des Vins et Produits du Terroir de GRIGNY 69520 (15 km au sud de Lyon) organis\u00e9, chaque ann\u00e9e, par le Comit\u00e9 de Jumelage Grigny-Koupela. Un salon convivial et &hellip; <a href=\"http:\/\/portailsolidarites.fr\/Koupela\/2020\/10\/12\/salon-des-vins-2020\/\">Continuer la lecture <span class=\"meta-nav\">&rarr;<\/span><\/a><\/p>\n","protected":false},"author":4,"featured_media":0,"comment_status":"closed","ping_status":"open","sticky":false,"template":"","format":"standard","meta":{"_uag_custom_page_level_css":"","footnotes":""},"categories":[24,6],"tags":[],"class_list":["post-3669","post","type-post","status-publish","format-standard","hentry","category-salons-des-vins","category-manifestations"],"uagb_featured_image_src":{"full":false,"thumbnail":false,"medium":false,"medium_large":false,"large":false,"1536x1536":false,"2048x2048":false,"post-thumbnail":false},"uagb_author_info":{"display_name":"G\u00e9rard ARNAUD","author_link":"http:\/\/portailsolidarites.fr\/Koupela\/author\/gerarnaud\/"},"uagb_comment_info":0,"uagb_excerpt":"Bonjour, Peut-\u00eatre faites-vous partie de ces nombreux et fid\u00e8les visiteurs du Salon des Vins et Produits du Terroir de GRIGNY 69520 (15 km au sud de Lyon) organis\u00e9, chaque ann\u00e9e, par le Comit\u00e9 de Jumelage Grigny-Koupela. Un salon convivial et &hellip; Continuer la lecture &rarr;","_links":{"self":[{"href":"http:\/\/portailsolidarites.fr\/Koupela\/wp-json\/wp\/v2\/posts\/3669","targetHints":{"allow":["GET"]}}],"collection":[{"href":"http:\/\/portailsolidarites.fr\/Koupela\/wp-json\/wp\/v2\/posts"}],"about":[{"href":"http:\/\/portailsolidarites.fr\/Koupela\/wp-json\/wp\/v2\/types\/post"}],"author":[{"embeddable":true,"href":"http:\/\/portailsolidarites.fr\/Koupela\/wp-json\/wp\/v2\/users\/4"}],"replies":[{"embeddable":true,"href":"http:\/\/portailsolidarites.fr\/Koupela\/wp-json\/wp\/v2\/comments?post=3669"}],"version-history":[{"count":0,"href":"http:\/\/portailsolidarites.fr\/Koupela\/wp-json\/wp\/v2\/posts\/3669\/revisions"}],"wp:attachment":[{"href":"http:\/\/portailsolidarites.fr\/Koupela\/wp-json\/wp\/v2\/media?parent=3669"}],"wp:term":[{"taxonomy":"category","embeddable":true,"href":"http:\/\/portailsolidarites.fr\/Koupela\/wp-json\/wp\/v2\/categories?post=3669"},{"taxonomy":"post_tag","embeddable":true,"href":"http:\/\/portailsolidarites.fr\/Koupela\/wp-json\/wp\/v2\/tags?post=3669"}],"curies":[{"name":"wp","href":"https:\/\/api.w.org\/{rel}","templated":true}]}}