{"id":3849,"date":"2021-01-27T10:53:11","date_gmt":"2021-01-27T09:53:11","guid":{"rendered":"http:\/\/portailsolidarites.fr\/grigny-koupela\/?p=3849"},"modified":"2021-01-27T10:53:11","modified_gmt":"2021-01-27T09:53:11","slug":"des-nouvelles-de-koupela-janvier-2021","status":"publish","type":"post","link":"http:\/\/portailsolidarites.fr\/Koupela\/2021\/01\/27\/des-nouvelles-de-koupela-janvier-2021\/","title":{"rendered":"Des nouvelles de Koupela. Janvier 2021"},"content":{"rendered":"<p><span style=\"font-size: large;\"><b>\u00a0 Article de la page Facebook de la mairie de Koupela<a href=\"http:\/\/portailsolidarites.fr\/Koupela\/wp-content\/uploads\/2017\/06\/Logo_KOUPELA1-4.jpg\"><img loading=\"lazy\" decoding=\"async\" class=\"alignright wp-image-2920 size-thumbnail\" src=\"http:\/\/portailsolidarites.fr\/Koupela\/wp-content\/uploads\/2017\/06\/Logo_KOUPELA1-4-150x150.jpg\" alt=\"\" width=\"150\" height=\"150\" \/><\/a><\/b><\/span><\/p>\n<p><em><span style=\"font-family: Times New Roman, serif;\"><span style=\"font-size: medium;\">Source: <\/span><\/span><a href=\"http:\/\/lefaso.net\/?fbclid=IwAR0TuAvJEFnK0xP6-o6aDmuYFFWQ5nzpGMm0ptr6uQhjkp9BNAHAUg6l-90\" target=\"_blank\" rel=\"noopener\"><span style=\"color: #0000ff;\"><span style=\"font-family: Times New Roman, serif;\"><span style=\"font-size: medium;\"><u>lefaso.net<\/u><\/span><\/span><\/span><\/a><\/em><\/p>\n<p><span style=\"font-family: Times New Roman, serif;\"><span style=\"font-size: medium;\"><strong>La ville de Koup\u00e9la est d\u00e9sign\u00e9e 3e commune urbaine du Concours d\u2019excellence pour la gouvernance locale (COPEGOL).<\/strong> <strong>Son maire, Harouna Tirogo, lui, est d\u00e9sign\u00e9 meilleur administrateur en mati\u00e8re de d\u00e9veloppement local selon le prix africain du d\u00e9veloppement (PADEV)<\/strong><\/span><\/span><\/p>\n<p><span style=\"font-family: Times New Roman, serif;\"><span style=\"font-size: medium;\">La commune de Koupela est situ\u00e9e \u00e0 140 Km de Ouagadougou dans la r\u00e9gion du Centre-Est. Harouna Tirogo est le premier responsable de la commune. Il occupe ce poste depuis le d\u00e9c\u00e8s de l\u2019ancien maire Simplice Dambr\u00e9 en 2017.<br \/>\n<\/span><\/span><span style=\"font-family: Times New Roman, serif;\"><span style=\"font-size: medium;\">Sous la banni\u00e8re du MPP, parti au pouvoir, Harouna Tirogo a d\u2019abord \u00e9t\u00e9 le 1er adjoint au maire, Simplice Dambr\u00e9. M. Tirogo parle toujours de son pr\u00e9d\u00e9cesseur avec d\u00e9f\u00e9rence. Il ne le consid\u00e8re d\u2019ailleurs pas comme un camarade politique, mais comme son fr\u00e8re. Pour lui l\u2019ex maire fut \u00ab\u00a0un grand serviteur\u00a0\u00bb, \u00ab\u00a0un fid\u00e8le collaborateur\u00a0\u00bb. Son d\u00e9c\u00e8s a \u00e9t\u00e9 \u00ab\u00a0un choc\u00a0\u00bb. A l\u2019entendre, Simplice Dambr\u00e9 a \u00e9t\u00e9 pour lui ce que la racine est pour l\u2019arbre.<\/span><\/span><\/p>\n<p><span style=\"font-family: Times New Roman, serif;\"><span style=\"font-size: medium;\">Apr\u00e8s 3 ans de gestion, le maire de Koupela pense que son Conseil municipal a fait un grand travail. Dans le plan communal de d\u00e9veloppement, le Conseil municipal a r\u00e9alis\u00e9 28 salles de classes dans les villages de Ligdmalgem, Nayamtenga, Toulgou et Bouangtenga. Un Conseil qui a aussi offert 390 tables-bancs aux \u00e9tablissements scolaires de la commune.<br \/>\n<\/span><\/span><span style=\"font-family: Times New Roman, serif;\"><span style=\"font-size: medium;\">Jeune maire, Harouna Tirogo dit n\u2019avoir pas oubli\u00e9 les jeunes de sa commune avec de nombreux projets en leur faveur et d\u2019autres en cours de r\u00e9alisations. Au regard des grandes actions r\u00e9alis\u00e9es, le Concours d\u2019excellence pour la gouvernance locale, COPEGOL a identifi\u00e9 en 2018, Koupela 3e sur 49 communes. Le Prix africain de d\u00e9veloppement, PADEV 2020, a port\u00e9 son choix sur Harouna Tirago comme meilleur administrateur en mati\u00e8re de d\u00e9veloppement local dans l\u2019espace CEDEAO.<br \/>\n<\/span><\/span><span style=\"font-family: Times New Roman, serif;\"><span style=\"font-size: medium;\">Des difficult\u00e9s<br \/>\n<\/span><\/span><span style=\"font-family: Times New Roman, serif;\"><span style=\"font-size: medium;\">Cependant, l\u2019arbre ne doit pas cacher la for\u00eat. La foul\u00e9e des lotissements est au c\u0153ur de la gestion communale C\u2019est l\u2019une des difficult\u00e9s de la commune. Le maire se dit inquiet par rapport \u00e0 la loi sur le foncier qui dit que la terre appartient aux collectivit\u00e9s, l\u2019Etat et aux propri\u00e9taires terriens. Pour lui, cette loi est un frein au lotissement. Elle limite les forces des collectivit\u00e9s territoriales, regrette le maire Tirogo.<\/span><\/span><\/p>\n<p><span style=\"font-family: Times New Roman, serif;\"><span style=\"font-size: medium;\"><strong>La question de l\u2019hygi\u00e8ne et de l\u2019assainissement est une autre pr\u00e9occupation de la commune.<\/strong> C\u2019est une \u00ab\u00a0priorit\u00e9\u00a0\u00bb pour la ville de Koup\u00e9la, reconnait le maire. Mais la plus grosse difficult\u00e9 est li\u00e9e aux ressources budg\u00e9taires. Harouna Tirogo invite la population de sa commune \u00e0 la mobilisation. Les partenaires et ONG qui peuvent les accompagner dans ce domaine sont les bienvenus, indique l\u2019\u00e9dile de la commune.<\/span><\/span><\/p>\n<p><span style=\"font-family: Times New Roman, serif;\"><span style=\"font-size: medium;\">Concernant processus de d\u00e9centralisation, le transfert de comp\u00e9tence et de ressources, Harouna Tirogo pense qu\u2019il y a des comp\u00e9tences mais il y a une absence de ressources. Comme pour ne pas arranger les choses, il y a le \u00ab\u00a0conflit de leadership entre la pr\u00e9fecture et les collectivit\u00e9s\u00a0\u00bb qui vient se greffer aux probl\u00e8mes qui existent d\u00e9j\u00e0. \u00ab\u00a0Il y a une confusion totale\u00a0\u00bb. Dans le domaine pr\u00e9cis du sport, de la sant\u00e9, de l\u2019\u00e9ducation, les affectations des agents sont confi\u00e9es au pr\u00e9fet pendant que le comit\u00e9 villageois de d\u00e9veloppement accompagne ces m\u00eames agents affect\u00e9s. L\u2019\u00e9tat de la d\u00e9centralisation n\u2019est pas au beau fixe.<\/span><\/span><\/p>\n<p><span style=\"font-family: Times New Roman, serif;\"><span style=\"font-size: medium;\">Harouna Tirogo appelle \u00e0 l\u2019union sacr\u00e9e des fils et fille de sa commune et sollicite l\u2019accompagnement des uns et des autres pour la bonne marche de la commune de Koupela.<\/span><\/span><\/p>\n<p><span style=\"font-family: Times New Roman, serif;\"><span style=\"font-size: medium;\">G\u00e9rard BEOGO<br \/>\n<\/span><\/span><span style=\"font-family: Times New Roman, serif;\"><span style=\"font-size: medium;\">Collaborateur<\/span><\/span><\/p>\n<p><span style=\"font-size: large;\"><b>Centre Naaba Zanr\u00e9\u00a0: Une bien belle exp\u00e9rience \u00e0 Koupela<\/b><\/span><\/p>\n<p><a href=\"http:\/\/portailsolidarites.fr\/grigny-koupela\/files\/2021\/01\/photo-1.jpg\"><img loading=\"lazy\" decoding=\"async\" class=\"alignright size-medium wp-image-3852\" src=\"http:\/\/portailsolidarites.fr\/grigny-koupela\/files\/2021\/01\/photo-1-300x159.jpg\" alt=\"\" width=\"300\" height=\"159\" \/><\/a>Notre ami et cher pr\u00e9sident du comit\u00e9 local de jumelage de Koupela, L\u00e9onard Zoungrana, est \u00e0 l\u2019origine d\u2019<strong>une exp\u00e9rience<\/strong> <strong>agricole bien int\u00e9ressante<\/strong>. Il nous a sembl\u00e9 utile de la porter \u00e0 la connaissance de tous.<\/p>\n<p>L\u00e9onard nous explique\u00a0:<br \/>\n<span style=\"color: #943634;\"><span style=\"font-family: Times New Roman, serif;\"><i><b>\u00ab\u00a0<\/b><\/i><\/span><\/span><span style=\"color: #943634;\"><span style=\"font-family: Times New Roman, serif;\"><span style=\"font-size: medium;\"><i><b>La cr\u00e9ation du CENAZA(Centre Naaba Zanr\u00e9) est une initiative personnelle soutenue par la famille et toutes les bonnes volont\u00e9s qui se reconnaissent \u00e0 travers ce chef de Koupela (d\u00e9c\u00e9d\u00e9 1973) et qui fut notre grand p\u00e8re. Il se nommait Zoungrana Albert Tilaado.<\/b><\/i><\/span><\/span><\/span><\/p>\n<p><span style=\"color: #943634;\"><span style=\"font-family: Times New Roman, serif;\"><span style=\"font-size: medium;\"><i><b>Cette illustre personne fut un grand homme, ayant eu l&rsquo;amour du travail, surtout agricole et mara\u00eecher.<\/b><\/i><\/span><\/span><\/span><i><b> <\/b><\/i><span style=\"color: #943634;\"><span style=\"font-family: Times New Roman, serif;\"><span style=\"font-size: medium;\"><i><b>Il a travaill\u00e9 beaucoup \u00e0 reboiser les localit\u00e9s de Koupela avec des esp\u00e8ces locales et m\u00eames exotiques.<a href=\"http:\/\/portailsolidarites.fr\/grigny-koupela\/files\/2021\/01\/Travail.jpg\"><img loading=\"lazy\" decoding=\"async\" class=\"alignright size-medium wp-image-3853\" src=\"http:\/\/portailsolidarites.fr\/grigny-koupela\/files\/2021\/01\/Travail-300x166.jpg\" alt=\"\" width=\"300\" height=\"166\" \/><\/a><\/b><\/i><\/span><\/span><\/span><\/p>\n<p><span style=\"color: #943634;\"><span style=\"font-family: Times New Roman, serif;\"><span style=\"font-size: medium;\"><i><b>Beaucoup de fran\u00e7ais, pendant la p\u00e9riode coloniale l&rsquo;ont c\u00f4toy\u00e9, et m\u00eame collabor\u00e9 avec lui, appr\u00e9ciant son intelligence, son savoir-faire et sa probit\u00e9. Ses bonnes relations ont m\u00eame permis \u00e0 mon propre p\u00e8re Fran\u00e7ois \u00c9mile Albert(1933) de b\u00e9n\u00e9ficier d&rsquo;un stage en agriculture en France et aussi \u00e0 son fr\u00e8re a\u00een\u00e9, Cyprien d&rsquo;y poursuivre les \u00e9tudes sup\u00e9rieures.<\/b><\/i><\/span><\/span><\/span><\/p>\n<p><span style=\"color: #943634;\"><span style=\"font-family: Times New Roman, serif;\"><span style=\"font-size: medium;\"><i><b>En hommage \u00e0 notre grand p\u00e8re donc, notre famille a voulu \u00e0 travers cette initiative, p\u00e9renniser ses \u0153uvres et son nom. D\u00e9j\u00e0 le chef coutumier actuel de Koup\u00e9la, Naaba Yemd\u00e9, s&rsquo;est investi dans l&rsquo;agriculture et est arriv\u00e9 \u00e0 m\u00e9caniser son travail dans une autre localit\u00e9 hors de la ville de Koupela.<\/b><\/i><\/span><\/span><\/span><\/p>\n<p><span style=\"color: #943634;\"><span style=\"font-family: Times New Roman, serif;\"><span style=\"font-size: medium;\"><i><b>Dans le projet de centre, beaucoup d&rsquo;activit\u00e9s sont envisag\u00e9es. Nous avons d\u00e9but\u00e9 avec des activit\u00e9s mara\u00eech\u00e8res. Un jardin de laitues, de concombres, de choux, d&rsquo;haricots verts, de tomates, de piments&#8230; existe d\u00e9j\u00e0.<\/b><\/i><\/span><\/span><\/span><\/p>\n<p><a href=\"http:\/\/portailsolidarites.fr\/grigny-koupela\/files\/2021\/01\/Laitues.jpg\"><img loading=\"lazy\" decoding=\"async\" class=\"size-medium wp-image-3854 alignleft\" src=\"http:\/\/portailsolidarites.fr\/grigny-koupela\/files\/2021\/01\/Laitues-226x300.jpg\" alt=\"\" width=\"226\" height=\"300\" \/><\/a><a href=\"http:\/\/portailsolidarites.fr\/grigny-koupela\/files\/2021\/01\/concombres.jpg\"><img loading=\"lazy\" decoding=\"async\" class=\"size-medium wp-image-3855 alignnone\" src=\"http:\/\/portailsolidarites.fr\/grigny-koupela\/files\/2021\/01\/concombres-300x225.jpg\" alt=\"\" width=\"300\" height=\"225\" \/><\/a><a href=\"http:\/\/portailsolidarites.fr\/grigny-koupela\/files\/2021\/01\/haricots.jpg\"><img loading=\"lazy\" decoding=\"async\" class=\"alignright size-medium wp-image-3856\" src=\"http:\/\/portailsolidarites.fr\/grigny-koupela\/files\/2021\/01\/haricots-300x224.jpg\" alt=\"\" width=\"300\" height=\"224\" \/><\/a><\/p>\n<p>&nbsp;<\/p>\n<p>Nous envisageons de cr\u00e9er un cadre de d\u00e9tente, d\u2019\u00e9levage, de pisciculture&#8230;.<\/p>\n<p><span style=\"color: #943634;\"><span style=\"font-family: Times New Roman, serif;\"><span style=\"font-size: medium;\"><i><b>C&rsquo;est le d\u00e9but d&rsquo;une aventure des hommes et des femmes qui attendent des soutiens divers pour la valorisation des acquis de cette personnalit\u00e9.<br \/>\n<\/b><\/i><\/span><\/span><\/span><span style=\"color: #943634;\"><span style=\"font-family: Times New Roman, serif;\"><span style=\"font-size: medium;\"><i><b>Cette entreprise va sans doute cr\u00e9er des emplois dans le futur, chose qui va booster\u00a0 le d\u00e9veloppement local, nous osons croire!\u00a0\u00bb<\/b><\/i><\/span><\/span><\/span><\/p>\n<p><span style=\"font-family: Times New Roman, serif;\"><span style=\"font-size: medium;\">Une exp\u00e9rience \u00e0 suivre donc sur laquelle nous reviendrons de temps en temps.<\/span><\/span><\/p>\n","protected":false},"excerpt":{"rendered":"<p>\u00a0 Article de la page Facebook de la mairie de Koupela Source: lefaso.net La ville de Koup\u00e9la est d\u00e9sign\u00e9e 3e commune urbaine du Concours d\u2019excellence pour la gouvernance locale (COPEGOL). Son maire, Harouna Tirogo, lui, est d\u00e9sign\u00e9 meilleur administrateur en &hellip; <a href=\"http:\/\/portailsolidarites.fr\/Koupela\/2021\/01\/27\/des-nouvelles-de-koupela-janvier-2021\/\">Continuer la lecture <span class=\"meta-nav\">&rarr;<\/span><\/a><\/p>\n","protected":false},"author":4,"featured_media":0,"comment_status":"closed","ping_status":"open","sticky":false,"template":"","format":"standard","meta":{"_uag_custom_page_level_css":"","footnotes":""},"categories":[10,13],"tags":[],"class_list":["post-3849","post","type-post","status-publish","format-standard","hentry","category-echanges","category-actu-envir"],"uagb_featured_image_src":{"full":false,"thumbnail":false,"medium":false,"medium_large":false,"large":false,"1536x1536":false,"2048x2048":false,"post-thumbnail":false},"uagb_author_info":{"display_name":"G\u00e9rard ARNAUD","author_link":"http:\/\/portailsolidarites.fr\/Koupela\/author\/gerarnaud\/"},"uagb_comment_info":0,"uagb_excerpt":"\u00a0 Article de la page Facebook de la mairie de Koupela Source: lefaso.net La ville de Koup\u00e9la est d\u00e9sign\u00e9e 3e commune urbaine du Concours d\u2019excellence pour la gouvernance locale (COPEGOL). Son maire, Harouna Tirogo, lui, est d\u00e9sign\u00e9 meilleur administrateur en &hellip; Continuer la lecture &rarr;","_links":{"self":[{"href":"http:\/\/portailsolidarites.fr\/Koupela\/wp-json\/wp\/v2\/posts\/3849","targetHints":{"allow":["GET"]}}],"collection":[{"href":"http:\/\/portailsolidarites.fr\/Koupela\/wp-json\/wp\/v2\/posts"}],"about":[{"href":"http:\/\/portailsolidarites.fr\/Koupela\/wp-json\/wp\/v2\/types\/post"}],"author":[{"embeddable":true,"href":"http:\/\/portailsolidarites.fr\/Koupela\/wp-json\/wp\/v2\/users\/4"}],"replies":[{"embeddable":true,"href":"http:\/\/portailsolidarites.fr\/Koupela\/wp-json\/wp\/v2\/comments?post=3849"}],"version-history":[{"count":0,"href":"http:\/\/portailsolidarites.fr\/Koupela\/wp-json\/wp\/v2\/posts\/3849\/revisions"}],"wp:attachment":[{"href":"http:\/\/portailsolidarites.fr\/Koupela\/wp-json\/wp\/v2\/media?parent=3849"}],"wp:term":[{"taxonomy":"category","embeddable":true,"href":"http:\/\/portailsolidarites.fr\/Koupela\/wp-json\/wp\/v2\/categories?post=3849"},{"taxonomy":"post_tag","embeddable":true,"href":"http:\/\/portailsolidarites.fr\/Koupela\/wp-json\/wp\/v2\/tags?post=3849"}],"curies":[{"name":"wp","href":"https:\/\/api.w.org\/{rel}","templated":true}]}}