{"id":3957,"date":"2021-10-23T18:44:15","date_gmt":"2021-10-23T16:44:15","guid":{"rendered":"http:\/\/portailsolidarites.fr\/grigny-koupela\/?p=3957"},"modified":"2021-10-23T18:44:15","modified_gmt":"2021-10-23T16:44:15","slug":"salon-des-vins-2021","status":"publish","type":"post","link":"http:\/\/portailsolidarites.fr\/Koupela\/2021\/10\/23\/salon-des-vins-2021\/","title":{"rendered":"Salon des vins 2021"},"content":{"rendered":"<p><strong>Retour aux bonnes traditions<\/strong> . Le salon des vins de Grigny.<\/p>\n<p><a href=\"http:\/\/portailsolidarites.fr\/grigny-koupela\/files\/2021\/10\/Image-plaquette.png\"><img loading=\"lazy\" decoding=\"async\" class=\"alignright size-medium wp-image-3973\" src=\"http:\/\/portailsolidarites.fr\/grigny-koupela\/files\/2021\/10\/Image-plaquette-212x300.png\" alt=\"\" width=\"212\" height=\"300\" \/><\/a><strong>Convivialit\u00e9, solidarit\u00e9 et fid\u00e9lit\u00e9 !<br \/>\n<a href=\"http:\/\/portailsolidarites.fr\/grigny-koupela\/files\/2017\/06\/Logo_KOUPELA1.jpg\"><img loading=\"lazy\" decoding=\"async\" class=\"wp-image-2915 size-thumbnail alignleft\" src=\"http:\/\/portailsolidarites.fr\/grigny-koupela\/files\/2017\/06\/Logo_KOUPELA1-150x150.jpg\" alt=\"\" width=\"150\" height=\"150\" \/><\/a><\/strong><br \/>\n24 \u00e8me \u00e9dition, organis\u00e9e par le Comit\u00e9 de Jumelage Grigny\/Koupela en partenariat avec la Ville de Grigny.<br \/>\nLes viticulteurs et les artisans de produits du terroir, venus des quatre coins de l\u2019Hexagone, ont r\u00e9pondu une nouvelle fois pr\u00e9sents pour participer \u00e0 ce salon solidaire.<\/p>\n<p>\u2022<strong> Une petite faim ?<\/strong><br \/>\nNouveau ! Restauration du midi : assiettes Bio confectionn\u00e9es avec des produits locaux<br \/>\n\u2022<strong> Bar \u00e0 hu\u00eetres<\/strong><br \/>\nVenez savourer les hu\u00eetres de Marennes Ol\u00e9ron avec un verre de muscadet au profit<br \/>\ndes projets \u00e0 Koupela.<a href=\"http:\/\/portailsolidarites.fr\/grigny-koupela\/files\/2021\/10\/hu\u00eetres.png\"><img loading=\"lazy\" decoding=\"async\" class=\"alignright wp-image-3960 size-thumbnail\" src=\"http:\/\/portailsolidarites.fr\/grigny-koupela\/files\/2021\/10\/hu\u00eetres-150x150.png\" alt=\"\" width=\"150\" height=\"150\" \/><\/a><\/p>\n<p>&nbsp;<\/p>\n<p>\u2022<strong> Expo\/vente artisanat burkinab\u00e9<\/strong> Batiks,<br \/>\nbijoux, d\u00e9co, sculptures, bronzes<\/p>\n<div id=\"attachment_3363\" style=\"width: 310px\" class=\"wp-caption alignleft\"><a href=\"http:\/\/portailsolidarites.fr\/Koupela\/wp-content\/uploads\/2019\/03\/041-C.Afr_.jpg\"><img loading=\"lazy\" decoding=\"async\" aria-describedby=\"caption-attachment-3363\" class=\"size-medium wp-image-3363\" src=\"http:\/\/portailsolidarites.fr\/Koupela\/wp-content\/uploads\/2019\/03\/041-C.Afr_-300x225.jpg\" alt=\"\" width=\"300\" height=\"225\" srcset=\"http:\/\/portailsolidarites.fr\/Koupela\/wp-content\/uploads\/2019\/03\/041-C.Afr_-300x225.jpg 300w, http:\/\/portailsolidarites.fr\/Koupela\/wp-content\/uploads\/2019\/03\/041-C.Afr_-768x576.jpg 768w, http:\/\/portailsolidarites.fr\/Koupela\/wp-content\/uploads\/2019\/03\/041-C.Afr_.jpg 1000w\" sizes=\"auto, (max-width: 300px) 100vw, 300px\" \/><\/a><p id=\"caption-attachment-3363\" class=\"wp-caption-text\">Stand du comit\u00e9 de jumelage<\/p><\/div>\n<p>&nbsp;<\/p>\n<p>\u2022<strong> Libraire la Voie aux Chapitres<\/strong> Autour du vin,<br \/>\nde la cuisine, livres pour enfants et litt\u00e9rature africaine.<\/p>\n<p>\u2022<strong> Bouchons de li\u00e8ge<\/strong> : France-Cancer r\u00e9cup\u00e8re les<br \/>\nbouchons au profit de la recherche contre le cancer.<br \/>\nD\u00e9posez-les \u00e0 l&rsquo;entr\u00e9e du salon.<\/p>\n<p><strong>Cuv\u00e9e du Jumelage :<br \/>\n<\/strong><br \/>\n<span style=\"color: #ff0000;\">C\u00f4tes du Rh\u00f4ne Challias<\/span> <a href=\"http:\/\/portailsolidarites.fr\/grigny-koupela\/files\/2021\/10\/etiquette-21.pdf\">etiquette 21<\/a><br \/>\nCe C\u00f4tes du Rh\u00f4ne 2018 est une syrah pure issue de vieilles vignes du domaine.<br \/>\nVinifi\u00e9 traditionnellement, il a b\u00e9n\u00e9fici\u00e9 d\u2019un \u00e9levage d\u2019un an en f\u00fbts de ch\u00eane.<br \/>\nSon nez bois\u00e9 avec des ar\u00f4mes de vanille et fum\u00e9e, aux notes de fruits cuits et<br \/>\nr\u00e9glisse expriment toute la puissance du terroir gardois.<br \/>\nCette cuv\u00e9e est propos\u00e9e par<span style=\"color: #ff0000;\"> Emmanuel Challias<\/span>, propri\u00e9taire-r\u00e9coltant \u00e0<br \/>\nHameau de Privat 30670 Cornillon pour le comit\u00e9 de jumelage Grigny-Koupela .<\/p>\n<p>\u2022<strong> Tirage au sort<\/strong><br \/>\n1 bouteille \u00e0 gagner, toutes les heures !<\/p>\n<p>\u2022<strong> Gagnez une semaine en g\u00eete !<\/strong><br \/>\nM et Mme Ferrand (Vouvray, Val de<br \/>\nLoire) offrent une semaine dans leur<br \/>\ng\u00eete. Tirage : dimanche soir<\/p>\n<p>_______________________________________<\/p>\n<p><em><span style=\"color: #0000ff;\">Centre Brenot &#8211; rue W. Rousseau &#8211; Grigny<\/span><\/em><br \/>\n<em><span style=\"color: #0000ff;\">FB : Comit\u00e9-de-Jumelage-Grigny-Koupela<\/span><\/em><br \/>\n<em><span style=\"color: #0000ff;\">www.mairie-grigny69.fr \/ www.salondesvins.free.fr http:\/\/portailsolidarites.f\/grignykoupela\/<\/span><\/em><br \/>\n<em><span style=\"color: #0000ff;\">grignykoupela69@gmail.com<\/span><\/em><br \/>\n______________________________________<\/p>\n<p><span style=\"font-size: 18pt;\"><strong><span style=\"color: #ff0000;\">Les viticulteurs<\/span><a href=\"http:\/\/portailsolidarites.fr\/grigny-koupela\/files\/2018\/10\/verres.png\"><img loading=\"lazy\" decoding=\"async\" class=\"alignright size-medium wp-image-3253\" src=\"http:\/\/portailsolidarites.fr\/grigny-koupela\/files\/2018\/10\/verres-300x155.png\" alt=\"\" width=\"300\" height=\"155\" \/><\/a><\/strong><\/span><\/p>\n<p>\u2022<strong> C\u00f4tes du Rh\u00f4ne Domaine<span style=\"color: #ff0000;\"> E.Challias<\/span><\/strong><br \/>\n\u2022<strong> Alsace P. <span style=\"color: #ff0000;\">Koch &amp; Fils<\/span><\/strong><br \/>\n\u2022<strong> C\u00f4tes du Jura &amp; Arbois Vin jaune, vin de paille <span style=\"color: #ff0000;\">X. Reverchon<\/span><\/strong><br \/>\n\u2022<strong> Bordeaux, Haut-M\u00e9doc, Pauillac<span style=\"color: #ff0000;\"> H. Musso<\/span><\/strong><br \/>\n\u2022<strong> Crozes-Hermitage vins de pays Domaine <span style=\"color: #ff0000;\">J. Breyton<\/span><\/strong><br \/>\n\u2022<strong> Bordeaux, Graves<span style=\"color: #ff0000;\"> Y. &amp; M. Guitet<\/span><\/strong><br \/>\n\u2022 <strong>Mne St Emilion, Pomerol, Lalande<\/strong> <strong>de Pomerol<\/strong><span style=\"color: #ff0000;\"><strong> M. Gintrac-Janoueix<\/strong><\/span><br \/>\n\u2022<strong> Gaillac<span style=\"color: #ff0000;\"> V.Brureau<\/span><\/strong><br \/>\n\u2022 <strong>Gigondas Vacqueyras C\u00f4tes du Rh\u00f4ne C. Dusserre<\/strong>\u2022<strong> Brouilly, C\u00f4tes de Brouilly, Beaujolais Villages<span style=\"color: #ff0000;\"> O. Pezenneau<\/span><\/strong><br \/>\n\u2022<strong> Meursault, Month\u00e9lie, Auxey-Duresse, Savigny-les-Beaune, Pommard Domaine <span style=\"color: #ff0000;\">Pestre<\/span><br \/>\n<\/strong>\u2022<strong> Cahors <span style=\"color: #ff0000;\">R. Couaillac<\/span><\/strong><br \/>\n<strong>\u2022 Chablis &amp; Chablis 1 er cru <span style=\"color: #ff0000;\">J.L. Fourrey<\/span><\/strong><br \/>\n\u2022 <strong>Minervois H &amp; D. Vordy<\/strong>\u2022<strong> Muscadet, S\u00e8vre &amp; Maine<span style=\"color: #ff0000;\"> B. Dubois<\/span><\/strong><br \/>\n\u2022<strong> Champagne <span style=\"color: #ff0000;\">J. Truchon -Bergeronneau<\/span><\/strong><br \/>\n<strong>\u2022 P\u00e9charmant Domaine<span style=\"color: #ff0000;\"> le Perrier Guyon &amp; Fils<\/span><\/strong><br \/>\n\u2022<strong> Ch\u00e2teauneuf-du-Pape <span style=\"color: #ff0000;\">C. Coulon<\/span><\/strong><br \/>\n\u2022<strong> Pouilly Fuiss\u00e9, Loch\u00e9, Macon Fuiss\u00e9<span style=\"color: #ff0000;\"> Y. Giroux<\/span><\/strong><br \/>\n\u2022<strong> Chinon <span style=\"color: #ff0000;\">J.F. Delalay<\/span><\/strong><br \/>\n\u2022<strong> Condrieu &#8211; C\u00f4te R\u00f4tie<span style=\"color: #ff0000;\"> Domaine Bernard<\/span><\/strong><br \/>\n\u2022<strong> Rully et Montagny 1 er cru &#8211; Givry &#8211; Bourgogne Domaine de la Renarde<span style=\"color: #ff0000;\"> G. Peyre<\/span><br \/>\n<\/strong>\u2022<strong> Corbi\u00e8res<span style=\"color: #ff0000;\"> C. &amp; M. Ma\u00eetre<\/span><br \/>\n<\/strong>\u2022<strong> Cornas <span style=\"color: #ff0000;\">C. Lionnet<\/span><\/strong><br \/>\n\u2022<strong> Sauternes <span style=\"color: #ff0000;\">L. Deloubes<\/span><\/strong><br \/>\n\u2022<strong> Coteaux du Lyonnais <span style=\"color: #ff0000;\">J. Garnier<\/span><\/strong><br \/>\n\u2022 <strong>Saint Chinian <span style=\"color: #ff0000;\">M &amp; G. Quartironi<\/span><\/strong><br \/>\n\u2022<strong> Coteaux du layon et 1 er cru Cabernet d\u2019Anjou <span style=\"color: #ff0000;\">M.Ricou<\/span><\/strong><br \/>\n\u2022<strong> Vinsobres<span style=\"color: #ff0000;\"> L. Espinasse<\/span><br \/>\n<\/strong>\u2022<strong> Vouvray<span style=\"color: #ff0000;\"> A. Ferrand<\/span><\/strong><\/p>\n<p>&nbsp;<\/p>\n<p><span style=\"font-size: 18pt;\"><strong>Autres produits du terroir<\/strong><\/span><\/p>\n<p>\u2022 Chocolats fins <span style=\"color: #ff0000;\">Panel &amp; Filles<\/span><br \/>\n\u2022 L\u2019escargot autrement <span style=\"color: #ff0000;\">B. Martin<\/span><br \/>\n\u2022 Foie gras &amp; canards gras <span style=\"color: #ff0000;\">J. Lajoy-Pailhe<\/span><br \/>\n\u2022 Rillettes de Touraine <span style=\"color: #ff0000;\">J.F Delalay<\/span><br \/>\n\u2022 Miel <span style=\"color: #ff0000;\">G. Geffroy<\/span><br \/>\n\u2022 Fromages du Jura <span style=\"color: #ff0000;\">E. Dole<\/span><br \/>\n\u2022 Charcuterie, fromages de ch\u00e8vre,<br \/>\npain cuit au bois<br \/>\nArd\u00e8che Salaisons Artisanales<\/p>\n<p>\u2022 <strong>Cartes Vignobles<\/strong> de France <span style=\"color: #ff0000;\">A.Guillou<\/span><\/p>\n<p>\u2022<strong> Produits du terroir de <\/strong>l\u2019<strong>association franco-allemande<\/strong><br \/>\nde Wettemberg ville jumel\u00e9e avec Grigny depuis juin 2019<br \/>\n________________________________________________<\/p>\n<p><strong><em><span style=\"color: #ff0000;\">Attention ! l\u2019abus d\u2019alcool est dangereux pour la sant\u00e9 \/<\/span><\/em><\/strong><br \/>\n<strong><em><span style=\"color: #ff0000;\">Autorisation municipale octobre 2021<\/p>\n<p>_______________________________________________<br \/>\n<\/span><\/em><\/strong><\/p>\n<h3 class=\"western\"><\/h3>\n<p>\u00b7<\/p>\n<p><strong>DES BOUCHONS POUR LA RECHERCHE CONTRE LE CANCER !<\/strong><\/p>\n<p><a href=\"http:\/\/portailsolidarites.fr\/grigny-koupela\/files\/2021\/10\/image-bouchons.jpg\"><img loading=\"lazy\" decoding=\"async\" class=\"alignleft size-thumbnail wp-image-3984\" src=\"http:\/\/portailsolidarites.fr\/grigny-koupela\/files\/2021\/10\/image-bouchons-150x150.jpg\" alt=\"\" width=\"150\" height=\"150\" \/><\/a><\/p>\n<p>Quand le Salon des Vins de Grigny rejoint la recherche contre le cancer !<a href=\"http:\/\/portailsolidarites.fr\/grigny-koupela\/files\/2021\/10\/Affiche-bouchons.jpg\"><img loading=\"lazy\" decoding=\"async\" class=\"alignleft size-thumbnail wp-image-3985\" src=\"http:\/\/portailsolidarites.fr\/grigny-koupela\/files\/2021\/10\/Affiche-bouchons-150x150.jpg\" alt=\"\" width=\"150\" height=\"150\" \/><\/a><\/p>\n<p>Depuis de nombreuses ann\u00e9es, le comit\u00e9 de jumelage Grigny-Koupela collecte des bouchons de li\u00e8ge au profit de la recherche contre le cancer pendant le salon des vins de fin novembre. Cette ann\u00e9e, les 27 et 28 novembre 2021, il sera possible d\u2019apporter dans le hall du Centre Brenot les bouchons mis de c\u00f4t\u00e9 pendant l\u2019ann\u00e9e.<\/p>\n<p><a href=\"http:\/\/portailsolidarites.fr\/grigny-koupela\/files\/2021\/10\/France-cancer.jpg\"><img loading=\"lazy\" decoding=\"async\" class=\"alignleft size-thumbnail wp-image-3986\" src=\"http:\/\/portailsolidarites.fr\/grigny-koupela\/files\/2021\/10\/France-cancer-150x150.jpg\" alt=\"\" width=\"150\" height=\"150\" \/><\/a><\/p>\n<p><strong>C\u2019est l\u2019association France Cancer<\/strong> dont le si\u00e8ge est bas\u00e9 \u00e0 Cannes qui se charge du transfert vers des li\u00e9geurs du Var qui transforment ces bouchons en produits divers en li\u00e8ge.<\/p>\n<p>Rappelons qu\u2019une tonne de bouchons (280 000 unit\u00e9s) est vendue 300 \u20ac.<\/p>\n<p><strong>Cette action \u00e0 un triple objectif :<\/strong><br \/>\n&#8211;<strong> Social<\/strong> : l\u2019aide \u00e0 la lutte contre le cancer avec le soutien de 2 laboratoires<br \/>\n&#8211; <strong>Environnemental<\/strong> : on recycle ces bouchons qui, sinon, rejoindraient nos ordures m\u00e9nag\u00e8res et seraient br\u00fbl\u00e9s.<br \/>\n&#8211; <strong>Economique :<\/strong> les sommes r\u00e9colt\u00e9es par la revente des bouchons sont dirig\u00e9es vers la recherche des professeurs de L\u2019INSERM et du CRNS<br \/>\n<a href=\"http:\/\/portailsolidarites.fr\/Koupela\/wp-content\/uploads\/2021\/10\/Gerard-Andre.jpg\"><img loading=\"lazy\" decoding=\"async\" class=\"alignleft size-thumbnail wp-image-3987\" src=\"http:\/\/portailsolidarites.fr\/Koupela\/wp-content\/uploads\/2021\/10\/Gerard-Andre-150x150.jpg\" alt=\"\" width=\"150\" height=\"150\" \/><\/a><\/p>\n<p>Ainsi, les visiteurs du salon de Grigny (15 km au sud de Lyon) dans le Rh\u00f4ne, feront une double bonne action : pour l\u2019environnement et pour la recherche m\u00e9dicale. Qu\u2019ils en soient chaleureusement remerci\u00e9s. Parlez-en autour de vous, \u00e0 vos amis et connaissances. Ne jetez plus vos bouchons et apportez les au salon.<a href=\"http:\/\/portailsolidarites.fr\/Koupela\/wp-content\/uploads\/2021\/10\/Sacs-bouchons.jpg\"><img loading=\"lazy\" decoding=\"async\" class=\"alignleft size-thumbnail wp-image-3988\" src=\"http:\/\/portailsolidarites.fr\/Koupela\/wp-content\/uploads\/2021\/10\/Sacs-bouchons-150x150.jpg\" alt=\"\" width=\"150\" height=\"150\" \/><\/a><\/p>\n<p>Le Salon des Vins de GRIGNY (Rh\u00f4ne) est bien un salon solidaire :<\/p>\n<p>&#8211; solidaire avec Koupela dans le cadre de la coop\u00e9ration d\u00e9centralis\u00e9e<br \/>\n&#8211; solidaire, en France, avec la recherche contre le cancer<\/p>\n<p>Autant de raisons de venir \u00e0 Grigny (15 km au sud de Lyon) les 27 et 28 novembre prochains au Centre Brenot.<\/p>\n<p>&nbsp;<\/p>\n","protected":false},"excerpt":{"rendered":"<p>Retour aux bonnes traditions . Le salon des vins de Grigny. Convivialit\u00e9, solidarit\u00e9 et fid\u00e9lit\u00e9 ! 24 \u00e8me \u00e9dition, organis\u00e9e par le Comit\u00e9 de Jumelage Grigny\/Koupela en partenariat avec la Ville de Grigny. Les viticulteurs et les artisans de produits &hellip; <a href=\"http:\/\/portailsolidarites.fr\/Koupela\/2021\/10\/23\/salon-des-vins-2021\/\">Continuer la lecture <span class=\"meta-nav\">&rarr;<\/span><\/a><\/p>\n","protected":false},"author":4,"featured_media":0,"comment_status":"closed","ping_status":"open","sticky":true,"template":"","format":"standard","meta":{"_uag_custom_page_level_css":"","footnotes":""},"categories":[24,6],"tags":[],"class_list":["post-3957","post","type-post","status-publish","format-standard","hentry","category-salons-des-vins","category-manifestations"],"uagb_featured_image_src":{"full":false,"thumbnail":false,"medium":false,"medium_large":false,"large":false,"1536x1536":false,"2048x2048":false,"post-thumbnail":false},"uagb_author_info":{"display_name":"G\u00e9rard ARNAUD","author_link":"http:\/\/portailsolidarites.fr\/Koupela\/author\/gerarnaud\/"},"uagb_comment_info":0,"uagb_excerpt":"Retour aux bonnes traditions . Le salon des vins de Grigny. Convivialit\u00e9, solidarit\u00e9 et fid\u00e9lit\u00e9 ! 24 \u00e8me \u00e9dition, organis\u00e9e par le Comit\u00e9 de Jumelage Grigny\/Koupela en partenariat avec la Ville de Grigny. Les viticulteurs et les artisans de produits &hellip; Continuer la lecture &rarr;","_links":{"self":[{"href":"http:\/\/portailsolidarites.fr\/Koupela\/wp-json\/wp\/v2\/posts\/3957","targetHints":{"allow":["GET"]}}],"collection":[{"href":"http:\/\/portailsolidarites.fr\/Koupela\/wp-json\/wp\/v2\/posts"}],"about":[{"href":"http:\/\/portailsolidarites.fr\/Koupela\/wp-json\/wp\/v2\/types\/post"}],"author":[{"embeddable":true,"href":"http:\/\/portailsolidarites.fr\/Koupela\/wp-json\/wp\/v2\/users\/4"}],"replies":[{"embeddable":true,"href":"http:\/\/portailsolidarites.fr\/Koupela\/wp-json\/wp\/v2\/comments?post=3957"}],"version-history":[{"count":0,"href":"http:\/\/portailsolidarites.fr\/Koupela\/wp-json\/wp\/v2\/posts\/3957\/revisions"}],"wp:attachment":[{"href":"http:\/\/portailsolidarites.fr\/Koupela\/wp-json\/wp\/v2\/media?parent=3957"}],"wp:term":[{"taxonomy":"category","embeddable":true,"href":"http:\/\/portailsolidarites.fr\/Koupela\/wp-json\/wp\/v2\/categories?post=3957"},{"taxonomy":"post_tag","embeddable":true,"href":"http:\/\/portailsolidarites.fr\/Koupela\/wp-json\/wp\/v2\/tags?post=3957"}],"curies":[{"name":"wp","href":"https:\/\/api.w.org\/{rel}","templated":true}]}}