{"id":4085,"date":"2022-10-24T17:03:43","date_gmt":"2022-10-24T15:03:43","guid":{"rendered":"http:\/\/portailsolidarites.fr\/grigny-koupela\/?p=4085"},"modified":"2022-10-24T17:03:43","modified_gmt":"2022-10-24T15:03:43","slug":"salon-des-vins-2022","status":"publish","type":"post","link":"http:\/\/portailsolidarites.fr\/Koupela\/2022\/10\/24\/salon-des-vins-2022\/","title":{"rendered":"Salon des vins 2022"},"content":{"rendered":"<h3 class=\"western\"><\/h3>\n<p><a href=\"http:\/\/portailsolidarites.fr\/grigny-koupela\/files\/2022\/10\/311375334_3203511493244155_7324203877240994850_n.jpg\"><img loading=\"lazy\" decoding=\"async\" class=\"wp-image-4086 size-large aligncenter\" src=\"http:\/\/portailsolidarites.fr\/grigny-koupela\/files\/2022\/10\/311375334_3203511493244155_7324203877240994850_n-724x1024.jpg\" alt=\"\" width=\"640\" height=\"905\" \/><\/a><\/p>\n<p><strong>Fin novembre, un rendez-vous \u00e0 ne pas manquer !<\/strong><\/p>\n<p>A Grigny, dans le Rh\u00f4ne (15 km au sud de Lyon) se tiendra la <strong>25e \u00e9dition du Salon des<\/strong> <strong>Vins et Produits du Terroir,<\/strong> organis\u00e9 par le<strong> Comit\u00e9 de Jumelage Grigny-Koupela :<\/strong><\/p>\n<p>Samedi 26 et Dimanche 27 novembre 2022 au centre E. Brenot.<\/p>\n<p><strong>Salon des vins convivial<\/strong> : des viticulteurs, propri\u00e9taires-r\u00e9coltants (nombreux en Bio) et des artisans de produits du terroir vous attendent pour vous parler de leur m\u00e9tier et de leurs produits.<\/p>\n<p><strong>Salon solidaire<\/strong> : b\u00e9n\u00e9fices du salon destin\u00e9s aux projets de d\u00e9veloppement \u00e0 Koupela, en particulier nos actions en direction des enfants (construction d\u2019\u00e9coles, \u00e9quipement en eau potable des \u00e9coles, plantation d\u2019arbres, scolarisation des filles, soutien aux cantines \u2026).<\/p>\n<p>&#8211; R\u00e9servez cette date,<br \/>\n&#8211; Parlez-en autour de vous,<br \/>\n&#8211; Faites connaitre ce salon solidaire et convivial.<\/p>\n<p>&nbsp;<\/p>\n<p><span style=\"color: #ff0000;\">Attention, l\u2019abus d\u2019alcool est dangereux pour la sant\u00e9 !<\/span><\/p>\n","protected":false},"excerpt":{"rendered":"<p>Fin novembre, un rendez-vous \u00e0 ne pas manquer ! A Grigny, dans le Rh\u00f4ne (15 km au sud de Lyon) se tiendra la 25e \u00e9dition du Salon des Vins et Produits du Terroir, organis\u00e9 par le Comit\u00e9 de Jumelage Grigny-Koupela &hellip; <a href=\"http:\/\/portailsolidarites.fr\/Koupela\/2022\/10\/24\/salon-des-vins-2022\/\">Continuer la lecture <span class=\"meta-nav\">&rarr;<\/span><\/a><\/p>\n","protected":false},"author":4,"featured_media":0,"comment_status":"closed","ping_status":"open","sticky":true,"template":"","format":"standard","meta":{"_uag_custom_page_level_css":"","footnotes":""},"categories":[24,6],"tags":[],"class_list":["post-4085","post","type-post","status-publish","format-standard","hentry","category-salons-des-vins","category-manifestations"],"uagb_featured_image_src":{"full":false,"thumbnail":false,"medium":false,"medium_large":false,"large":false,"1536x1536":false,"2048x2048":false,"post-thumbnail":false},"uagb_author_info":{"display_name":"G\u00e9rard ARNAUD","author_link":"http:\/\/portailsolidarites.fr\/Koupela\/author\/gerarnaud\/"},"uagb_comment_info":0,"uagb_excerpt":"Fin novembre, un rendez-vous \u00e0 ne pas manquer ! A Grigny, dans le Rh\u00f4ne (15 km au sud de Lyon) se tiendra la 25e \u00e9dition du Salon des Vins et Produits du Terroir, organis\u00e9 par le Comit\u00e9 de Jumelage Grigny-Koupela &hellip; Continuer la lecture &rarr;","_links":{"self":[{"href":"http:\/\/portailsolidarites.fr\/Koupela\/wp-json\/wp\/v2\/posts\/4085","targetHints":{"allow":["GET"]}}],"collection":[{"href":"http:\/\/portailsolidarites.fr\/Koupela\/wp-json\/wp\/v2\/posts"}],"about":[{"href":"http:\/\/portailsolidarites.fr\/Koupela\/wp-json\/wp\/v2\/types\/post"}],"author":[{"embeddable":true,"href":"http:\/\/portailsolidarites.fr\/Koupela\/wp-json\/wp\/v2\/users\/4"}],"replies":[{"embeddable":true,"href":"http:\/\/portailsolidarites.fr\/Koupela\/wp-json\/wp\/v2\/comments?post=4085"}],"version-history":[{"count":0,"href":"http:\/\/portailsolidarites.fr\/Koupela\/wp-json\/wp\/v2\/posts\/4085\/revisions"}],"wp:attachment":[{"href":"http:\/\/portailsolidarites.fr\/Koupela\/wp-json\/wp\/v2\/media?parent=4085"}],"wp:term":[{"taxonomy":"category","embeddable":true,"href":"http:\/\/portailsolidarites.fr\/Koupela\/wp-json\/wp\/v2\/categories?post=4085"},{"taxonomy":"post_tag","embeddable":true,"href":"http:\/\/portailsolidarites.fr\/Koupela\/wp-json\/wp\/v2\/tags?post=4085"}],"curies":[{"name":"wp","href":"https:\/\/api.w.org\/{rel}","templated":true}]}}