{"id":4161,"date":"2023-06-15T10:03:30","date_gmt":"2023-06-15T08:03:30","guid":{"rendered":"http:\/\/portailsolidarites.fr\/grigny-koupela\/?p=4161"},"modified":"2023-06-15T10:03:30","modified_gmt":"2023-06-15T08:03:30","slug":"la-lettre-electronique-du-comite-de-jumelage-grigny-koupela-n-18-juin-2023","status":"publish","type":"post","link":"http:\/\/portailsolidarites.fr\/Koupela\/2023\/06\/15\/la-lettre-electronique-du-comite-de-jumelage-grigny-koupela-n-18-juin-2023\/","title":{"rendered":"La Lettre \u00e9lectronique du Comit\u00e9 de Jumelage Grigny-Koupela ( N\u00b0 18 ) Juin 2023"},"content":{"rendered":"<p><strong>\u00a0<\/strong><\/p>\n<p><strong>Projets 2023<\/strong><\/p>\n<p><strong>Malgr\u00e9 les difficult\u00e9s que conna\u00eet actuellement le Burkina-Faso<\/strong>, le comit\u00e9 de jumelage Grigny-Koupela poursuit sa coop\u00e9ration avec Koupela. Rappelons que cette coop\u00e9ration se situe au niveau local et qu\u2019elle s\u2019adresse directement \u00e0 la population.<br \/>\nKoupela compte 86 \u00e9coles, 316 classes et 18098 \u00e9l\u00e8ves (15450 dans le public et 2648 \u00e9l\u00e8ves dans le priv\u00e9). En moyenne, il y a 58 \u00e9l\u00e8ves par classe mais les effectifs peuvent atteindre 80, 95 et m\u00eame plus de 100 \u00e9l\u00e8ves dans une classe !<\/p>\n<p>Le comit\u00e9 local de jumelage de Koupela qui nous a fourni ces chiffres nous a, \u00e9galement, indiqu\u00e9 les besoins de la commune en mati\u00e8re scolaire : 38 classes seraient actuellement n\u00e9cessaires ! Aussi, devant ces besoins criants, le comit\u00e9 de jumelage de Grigny a d\u00e9cid\u00e9 de lancer un nouveau projet de constructions scolaires pour 2023 : 3 classes \u00e0 l\u2019\u00e9cole \u00ab Grigny<br \/>\nB \u00bb, 2 hangars d\u2019\u00e9tudes \u00e0 l\u2019\u00e9cole \u00ab Grigny B \u00bb et au CEG Secteur 3, 2 b\u00e2timents administratifs \u00e0 \u00ab Grigny B \u00bb et CEG Secteur 3 ainsi que l\u2019\u00e9quipement en tables-bancs pour les 3 classes de \u00ab Grigny B \u00bb.<br \/>\nLa d\u00e9cision a \u00e9t\u00e9 prise lors du CA du 26 avril 2023, la construction a commenc\u00e9 le 4 mai par les 3 classes \u00e0 l\u2019\u00e9cole Grigny B dont vous avez quelques photos jointes. A la fin de la semaine, le gros \u0153uvre sera termin\u00e9.<\/p>\n<p><strong>Nous remercions chaleureusement<\/strong> le pr\u00e9sident Zoungrana pour le suivi des constructions et la diligence des entrepreneurs locaux. Gr\u00e2ce aux r\u00e9sultats du salon des vins de fin novembre, de la subvention municipale dans le cadre de la coop\u00e9ration d\u00e9centralis\u00e9e et des actions de nos amis allemands de Wettemberg, ces projets peuvent voir le jour.<\/p>\n<p><strong>Merci \u00e0 tous.<\/strong><\/p>\n<p><a href=\"http:\/\/portailsolidarites.fr\/grigny-koupela\/files\/2023\/06\/image1.png\"><img loading=\"lazy\" decoding=\"async\" class=\"alignnone size-medium wp-image-4163\" src=\"http:\/\/portailsolidarites.fr\/grigny-koupela\/files\/2023\/06\/image1-300x135.png\" alt=\"\" width=\"300\" height=\"135\" \/><\/a><\/p>\n<p><a href=\"http:\/\/portailsolidarites.fr\/grigny-koupela\/files\/2023\/06\/image2.png\"><img loading=\"lazy\" decoding=\"async\" class=\"size-medium wp-image-4164 alignright\" src=\"http:\/\/portailsolidarites.fr\/grigny-koupela\/files\/2023\/06\/image2-300x132.png\" alt=\"\" width=\"300\" height=\"132\" \/><\/a><strong>L&rsquo;\u00e9volution du chantier<\/strong><\/p>\n<p><a href=\"http:\/\/portailsolidarites.fr\/grigny-koupela\/files\/2023\/06\/image3.png\"><img loading=\"lazy\" decoding=\"async\" class=\"alignnone size-medium wp-image-4166\" src=\"http:\/\/portailsolidarites.fr\/grigny-koupela\/files\/2023\/06\/image3-225x300.png\" alt=\"\" width=\"225\" height=\"300\" \/><\/a><\/p>\n<p><a href=\"http:\/\/portailsolidarites.fr\/grigny-koupela\/files\/2023\/06\/image4.png\"><img loading=\"lazy\" decoding=\"async\" class=\"size-medium wp-image-4167 alignright\" src=\"http:\/\/portailsolidarites.fr\/grigny-koupela\/files\/2023\/06\/image4-300x225.png\" alt=\"\" width=\"300\" height=\"225\" \/><\/a><\/p>\n<p><strong>L\u2019\u00e9volution du chantier de construction des trois classes \u00e0 l\u2019\u00e9cole \u00ab GRIGNY B \u00bb en mai et juin 2023<\/strong><\/p>\n<p><a href=\"http:\/\/portailsolidarites.fr\/grigny-koupela\/files\/2023\/06\/image5.png\"><img loading=\"lazy\" decoding=\"async\" class=\"size-medium wp-image-4168 alignright\" src=\"http:\/\/portailsolidarites.fr\/grigny-koupela\/files\/2023\/06\/image5-225x300.png\" alt=\"\" width=\"225\" height=\"300\" \/><\/a><a href=\"http:\/\/portailsolidarites.fr\/grigny-koupela\/files\/2023\/06\/image6.png\"><img loading=\"lazy\" decoding=\"async\" class=\"size-medium wp-image-4169 alignright\" src=\"http:\/\/portailsolidarites.fr\/grigny-koupela\/files\/2023\/06\/image6-300x225.png\" alt=\"\" width=\"300\" height=\"225\" \/><\/a><\/p>\n<p><a href=\"http:\/\/portailsolidarites.fr\/grigny-koupela\/files\/2023\/06\/image8.png\"><img loading=\"lazy\" decoding=\"async\" class=\"alignnone size-medium wp-image-4170\" src=\"http:\/\/portailsolidarites.fr\/grigny-koupela\/files\/2023\/06\/image8-300x225.png\" alt=\"\" width=\"300\" height=\"225\" \/><\/a><\/p>\n<p><strong>Cantines scolaires \u00e0 Koupela<br \/>\n<\/strong><br \/>\n<strong>Depuis de nombreuses ann\u00e9es<\/strong> le comit\u00e9 de jumelage Grigny-Koupela, avec l\u2019appui de nombreux parrains, soutient trois cantines scolaires \u00e0 Koupela. Il avait subventionn\u00e9 les \u00e9quipements pour passer ces cantines au gaz. Cela permettait de ne plus couper du bois dans les for\u00eats et donc de lutter contre la d\u00e9sertification.<br \/>\n<strong>Mais, en 2022, la crise \u00e9nerg\u00e9tique a frapp\u00e9<\/strong>, comme chez nous, le Burkina-Faso et les entreprises qui fournissaient les bouteilles de gaz connaissent depuis plusieurs mois des probl\u00e8mes d\u2019approvisionnement.<br \/>\nAussi, les \u00e9coles ont \u00e9t\u00e9 oblig\u00e9es de revenir au bois pour faire fonctionner les cuisines et permettre aux enfants de manger tous les jours scolaires ! C\u2019est pour cela que le comit\u00e9 de jumelage a financ\u00e9 la construction de 7 foyers am\u00e9lior\u00e9s qui permettent d\u2019\u00e9conomiser le bois de chauffe et d\u2019am\u00e9liorer la combustion (sinon c\u2019\u00e9tait le retour au foyer de trois pierres !). La cuisson est donc plus rapide, on limite les fum\u00e9es et il y a moins de projection de particules.<br \/>\nL\u2019artisan missionn\u00e9 par l\u00e9onard Zoungrana, le pr\u00e9sident du comit\u00e9 local de jumelage de Koupela, pour la construction de ces foyers, a mis trois jours pour la r\u00e9alisation. Un temps record ! Belle r\u00e9activit\u00e9 !<\/p>\n<p><strong>En attendant le retour du gaz !<\/strong><\/p>\n<p><strong><a href=\"http:\/\/portailsolidarites.fr\/grigny-koupela\/files\/2023\/06\/cantine2.png\"><img loading=\"lazy\" decoding=\"async\" class=\"alignnone size-medium wp-image-4174\" src=\"http:\/\/portailsolidarites.fr\/grigny-koupela\/files\/2023\/06\/cantine2-300x150.png\" alt=\"\" width=\"300\" height=\"150\" \/><\/a><a href=\"http:\/\/portailsolidarites.fr\/grigny-koupela\/files\/2023\/06\/cantine3.png\"><img loading=\"lazy\" decoding=\"async\" class=\"size-medium wp-image-4175 alignright\" src=\"http:\/\/portailsolidarites.fr\/grigny-koupela\/files\/2023\/06\/cantine3-300x135.png\" alt=\"\" width=\"300\" height=\"135\" \/><\/a><\/strong><\/p>\n<p><strong>Coop\u00e9ration Grigny-Koupela-Wettemberg<\/strong><\/p>\n<p>Le 8 mai 2023, \u00e0 Grigny, lors de la c\u00e9r\u00e9monie de la comm\u00e9moration de la fin de la deuxi\u00e8me guerre mondiale, \u00e9taient pr\u00e9sents Ralf Volgmann et Margitt Hosenmatz, nos amis allemands de Wettemberg, ville jumel\u00e9e avec Grigny depuis 2019.<br \/>\nRalf Volgmann, \u00e9lu de Wettemberg, a remis <strong>un ch\u00e8que de 2800 \u20ac<\/strong> \u00e0 Marie-Laure Caty, repr\u00e9sentant le comit\u00e9 de jumelage Grigny-Koupela, en pr\u00e9sence du maire de Grigny Xavier Odo et de Najoua Ayache, adjointe au maire. Ce montant a \u00e9t\u00e9 r\u00e9colt\u00e9 \u00e0 Wettemberg lors d\u2019un <strong>concert organis\u00e9 par l\u2019association franco-allemande<\/strong>. Il sera affect\u00e9 \u00e0 de futurs projets en direction des \u00e9coles de Koupela.<\/p>\n<p>Que nos amis allemands en soient chaleureusement remerci\u00e9s.<br \/>\nEn 2019, lors de la venue \u00e0 Grigny des d\u00e9l\u00e9gations allemande et burkinab\u00e9, la coop\u00e9ration triangulaire Grigny-Koupela-Wettemberg a \u00e9t\u00e9 lanc\u00e9e.<br \/>\n<strong>Tout un symbole des rapports Nord-Sud pour un monde de paix et de solidarit\u00e9 !<\/strong><\/p>\n<p><a href=\"http:\/\/portailsolidarites.fr\/Koupela\/wp-content\/uploads\/2023\/06\/cop1.png\"><img loading=\"lazy\" decoding=\"async\" class=\"alignnone size-medium wp-image-4177\" src=\"http:\/\/portailsolidarites.fr\/Koupela\/wp-content\/uploads\/2023\/06\/cop1-300x225.png\" alt=\"\" width=\"300\" height=\"225\" \/><\/a><a href=\"http:\/\/portailsolidarites.fr\/Koupela\/wp-content\/uploads\/2023\/06\/cop2.png\"><img loading=\"lazy\" decoding=\"async\" class=\"size-medium wp-image-4178 alignright\" src=\"http:\/\/portailsolidarites.fr\/Koupela\/wp-content\/uploads\/2023\/06\/cop2-300x224.png\" alt=\"\" width=\"300\" height=\"224\" \/><\/a><br \/>\n<em>Margitt Hosenmatz et Ralf Volgmann lors du dernier salon des vins o\u00f9 Wettemberg tenait un stand.<\/em><br \/>\n_______________________________________________<\/p>\n<p><span style=\"color: #0000ff;\"><strong>Une date \u00e0 retenir !<br \/>\n<\/strong>Le prochain Salon des Vins et Produits du Terroir de GRIGNY (15 km au sud de Lyon) aura lieu les Samedi 25 et Dimanche 26 Novembre 2023.<\/span><\/p>\n<p><span style=\"color: #0000ff;\">40 producteurs et viticulteurs vous attendent pour vous faire d\u00e9guster leurs produits.<\/span><\/p>\n<p><span style=\"color: #0000ff;\"><a style=\"color: #0000ff;\" href=\"http:\/\/portailsolidarites.fr\/Koupela\/wp-content\/uploads\/2023\/06\/image-salon.png\"><img loading=\"lazy\" decoding=\"async\" class=\"size-medium wp-image-4180 aligncenter\" src=\"http:\/\/portailsolidarites.fr\/Koupela\/wp-content\/uploads\/2023\/06\/image-salon-300x225.png\" alt=\"\" width=\"300\" height=\"225\" \/><\/a><\/span><br \/>\n<span style=\"color: #0000ff;\">Rappelons que ce salon est la principale source de revenus du Comit\u00e9 de Jumelage<\/span><br \/>\n<span style=\"color: #0000ff;\">Grigny-Koupela pour financer les projets \u00e0 Koupela, ville jumel\u00e9e avec Grigny depuis 1999.<\/span><\/p>\n<p>_____________________________<br \/>\n<span style=\"color: #ff0000;\"><em><strong>Contacts :<\/strong><\/em><\/span><br \/>\n<span style=\"color: #ff0000;\"><em>Mail : grignykoupela69@gmail.com<\/em><\/span><br \/>\n<span style=\"color: #ff0000;\"><em>Site internet : portailsolidarites.fr<\/em><\/span><br \/>\n<span style=\"color: #ff0000;\"><em><span style=\"color: #ff0000;\">Facebook : (comit\u00e9 de jumelage Grigny-Koupela)<\/span><br \/>\n______________________________<br \/>\n<\/em><\/span><\/p>\n<p>&nbsp;<\/p>\n","protected":false},"excerpt":{"rendered":"<p>\u00a0 Projets 2023 Malgr\u00e9 les difficult\u00e9s que conna\u00eet actuellement le Burkina-Faso, le comit\u00e9 de jumelage Grigny-Koupela poursuit sa coop\u00e9ration avec Koupela. Rappelons que cette coop\u00e9ration se situe au niveau local et qu\u2019elle s\u2019adresse directement \u00e0 la population. Koupela compte 86 &hellip; <a href=\"http:\/\/portailsolidarites.fr\/Koupela\/2023\/06\/15\/la-lettre-electronique-du-comite-de-jumelage-grigny-koupela-n-18-juin-2023\/\">Continuer la lecture <span class=\"meta-nav\">&rarr;<\/span><\/a><\/p>\n","protected":false},"author":4,"featured_media":0,"comment_status":"closed","ping_status":"open","sticky":true,"template":"","format":"standard","meta":{"_uag_custom_page_level_css":"","footnotes":""},"categories":[3,10,32],"tags":[],"class_list":["post-4161","post","type-post","status-publish","format-standard","hentry","category-act-koup","category-echanges","category-realcant"],"uagb_featured_image_src":{"full":false,"thumbnail":false,"medium":false,"medium_large":false,"large":false,"1536x1536":false,"2048x2048":false,"post-thumbnail":false},"uagb_author_info":{"display_name":"G\u00e9rard ARNAUD","author_link":"http:\/\/portailsolidarites.fr\/Koupela\/author\/gerarnaud\/"},"uagb_comment_info":0,"uagb_excerpt":"\u00a0 Projets 2023 Malgr\u00e9 les difficult\u00e9s que conna\u00eet actuellement le Burkina-Faso, le comit\u00e9 de jumelage Grigny-Koupela poursuit sa coop\u00e9ration avec Koupela. Rappelons que cette coop\u00e9ration se situe au niveau local et qu\u2019elle s\u2019adresse directement \u00e0 la population. Koupela compte 86 &hellip; Continuer la lecture &rarr;","_links":{"self":[{"href":"http:\/\/portailsolidarites.fr\/Koupela\/wp-json\/wp\/v2\/posts\/4161","targetHints":{"allow":["GET"]}}],"collection":[{"href":"http:\/\/portailsolidarites.fr\/Koupela\/wp-json\/wp\/v2\/posts"}],"about":[{"href":"http:\/\/portailsolidarites.fr\/Koupela\/wp-json\/wp\/v2\/types\/post"}],"author":[{"embeddable":true,"href":"http:\/\/portailsolidarites.fr\/Koupela\/wp-json\/wp\/v2\/users\/4"}],"replies":[{"embeddable":true,"href":"http:\/\/portailsolidarites.fr\/Koupela\/wp-json\/wp\/v2\/comments?post=4161"}],"version-history":[{"count":0,"href":"http:\/\/portailsolidarites.fr\/Koupela\/wp-json\/wp\/v2\/posts\/4161\/revisions"}],"wp:attachment":[{"href":"http:\/\/portailsolidarites.fr\/Koupela\/wp-json\/wp\/v2\/media?parent=4161"}],"wp:term":[{"taxonomy":"category","embeddable":true,"href":"http:\/\/portailsolidarites.fr\/Koupela\/wp-json\/wp\/v2\/categories?post=4161"},{"taxonomy":"post_tag","embeddable":true,"href":"http:\/\/portailsolidarites.fr\/Koupela\/wp-json\/wp\/v2\/tags?post=4161"}],"curies":[{"name":"wp","href":"https:\/\/api.w.org\/{rel}","templated":true}]}}