{"id":4259,"date":"2023-09-24T17:33:06","date_gmt":"2023-09-24T15:33:06","guid":{"rendered":"http:\/\/portailsolidarites.fr\/grigny-koupela\/?p=4259"},"modified":"2023-09-24T17:33:06","modified_gmt":"2023-09-24T15:33:06","slug":"vive-la-cooperation-decentralisee","status":"publish","type":"post","link":"http:\/\/portailsolidarites.fr\/Koupela\/2023\/09\/24\/vive-la-cooperation-decentralisee\/","title":{"rendered":"Vive la coop\u00e9ration d\u00e9centralis\u00e9e !"},"content":{"rendered":"<p><strong><span style=\"font-size: 14pt;\"><em>\u00ab\u00a0Vive la coop\u00e9ration d\u00e9centralis\u00e9e<\/em> !\u00a0\u00bb<\/span><\/strong><\/p>\n<p><span style=\"font-size: 14pt;\">C&rsquo;est le message que nous adressait, sur Facebook,<\/span><span style=\"font-size: 14pt;\"> le 22 septembre, L<\/span><span style=\"font-size: 14pt;\">eonard <a href=\"http:\/\/portailsolidarites.fr\/Koupela\/wp-content\/uploads\/2023\/09\/Image.png\"><img loading=\"lazy\" decoding=\"async\" class=\"size-full wp-image-4240 alignright\" src=\"http:\/\/portailsolidarites.fr\/Koupela\/wp-content\/uploads\/2023\/09\/Image.png\" alt=\"\" width=\"252\" height=\"228\" \/><\/a>Zoungrana, pr\u00e9sident du comit\u00e9 de jumelage \u00e0 Koup\u00e9la.<br \/>\nEt notre ami Leonard de d\u00e9tailler les derni\u00e8res r\u00e9alisations destin\u00e9es \u00e0 am\u00e9liorer la situation scolaire \u00e0 Koup\u00e9la.<br \/>\n<\/span><\/p>\n<p>&nbsp;<\/p>\n<p><span style=\"font-size: 14pt;\">Le <a href=\"https:\/\/www.facebook.com\/profile.php?id=100064403873693&amp;__cft__[0]=AZXzboHZlqu-uLQiF1tKuSSXhgvewIgRSWwHUqIichFBqQCeCEFniwocVzeDEuMQzK3rj_DaludM0yL_8maAPmZ5ZvEutYF5YQ6kaoKaipwsJ7plHVbcLukUio48wPSyMfQA2EoRqSMJsugNEEibt1DK&amp;__tn__=-]K-R\">Comit\u00e9 de Jumelage Grigny Koup\u00e9la<\/a> a remis de fa\u00e7on solennelle \u00e0 Mme la Pr\u00e9sidente de la d\u00e9l\u00e9gation sp\u00e9ciale de la <a href=\"https:\/\/www.facebook.com\/mairiekoupela.koupela?__cft__[0]=AZXzboHZlqu-uLQiF1tKuSSXhgvewIgRSWwHUqIichFBqQCeCEFniwocVzeDEuMQzK3rj_DaludM0yL_8maAPmZ5ZvEutYF5YQ6kaoKaipwsJ7plHVbcLukUio48wPSyMfQA2EoRqSMJsugNEEibt1DK&amp;__tn__=-]K-R\">Commune de Koupela<\/a> ,les cl\u00e9s des infrastructures r\u00e9alis\u00e9es, projet 2023.<\/span><\/p>\n<p><span style=\"font-size: 14pt;\">Vive la coop\u00e9ration d\u00e9centralis\u00e9e entre les deux villes!<\/span><\/p>\n<p><a href=\"http:\/\/portailsolidarites.fr\/grigny-koupela\/files\/2023\/09\/L\u00e9onanrd-X.jpg\"><img loading=\"lazy\" decoding=\"async\" class=\"alignnone size-medium wp-image-4261\" src=\"http:\/\/portailsolidarites.fr\/grigny-koupela\/files\/2023\/09\/L\u00e9onanrd-X-225x300.jpg\" alt=\"\" width=\"225\" height=\"300\" \/><\/a><a href=\"http:\/\/portailsolidarites.fr\/grigny-koupela\/files\/2023\/09\/X-Y.jpg\"><img loading=\"lazy\" decoding=\"async\" class=\"size-medium wp-image-4262 alignright\" src=\"http:\/\/portailsolidarites.fr\/grigny-koupela\/files\/2023\/09\/X-Y-225x300.jpg\" alt=\"\" width=\"225\" height=\"300\" \/><\/a><\/p>\n<div id=\":R1al9aqqd9emhpapd5aqH2:\" dir=\"ltr\">\n<p><span style=\"font-size: 14pt;\">Un b\u00e2timent de trois classes+un bureau de directeur+un magasin+ un hangar d&rsquo;\u00e9tude + 60 tables-bancs au profit de l&rsquo;\u00e9cole Grigny B.<br \/>\n<\/span><span style=\"font-size: 14pt;\">Un b\u00e2timent administratif de deux bureaux+ salle d&rsquo;attente+ hangar d&rsquo;\u00e9tude pour le CEG du secteur 3.<\/span><\/p>\n<\/div>\n","protected":false},"excerpt":{"rendered":"<p>\u00ab\u00a0Vive la coop\u00e9ration d\u00e9centralis\u00e9e !\u00a0\u00bb C&rsquo;est le message que nous adressait, sur Facebook, le 22 septembre, Leonard Zoungrana, pr\u00e9sident du comit\u00e9 de jumelage \u00e0 Koup\u00e9la. Et notre ami Leonard de d\u00e9tailler les derni\u00e8res r\u00e9alisations destin\u00e9es \u00e0 am\u00e9liorer la situation scolaire &hellip; <a href=\"http:\/\/portailsolidarites.fr\/Koupela\/2023\/09\/24\/vive-la-cooperation-decentralisee\/\">Continuer la lecture <span class=\"meta-nav\">&rarr;<\/span><\/a><\/p>\n","protected":false},"author":4,"featured_media":0,"comment_status":"closed","ping_status":"open","sticky":false,"template":"","format":"standard","meta":{"_uag_custom_page_level_css":"","footnotes":""},"categories":[3,10],"tags":[],"class_list":["post-4259","post","type-post","status-publish","format-standard","hentry","category-act-koup","category-echanges"],"uagb_featured_image_src":{"full":false,"thumbnail":false,"medium":false,"medium_large":false,"large":false,"1536x1536":false,"2048x2048":false,"post-thumbnail":false},"uagb_author_info":{"display_name":"G\u00e9rard ARNAUD","author_link":"http:\/\/portailsolidarites.fr\/Koupela\/author\/gerarnaud\/"},"uagb_comment_info":0,"uagb_excerpt":"\u00ab\u00a0Vive la coop\u00e9ration d\u00e9centralis\u00e9e !\u00a0\u00bb C&rsquo;est le message que nous adressait, sur Facebook, le 22 septembre, Leonard Zoungrana, pr\u00e9sident du comit\u00e9 de jumelage \u00e0 Koup\u00e9la. Et notre ami Leonard de d\u00e9tailler les derni\u00e8res r\u00e9alisations destin\u00e9es \u00e0 am\u00e9liorer la situation scolaire &hellip; Continuer la lecture &rarr;","_links":{"self":[{"href":"http:\/\/portailsolidarites.fr\/Koupela\/wp-json\/wp\/v2\/posts\/4259","targetHints":{"allow":["GET"]}}],"collection":[{"href":"http:\/\/portailsolidarites.fr\/Koupela\/wp-json\/wp\/v2\/posts"}],"about":[{"href":"http:\/\/portailsolidarites.fr\/Koupela\/wp-json\/wp\/v2\/types\/post"}],"author":[{"embeddable":true,"href":"http:\/\/portailsolidarites.fr\/Koupela\/wp-json\/wp\/v2\/users\/4"}],"replies":[{"embeddable":true,"href":"http:\/\/portailsolidarites.fr\/Koupela\/wp-json\/wp\/v2\/comments?post=4259"}],"version-history":[{"count":0,"href":"http:\/\/portailsolidarites.fr\/Koupela\/wp-json\/wp\/v2\/posts\/4259\/revisions"}],"wp:attachment":[{"href":"http:\/\/portailsolidarites.fr\/Koupela\/wp-json\/wp\/v2\/media?parent=4259"}],"wp:term":[{"taxonomy":"category","embeddable":true,"href":"http:\/\/portailsolidarites.fr\/Koupela\/wp-json\/wp\/v2\/categories?post=4259"},{"taxonomy":"post_tag","embeddable":true,"href":"http:\/\/portailsolidarites.fr\/Koupela\/wp-json\/wp\/v2\/tags?post=4259"}],"curies":[{"name":"wp","href":"https:\/\/api.w.org\/{rel}","templated":true}]}}