{"id":4502,"date":"2025-02-15T10:38:24","date_gmt":"2025-02-15T09:38:24","guid":{"rendered":"http:\/\/portailsolidarites.fr\/Koupela\/?p=4502"},"modified":"2025-02-15T10:38:24","modified_gmt":"2025-02-15T09:38:24","slug":"couleurs-dafrique-2025","status":"publish","type":"post","link":"http:\/\/portailsolidarites.fr\/Koupela\/2025\/02\/15\/couleurs-dafrique-2025\/","title":{"rendered":"Couleurs d&rsquo;Afrique 2025"},"content":{"rendered":"<p><img loading=\"lazy\" decoding=\"async\" class=\"alignnone wp-image-4503 size-full\" src=\"http:\/\/portailsolidarites.fr\/Koupela\/wp-content\/uploads\/2025\/02\/photo-couleurs-dAfrique.jpg\" alt=\"\" width=\"509\" height=\"720\" srcset=\"http:\/\/portailsolidarites.fr\/Koupela\/wp-content\/uploads\/2025\/02\/photo-couleurs-dAfrique.jpg 509w, http:\/\/portailsolidarites.fr\/Koupela\/wp-content\/uploads\/2025\/02\/photo-couleurs-dAfrique-212x300.jpg 212w\" sizes=\"auto, (max-width: 509px) 100vw, 509px\" \/><\/p>\n<div id=\":r7d:\" dir=\"ltr\">\n<p>Rendez-vous le Samedi 22 mars 2025, \u00e0 Grigny-sur-Rh\u00f4ne, pour de nouvelles<strong> <span style=\"color: #ff0000;\">Couleurs<\/span> <span style=\"color: #ff0000;\">d\u2019Afrique<\/span><\/strong>\u2026 \u00e0 partir de 17 heures.<br \/>\nMarch\u00e9 africain, ateliers, concert avec le groupe de musique Diam Foly, repas solidaire, ap\u00e9ro bal poussi\u00e8re\u2026<\/p>\n<p>Retenez votre date, venez avec vos amis, faites conna\u00eetre cette soir\u00e9e.<br \/>\nPour passer une bonne soir\u00e9e et faire \u0153uvre solidaire (construction de 4 classes au coll\u00e8ge technique de Koupela).<\/p>\n<p>Nous vous attendons nombreux.<br \/>\n<span style=\"color: #0000ff;\"><em>R\u00e9servation conseill\u00e9e pour le repas\/concert au 06 22 57 55 53 ou 06 73 44 26 22.<\/em><\/span><\/p>\n<\/div>\n","protected":false},"excerpt":{"rendered":"<p>Rendez-vous le Samedi 22 mars 2025, \u00e0 Grigny-sur-Rh\u00f4ne, pour de nouvelles Couleurs d\u2019Afrique\u2026 \u00e0 partir de 17 heures. March\u00e9 africain, ateliers, concert avec le groupe de musique Diam Foly, repas solidaire, ap\u00e9ro bal poussi\u00e8re\u2026 Retenez votre date, venez avec vos &hellip; <a href=\"http:\/\/portailsolidarites.fr\/Koupela\/2025\/02\/15\/couleurs-dafrique-2025\/\">Continuer la lecture <span class=\"meta-nav\">&rarr;<\/span><\/a><\/p>\n","protected":false},"author":4,"featured_media":0,"comment_status":"open","ping_status":"open","sticky":true,"template":"","format":"standard","meta":{"_uag_custom_page_level_css":"","footnotes":""},"categories":[26,6],"tags":[],"class_list":["post-4502","post","type-post","status-publish","format-standard","hentry","category-co-afr","category-manifestations"],"uagb_featured_image_src":{"full":false,"thumbnail":false,"medium":false,"medium_large":false,"large":false,"1536x1536":false,"2048x2048":false,"post-thumbnail":false},"uagb_author_info":{"display_name":"G\u00e9rard ARNAUD","author_link":"http:\/\/portailsolidarites.fr\/Koupela\/author\/gerarnaud\/"},"uagb_comment_info":0,"uagb_excerpt":"Rendez-vous le Samedi 22 mars 2025, \u00e0 Grigny-sur-Rh\u00f4ne, pour de nouvelles Couleurs d\u2019Afrique\u2026 \u00e0 partir de 17 heures. March\u00e9 africain, ateliers, concert avec le groupe de musique Diam Foly, repas solidaire, ap\u00e9ro bal poussi\u00e8re\u2026 Retenez votre date, venez avec vos &hellip; Continuer la lecture &rarr;","_links":{"self":[{"href":"http:\/\/portailsolidarites.fr\/Koupela\/wp-json\/wp\/v2\/posts\/4502","targetHints":{"allow":["GET"]}}],"collection":[{"href":"http:\/\/portailsolidarites.fr\/Koupela\/wp-json\/wp\/v2\/posts"}],"about":[{"href":"http:\/\/portailsolidarites.fr\/Koupela\/wp-json\/wp\/v2\/types\/post"}],"author":[{"embeddable":true,"href":"http:\/\/portailsolidarites.fr\/Koupela\/wp-json\/wp\/v2\/users\/4"}],"replies":[{"embeddable":true,"href":"http:\/\/portailsolidarites.fr\/Koupela\/wp-json\/wp\/v2\/comments?post=4502"}],"version-history":[{"count":1,"href":"http:\/\/portailsolidarites.fr\/Koupela\/wp-json\/wp\/v2\/posts\/4502\/revisions"}],"predecessor-version":[{"id":4504,"href":"http:\/\/portailsolidarites.fr\/Koupela\/wp-json\/wp\/v2\/posts\/4502\/revisions\/4504"}],"wp:attachment":[{"href":"http:\/\/portailsolidarites.fr\/Koupela\/wp-json\/wp\/v2\/media?parent=4502"}],"wp:term":[{"taxonomy":"category","embeddable":true,"href":"http:\/\/portailsolidarites.fr\/Koupela\/wp-json\/wp\/v2\/categories?post=4502"},{"taxonomy":"post_tag","embeddable":true,"href":"http:\/\/portailsolidarites.fr\/Koupela\/wp-json\/wp\/v2\/tags?post=4502"}],"curies":[{"name":"wp","href":"https:\/\/api.w.org\/{rel}","templated":true}]}}