{"id":4602,"date":"2025-12-13T10:49:04","date_gmt":"2025-12-13T09:49:04","guid":{"rendered":"http:\/\/portailsolidarites.fr\/Koupela\/?p=4602"},"modified":"2025-12-13T10:49:04","modified_gmt":"2025-12-13T09:49:04","slug":"remerciements-et-bouchons-de-liege","status":"publish","type":"post","link":"http:\/\/portailsolidarites.fr\/Koupela\/2025\/12\/13\/remerciements-et-bouchons-de-liege\/","title":{"rendered":"Remerciements et bouchons de li\u00e8ge"},"content":{"rendered":"<div class=\"html-div xdj266r x14z9mp xat24cr x1lziwak xexx8yu xyri2b x18d9i69 x1c1uobl\" dir=\"auto\">\n<div class=\"html-div xdj266r x14z9mp xat24cr x1lziwak xexx8yu xyri2b x18d9i69 x1c1uobl\" data-ad-rendering-role=\"story_message\">\n<div id=\"_R_2l5dimjbsmj5ilipamH2_\" class=\"x1l90r2v x1iorvi4 x1g0dm76 xpdmqnj\" data-ad-comet-preview=\"message\" data-ad-preview=\"message\">\n<div class=\"x78zum5 xdt5ytf xz62fqu x16ldp7u\">\n<div class=\"xu06os2 x1ok221b\">\n<div class=\"html-div xdj266r x14z9mp xat24cr x1lziwak xexx8yu xyri2b x18d9i69 x1c1uobl\">\n<div class=\"xdj266r x14z9mp xat24cr x1lziwak x1vvkbs x126k92a\">\n<div dir=\"auto\"><span style=\"font-size: 14pt;\">Remerciements et bouchons de li\u00e8ge\u2026 pour un salon convivial et solidaire !<img loading=\"lazy\" decoding=\"async\" class=\"size-full wp-image-4483 alignright\" src=\"http:\/\/portailsolidarites.fr\/Koupela\/wp-content\/uploads\/2024\/11\/logo.png\" alt=\"\" width=\"252\" height=\"228\" \/><\/p>\n<p><\/span><\/div>\n<\/div>\n<div class=\"x14z9mp xat24cr x1lziwak x1vvkbs xtlvy1s x126k92a\">\n<div dir=\"auto\"><span style=\"font-size: 14pt;\">Mercredi soir 10 d\u00e9cembre, le Comit\u00e9 de Jumelage recevait autour d\u2019un m\u00e2chon les b\u00e9n\u00e9voles, sponsors et la municipalit\u00e9 pour les remercier de l\u2019aide pr\u00e9cieuse apport\u00e9e pendant les deux jours du salon des vins de Grigny-sur-Rh\u00f4ne des 29 et 30 novembre 2025.<\/p>\n<p><\/span><\/div>\n<\/div>\n<div class=\"x14z9mp xat24cr x1lziwak x1vvkbs xtlvy1s x126k92a\">\n<div dir=\"auto\"><span style=\"font-size: 14pt;\">A cette occasion, M. et Mme Gonin, responsables pour le d\u00e9partement du Rh\u00f4ne de l\u2019Association \u00ab\u00a0France Cancer\u00a0\u00bb \u00e9taient pr\u00e9sents. Ils ont pu, ainsi, expliquer leurs actions en faveur de la lutte contre le cancer.<\/span><\/div>\n<\/div>\n<div class=\"x14z9mp xat24cr x1lziwak x1vvkbs xtlvy1s x126k92a\">\n<div dir=\"auto\"><span style=\"font-size: 14pt;\">\u00ab<em> Au niveau de notre D\u00e9l\u00e9gation (d\u00e9partements limitrophes du Rh\u00f4ne), 9 tonnes ont \u00e9t\u00e9 r\u00e9colt\u00e9es et 47 tonnes au niveau national \u00bb nous ont-ils annonc\u00e9 en nous remerciant pour les 100 kilos de bouchons r\u00e9colt\u00e9s pendant le salon 2025.<br \/>\n<\/em><\/span><em><span style=\"font-size: 14pt;\">\u00ab Ces bouchons de li\u00e8ge sont destin\u00e9s \u00e0 deux entreprises qui recyclent le li\u00e8ge pour \u00eatre transform\u00e9 en panneaux isolants, objets de d\u00e9coration, semelles de chaussures, balles de babyfoot, etc&#8230;<\/span><\/em><\/div>\n<div dir=\"auto\"><em><span style=\"font-size: 14pt;\">L\u2019argent ainsi r\u00e9colt\u00e9 est destin\u00e9 \u00e0 la recherche contre le cancer dans des h\u00f4pitaux de Nice \u00bb.<\/p>\n<p><\/span><\/em><\/div>\n<\/div>\n<div class=\"x14z9mp xat24cr x1lziwak x1vvkbs xtlvy1s x126k92a\">\n<div dir=\"auto\"><span style=\"font-size: 14pt;\">Nous invitons donc toutes les personnes \u00e0 garder les bouchons de li\u00e8ge, \u00e0 les stocker pour les apporter lors du salon 2026. Il est toujours possible de les faire passer avant et de contacter un membre du Comit\u00e9 de Jumelage.<\/span><\/div>\n<div dir=\"auto\"><span style=\"font-size: 14pt;\">Ainsi, le salon des vins de Grigny, tout en participant \u00e0 la solidarit\u00e9 internationale (b\u00e9n\u00e9fices destin\u00e9s aux projets de d\u00e9veloppement \u00e0 Koupela au Burkina-Faso) ajoute une dimension de solidarit\u00e9 nationale (aide \u00e0 France Cancer) et fait un geste pour la plan\u00e8te.<\/p>\n<p><img loading=\"lazy\" decoding=\"async\" class=\"wp-image-4603 size-medium aligncenter\" src=\"http:\/\/portailsolidarites.fr\/Koupela\/wp-content\/uploads\/2025\/12\/597812624_4291576531088669_2560170228228607229_n-300x225.jpg\" alt=\"\" width=\"300\" height=\"225\" srcset=\"http:\/\/portailsolidarites.fr\/Koupela\/wp-content\/uploads\/2025\/12\/597812624_4291576531088669_2560170228228607229_n-300x225.jpg 300w, http:\/\/portailsolidarites.fr\/Koupela\/wp-content\/uploads\/2025\/12\/597812624_4291576531088669_2560170228228607229_n.jpg 590w\" sizes=\"auto, (max-width: 300px) 100vw, 300px\" \/><\/p>\n<p><\/span><\/div>\n<\/div>\n<div class=\"x14z9mp xat24cr x1lziwak x1vvkbs xtlvy1s x126k92a\">\n<div dir=\"auto\"><span style=\"font-size: 14pt; color: #ff0000;\">Allez, on se fixe un d\u00e9fi : 200 kilos de bouchons pour le salon 2026 !<\/span><\/div>\n<\/div>\n<\/div>\n<\/div>\n<\/div>\n<\/div>\n<\/div>\n<\/div>\n<div id=\"_R_2l5dimjbsmj5ilipamH3_\" class=\"html-div xdj266r x14z9mp xat24cr x1lziwak xexx8yu xyri2b x18d9i69 x1c1uobl x1n2onr6\">\n<div class=\"html-div xdj266r x14z9mp xat24cr x1lziwak xexx8yu xyri2b x18d9i69 x1c1uobl x1n2onr6\">\n<div class=\"html-div xdj266r x14z9mp xat24cr x1lziwak xexx8yu xyri2b x18d9i69 x1c1uobl\">\n<div class=\"x1n2onr6\">\n<div class=\"x1n2onr6\">\n<div class=\"x6ikm8r x10wlt62 x10l6tqk\"><\/div>\n<\/div>\n<\/div>\n<\/div>\n<\/div>\n<\/div>\n<div class=\"x6ikm8r x10wlt62 x10l6tqk\"><\/div>\n<div class=\"x6ikm8r x10wlt62 x10l6tqk\"><\/div>\n<div class=\"x6ikm8r x10wlt62 x10l6tqk\"><\/div>\n<div class=\"x6ikm8r x10wlt62 x10l6tqk\"><\/div>\n<div class=\"html-div xdj266r x14z9mp xat24cr x1lziwak xexx8yu xyri2b x18d9i69 x1c1uobl\">\n<div id=\"_R_2l5dimjbsmj5ilipamH3_\" class=\"html-div xdj266r x14z9mp xat24cr x1lziwak xexx8yu xyri2b x18d9i69 x1c1uobl x1n2onr6\">\n<div class=\"html-div xdj266r x14z9mp xat24cr x1lziwak xexx8yu xyri2b x18d9i69 x1c1uobl x6ikm8r x10wlt62\"><\/div>\n<\/div>\n<\/div>\n<div>\n<div class=\"xabvvm4 xeyy32k x1ia1hqs x1a2w583 x6ikm8r x10wlt62\" data-visualcompletion=\"ignore-dynamic\">\n<div>\n<div>\n<div>\n<div class=\"x1n2onr6\">\n<div class=\"x6s0dn4 xi81zsa x78zum5 x6prxxf x13a6bvl xvq8zen xdj266r xat24cr x1c1uobl xyri2b x1diwwjn xbmvrgn x1yrsyyn x18d9i69\">\n<div class=\"x6s0dn4 x78zum5 x1iyjqo2 x6ikm8r x10wlt62\"><\/div>\n<\/div>\n<\/div>\n<\/div>\n<\/div>\n<\/div>\n<\/div>\n<\/div>\n<div><\/div>\n<div class=\"x1c4vz4f x2lah0s xci0xqf\"><\/div>\n<div class=\"x9f619 x1ja2u2z x78zum5 x2lah0s x1n2onr6 x1qughib x1qjc9v5 xozqiw3 x1q0g3np xyri2b x1c1uobl x1ws5yxj xw01apr x4cne27 xifccgj x123j3cw xs9asl8\">\n<div class=\"x9f619 x1n2onr6 x1ja2u2z x78zum5 xdt5ytf x2lah0s x193iq5w xeuugli x1icxu4v x25sj25 x10b6aqq x1yrsyyn\"><\/div>\n<div class=\"x9f619 x1n2onr6 x1ja2u2z x78zum5 xdt5ytf x2lah0s x193iq5w xeuugli x1icxu4v x25sj25 x10b6aqq x1yrsyyn\"><\/div>\n<\/div>\n","protected":false},"excerpt":{"rendered":"<p>Remerciements et bouchons de li\u00e8ge\u2026 pour un salon convivial et solidaire ! Mercredi soir 10 d\u00e9cembre, le Comit\u00e9 de Jumelage recevait autour d\u2019un m\u00e2chon les b\u00e9n\u00e9voles, sponsors et la municipalit\u00e9 pour les remercier de l\u2019aide pr\u00e9cieuse apport\u00e9e pendant les deux &hellip; <a href=\"http:\/\/portailsolidarites.fr\/Koupela\/2025\/12\/13\/remerciements-et-bouchons-de-liege\/\">Continuer la lecture <span class=\"meta-nav\">&rarr;<\/span><\/a><\/p>\n","protected":false},"author":4,"featured_media":0,"comment_status":"open","ping_status":"open","sticky":true,"template":"","format":"standard","meta":{"_uag_custom_page_level_css":"","footnotes":""},"categories":[24,6],"tags":[],"class_list":["post-4602","post","type-post","status-publish","format-standard","hentry","category-salons-des-vins","category-manifestations"],"uagb_featured_image_src":{"full":false,"thumbnail":false,"medium":false,"medium_large":false,"large":false,"1536x1536":false,"2048x2048":false,"post-thumbnail":false},"uagb_author_info":{"display_name":"G\u00e9rard ARNAUD","author_link":"http:\/\/portailsolidarites.fr\/Koupela\/author\/gerarnaud\/"},"uagb_comment_info":1,"uagb_excerpt":"Remerciements et bouchons de li\u00e8ge\u2026 pour un salon convivial et solidaire ! Mercredi soir 10 d\u00e9cembre, le Comit\u00e9 de Jumelage recevait autour d\u2019un m\u00e2chon les b\u00e9n\u00e9voles, sponsors et la municipalit\u00e9 pour les remercier de l\u2019aide pr\u00e9cieuse apport\u00e9e pendant les deux &hellip; Continuer la lecture &rarr;","_links":{"self":[{"href":"http:\/\/portailsolidarites.fr\/Koupela\/wp-json\/wp\/v2\/posts\/4602","targetHints":{"allow":["GET"]}}],"collection":[{"href":"http:\/\/portailsolidarites.fr\/Koupela\/wp-json\/wp\/v2\/posts"}],"about":[{"href":"http:\/\/portailsolidarites.fr\/Koupela\/wp-json\/wp\/v2\/types\/post"}],"author":[{"embeddable":true,"href":"http:\/\/portailsolidarites.fr\/Koupela\/wp-json\/wp\/v2\/users\/4"}],"replies":[{"embeddable":true,"href":"http:\/\/portailsolidarites.fr\/Koupela\/wp-json\/wp\/v2\/comments?post=4602"}],"version-history":[{"count":1,"href":"http:\/\/portailsolidarites.fr\/Koupela\/wp-json\/wp\/v2\/posts\/4602\/revisions"}],"predecessor-version":[{"id":4604,"href":"http:\/\/portailsolidarites.fr\/Koupela\/wp-json\/wp\/v2\/posts\/4602\/revisions\/4604"}],"wp:attachment":[{"href":"http:\/\/portailsolidarites.fr\/Koupela\/wp-json\/wp\/v2\/media?parent=4602"}],"wp:term":[{"taxonomy":"category","embeddable":true,"href":"http:\/\/portailsolidarites.fr\/Koupela\/wp-json\/wp\/v2\/categories?post=4602"},{"taxonomy":"post_tag","embeddable":true,"href":"http:\/\/portailsolidarites.fr\/Koupela\/wp-json\/wp\/v2\/tags?post=4602"}],"curies":[{"name":"wp","href":"https:\/\/api.w.org\/{rel}","templated":true}]}}