{"id":1164,"date":"2012-05-16T11:40:02","date_gmt":"2012-05-16T09:40:02","guid":{"rendered":"http:\/\/portailsolidarites.fr\/amicalelaiquegrigny\/?p=1164"},"modified":"2012-05-16T11:40:02","modified_gmt":"2012-05-16T09:40:02","slug":"succes-de-lexpo-peinture-et-encadrement-dart-des-12-et-13-mai-2012","status":"publish","type":"post","link":"https:\/\/portailsolidarites.fr\/Amicale\/2012\/05\/16\/succes-de-lexpo-peinture-et-encadrement-dart-des-12-et-13-mai-2012\/","title":{"rendered":"Succ\u00e8s de l&rsquo;expo Peinture et Encadrement d&rsquo;art des 12 et 13 mai 2012"},"content":{"rendered":"<p>Le vernissage de l&rsquo;exposition qui a eu lieu samedi 12 mai \u00e0 11h a connu un grand succ\u00e8s en rassemblant une centaine de personnes au centre Edouard Brenot.<\/p>\n<div id=\"attachment_1176\" style=\"width: 650px\" class=\"wp-caption aligncenter\"><a href=\"http:\/\/portailsolidarites.fr\/amicalelaiquegrigny\/files\/2012\/05\/Discours-2-photos-001.jpg\"><img loading=\"lazy\" decoding=\"async\" aria-describedby=\"caption-attachment-1176\" class=\"size-full wp-image-1176\" src=\"http:\/\/portailsolidarites.fr\/amicalelaiquegrigny\/files\/2012\/05\/Discours-2-photos-001.jpg\" alt=\"\" width=\"640\" height=\"196\" \/><\/a><p id=\"caption-attachment-1176\" class=\"wp-caption-text\">Pendant le discours<\/p><\/div>\n<p>Apr\u00e8s\u00a0avoir transmis les excuses et les regrets de Jacky GATEAU, le Pr\u00e9sident, qui n&rsquo;a pas pu \u00eatre pr\u00e9sent, Alain BOTTONE, responsable de la section Arts Plastiques,\u00a0remercie Monsieur le Maire,\u00a0les \u00e9lus,\u00a0artistes, amis et visiteurs d&rsquo;\u00eatre venus si nombreux manifester leur int\u00e9r\u00eat et leur soutien.<br \/>\nIl indique que la section f\u00eatera cette ann\u00e9e ses 20 ans (cr\u00e9ation \u00e0 l&rsquo;automne 1992). Elle compte actuellement 18 membres dont 16 exposent.<\/p>\n<p>C&rsquo;est aussi la 2e saison de la section Arts Plastiques Enfants, anim\u00e9e par le professeur Fran\u00e7ois MILLET: \u00a07 enfants exposent des planches de BD et des t\u00eates d&rsquo;animaux.<\/p>\n<p>Alain BOTTONE pr\u00e9sente ensuite les 2 invit\u00e9s d&rsquo;honneur:<\/p>\n<p>&#8211;<span style=\"color: #0000ff\"> <span style=\"text-decoration: underline\"><a href=\"http:\/\/www.wambst.com\/\">Jean-Jacques WAMBST<\/a><\/span>, <span style=\"color: #003300\">peintre et sculpteur reconnu qui expose dans des salons et galeries en France et \u00e0 l&rsquo;\u00e9tranger (USA, Russie, Espagne, Suisse, Italie). Il pr\u00e9sente une s\u00e9rie de paysages abstraits et 3 sculptures expressionnistes.<\/span><\/span><\/p>\n<p><span style=\"color: #0000ff\"><span style=\"color: #800000\">&#8211;<a href=\"http:\/\/www.robert-duport.artiste-com.com\/\"><span style=\"color: #800000;text-decoration: underline\"> Robert DUPORT<\/span><\/a>, <span style=\"color: #003300\">artiste plasticien graveur sur<\/span><\/span><span style=\"color: #003300\"> m\u00e9tal<\/span><\/span><br \/>\n<span style=\"color: #003300\">Ma\u00eetrisant parfaitement les techniques de d\u00e9formation du m\u00e9tal,\u00a0de la gravure et des traitements thermiques et chimiques, il peut donner libre cours \u00e0 son esprit cr\u00e9atif pour r\u00e9aliser des tableaux sculpturaux ou bas reliefs o\u00f9 les courbes des corps sont souvent repr\u00e9sent\u00e9es et sublim\u00e9es.<\/span><\/p>\n<p>Bernadette AUBERT, responsable de la section Encadrement d&rsquo;art pr\u00e9sente\u00a0\u00e0 son tour\u00a0sa\u00a0section, avec des s\u00e9ances anim\u00e9es par Chantal QUATTROPANI, professeur, et des s\u00e9ances suppl\u00e9mentaires libres.<\/p>\n<p><span style=\"color: #000000\">Monsieur Ren\u00e9 BALME, maire de Grigny, prend ensuite la parole pour souligner l&rsquo;int\u00e9r\u00eat de cette manifestation qui s&rsquo;inscrit naturellement dans la politique culturelle de la ville. Il rappelle en particulier la cr\u00e9ation \u00e0 Grigny de la Cit\u00e9 des artistes, initiative originale en France.<\/span><\/p>\n<p><span style=\"color: #000000\">Un\u00a0ap\u00e9ritif convivial cloture le vernissage.<\/span><\/p>\n<p><strong><em><span style=\"color: #008000\">300 visiteurs se sont succ\u00e9d\u00e9s \u00e0 un bon rythme pendant<\/span><span style=\"color: #008000\"> les 2 jours d&rsquo;exposition (un tr\u00e8s bon r\u00e9sultat par rapport \u00e0 la moyenne des ann\u00e9es pr\u00e9c\u00e9dentes).<\/span><\/em><\/strong><\/p>\n<p>&nbsp;<\/p>\n<div id=\"attachment_1198\" style=\"width: 490px\" class=\"wp-caption aligncenter\"><a href=\"http:\/\/portailsolidarites.fr\/amicalelaiquegrigny\/files\/2012\/05\/expo-grigny.jpg\"><img loading=\"lazy\" decoding=\"async\" aria-describedby=\"caption-attachment-1198\" class=\"size-full wp-image-1198\" src=\"http:\/\/portailsolidarites.fr\/amicalelaiquegrigny\/files\/2012\/05\/expo-grigny.jpg\" alt=\"\" width=\"480\" height=\"278\" \/><\/a><p id=\"caption-attachment-1198\" class=\"wp-caption-text\">Quelques exposantes pendant l&rsquo;exposition<\/p><\/div>\n<p>&nbsp;<\/p>\n<div id=\"attachment_1385\" style=\"width: 650px\" class=\"wp-caption aligncenter\"><a href=\"http:\/\/portailsolidarites.fr\/amicalelaiquegrigny\/files\/2012\/05\/DSCF2090.jpg\"><img loading=\"lazy\" decoding=\"async\" aria-describedby=\"caption-attachment-1385\" class=\"size-full wp-image-1385\" src=\"http:\/\/portailsolidarites.fr\/amicalelaiquegrigny\/files\/2012\/05\/DSCF2090.jpg\" alt=\"\" width=\"640\" height=\"480\" \/><\/a><p id=\"caption-attachment-1385\" class=\"wp-caption-text\">Les exposants de la section Arts Plastiques<br \/>(presque tous)<\/p><\/div>\n<p><em>\u00a0Lors de l&rsquo;exposition, le public \u00e9tait\u00a0invit\u00e9 \u00e0 choisir son tableau pr\u00e9f\u00e9r\u00e9.\u00a0 Apr\u00e8s d\u00e9pouillement , le prix du public a \u00e9t\u00e9 attribu\u00e9 \u00e0 Bernadette AUBERT pour son tableau \u00ab\u00a0Le pont Charles \u00e0 Prague\u00a0\u00bb.<\/em><\/p>\n<div id=\"attachment_1196\" style=\"width: 490px\" class=\"wp-caption aligncenter\"><a href=\"http:\/\/portailsolidarites.fr\/amicalelaiquegrigny\/files\/2012\/05\/remise-de-prix-\u00e0-la-laur\u00e9ate.jpg\"><img loading=\"lazy\" decoding=\"async\" aria-describedby=\"caption-attachment-1196\" class=\"size-full wp-image-1196\" src=\"http:\/\/portailsolidarites.fr\/amicalelaiquegrigny\/files\/2012\/05\/remise-de-prix-\u00e0-la-laur\u00e9ate.jpg\" alt=\"Remise du dipl\u00f4me\" width=\"480\" height=\"401\" \/><\/a><p id=\"caption-attachment-1196\" class=\"wp-caption-text\">Remise du dipl\u00f4me \u00ab\u00a0Prix du Public\u00a0\u00bb \u00e0 Bernadette AUBERT<\/p><\/div>\n<p><em>\u00a0Ci-dessous, le tableau concern\u00e9:<\/em><\/p>\n<div id=\"attachment_1211\" style=\"width: 490px\" class=\"wp-caption aligncenter\"><a href=\"http:\/\/portailsolidarites.fr\/amicalelaiquegrigny\/files\/2012\/05\/Le-pont-Charles-Bernadette.jpg\"><img loading=\"lazy\" decoding=\"async\" aria-describedby=\"caption-attachment-1211\" class=\"size-full wp-image-1211\" src=\"http:\/\/portailsolidarites.fr\/amicalelaiquegrigny\/files\/2012\/05\/Le-pont-Charles-Bernadette.jpg\" alt=\"\" width=\"480\" height=\"189\" \/><\/a><p id=\"caption-attachment-1211\" class=\"wp-caption-text\">Tableau \u00ab\u00a0Le pont Charles \u00e0 Prague\u00a0\u00bb<\/p><\/div>\n","protected":false},"excerpt":{"rendered":"<p>Le vernissage de l&rsquo;exposition qui a eu lieu samedi 12 mai \u00e0 11h a connu un grand succ\u00e8s en rassemblant une centaine de personnes au centre Edouard Brenot. Apr\u00e8s\u00a0avoir transmis les excuses et les regrets de Jacky GATEAU, le Pr\u00e9sident, &hellip; <a href=\"https:\/\/portailsolidarites.fr\/Amicale\/2012\/05\/16\/succes-de-lexpo-peinture-et-encadrement-dart-des-12-et-13-mai-2012\/\">Continuer la lecture <span class=\"meta-nav\">&rarr;<\/span><\/a><\/p>\n","protected":false},"author":2,"featured_media":0,"comment_status":"open","ping_status":"open","sticky":false,"template":"","format":"standard","meta":{"_uag_custom_page_level_css":"","footnotes":""},"categories":[2,3,9],"tags":[60,82,104],"class_list":["post-1164","post","type-post","status-publish","format-standard","hentry","category-interet-general","category-arts-plastiques","category-encadrement-dart","tag-exposition","tag-peinture","tag-vernissage"],"uagb_featured_image_src":{"full":false,"thumbnail":false,"medium":false,"medium_large":false,"large":false,"1536x1536":false,"2048x2048":false,"post-thumbnail":false},"uagb_author_info":{"display_name":"amicalelaiquegrigny","author_link":"https:\/\/portailsolidarites.fr\/Amicale\/author\/amicalelaiquegrigny\/"},"uagb_comment_info":0,"uagb_excerpt":"Le vernissage de l&rsquo;exposition qui a eu lieu samedi 12 mai \u00e0 11h a connu un grand succ\u00e8s en rassemblant une centaine de personnes au centre Edouard Brenot. Apr\u00e8s\u00a0avoir transmis les excuses et les regrets de Jacky GATEAU, le Pr\u00e9sident, &hellip; Continuer la lecture &rarr;","_links":{"self":[{"href":"https:\/\/portailsolidarites.fr\/Amicale\/wp-json\/wp\/v2\/posts\/1164","targetHints":{"allow":["GET"]}}],"collection":[{"href":"https:\/\/portailsolidarites.fr\/Amicale\/wp-json\/wp\/v2\/posts"}],"about":[{"href":"https:\/\/portailsolidarites.fr\/Amicale\/wp-json\/wp\/v2\/types\/post"}],"author":[{"embeddable":true,"href":"https:\/\/portailsolidarites.fr\/Amicale\/wp-json\/wp\/v2\/users\/2"}],"replies":[{"embeddable":true,"href":"https:\/\/portailsolidarites.fr\/Amicale\/wp-json\/wp\/v2\/comments?post=1164"}],"version-history":[{"count":0,"href":"https:\/\/portailsolidarites.fr\/Amicale\/wp-json\/wp\/v2\/posts\/1164\/revisions"}],"wp:attachment":[{"href":"https:\/\/portailsolidarites.fr\/Amicale\/wp-json\/wp\/v2\/media?parent=1164"}],"wp:term":[{"taxonomy":"category","embeddable":true,"href":"https:\/\/portailsolidarites.fr\/Amicale\/wp-json\/wp\/v2\/categories?post=1164"},{"taxonomy":"post_tag","embeddable":true,"href":"https:\/\/portailsolidarites.fr\/Amicale\/wp-json\/wp\/v2\/tags?post=1164"}],"curies":[{"name":"wp","href":"https:\/\/api.w.org\/{rel}","templated":true}]}}