{"id":1201,"date":"2012-05-26T09:17:08","date_gmt":"2012-05-26T07:17:08","guid":{"rendered":"http:\/\/portailsolidarites.fr\/amicalelaiquegrigny\/?p=1201"},"modified":"2012-05-26T09:17:08","modified_gmt":"2012-05-26T07:17:08","slug":"escalade-2-champions-du-rhone-ufolep","status":"publish","type":"post","link":"https:\/\/portailsolidarites.fr\/Amicale\/2012\/05\/26\/escalade-2-champions-du-rhone-ufolep\/","title":{"rendered":"Escalade: 2 champions du Rh\u00f4ne UFOLEP pour l&rsquo;ALG"},"content":{"rendered":"<p>La section Escalade s&rsquo;est distingu\u00e9e \u00e0 l&rsquo;issue de la derni\u00e8re \u00e9preuve des championnats du Rh\u00f4ne UFOLEP.\u00a0 Ci-apr\u00e8s, l&rsquo;article du Progr\u00e8s du 26 mai 2012, relatant l&rsquo;\u00e9v\u00e8nement.<\/p>\n<div id=\"attachment_1203\" style=\"width: 468px\" class=\"wp-caption aligncenter\"><a href=\"http:\/\/portailsolidarites.fr\/amicalelaiquegrigny\/files\/2012\/05\/Escalade-le-Progr\u00e8s-26-mai-2012.jpg\"><img loading=\"lazy\" decoding=\"async\" aria-describedby=\"caption-attachment-1203\" class=\"size-full wp-image-1203\" src=\"http:\/\/portailsolidarites.fr\/amicalelaiquegrigny\/files\/2012\/05\/Escalade-le-Progr\u00e8s-26-mai-2012.jpg\" alt=\"\" width=\"458\" height=\"480\" \/><\/a><p id=\"caption-attachment-1203\" class=\"wp-caption-text\">Le Progr\u00e8s - samedi 26 mai 2012<\/p><\/div>\n<p>\u00a0_______________________________________________________<\/p>\n<h3><strong><span style=\"color: #0000ff\">R\u00e9sultats des 4 comp\u00e9titions du Championnat du Rh\u00f4ne d&rsquo;Escalade UFOLEP 2012:<\/span><\/strong><\/h3>\n<p><strong>1- <span style=\"color: #0000ff\"><span style=\"text-decoration: underline\">CSO -8 janvier 2012<\/span>:<\/span><\/strong><br \/>\n\u00a0\u00a0\u00a0\u00a0 Cat\u00e9gorie 13\/14 ans F\u00e9minine: &#8211; RIGOBELLO Fanny\u00a0 1\u00e8re<br \/>\n\u00a0\u00a0\u00a0\u00a0\u00a0\u00a0\u00a0\u00a0\u00a0\u00a0\u00a0\u00a0\u00a0\u00a0\u00a0\u00a0\u00a0\u00a0\u00a0\u00a0\u00a0\u00a0\u00a0\u00a0\u00a0\u00a0\u00a0\u00a0\u00a0\u00a0\u00a0\u00a0\u00a0\u00a0\u00a0\u00a0\u00a0\u00a0\u00a0\u00a0\u00a0\u00a0\u00a0\u00a0\u00a0\u00a0\u00a0\u00a0\u00a0\u00a0\u00a0\u00a0\u00a0\u00a0\u00a0\u00a0\u00a0\u00a0\u00a0\u00a0&#8211; PIRONNEAU Marine\u00a0 6e<br \/>\n\u00a0\u00a0\u00a0\u00a0 Cat\u00e9gorie 15\/16 ans Masculin: &#8211; SALAMACHA Nicolas\u00a0 3e<br \/>\n\u00a0\u00a0\u00a0\u00a0 Cat\u00e9gorie 40 ans et plus F\u00e9minin:\u00a0&#8211; PIRONNEAU Agn\u00e8s\u00a0 1\u00e8re<\/p>\n<p><strong>2- <span style=\"color: #0000ff\"><span style=\"text-decoration: underline\">ALV &#8211; 4 f\u00e9vrier 2012<\/span>:<\/span><\/strong><br \/>\n\u00a0\u00a0\u00a0\u00a0 Cat. 13\/14 ans F\u00e9minine: &#8211; RIGOBELLO Fanny\u00a0 1\u00e8re<br \/>\n\u00a0\u00a0\u00a0\u00a0 Cat. 13\/14 ans Masculin: &#8211; CHIPIER Antoine\u00a0 5e<br \/>\n\u00a0\u00a0\u00a0\u00a0 Cat. 15\/16 ans Masculin: &#8211; SALAMACHA Nicolas\u00a0 1er<\/p>\n<p><strong>3- <span style=\"color: #0000ff\"><span style=\"text-decoration: underline\">CELEST\/NLR 31 mars 2012<\/span>:<\/span><\/strong><br \/>\n\u00a0\u00a0\u00a0\u00a0\u00a0Cat. 13\/14 ans F\u00e9minine: &#8211; RIGOBELLO Fanny\u00a0 1\u00e8re<br \/>\n\u00a0\u00a0\u00a0\u00a0 Cat. 13\/14 ans Masculin: &#8211; CHIPIER Antoine\u00a0 3e<br \/>\n\u00a0\u00a0\u00a0\u00a0 Cat. 15\/16 ans Masculin: &#8211; SALAMACHA Nicolas\u00a0 1er<\/p>\n<p><strong>4- <span style=\"color: #0000ff\"><span style=\"text-decoration: underline\">BCO 29 avril 2012<\/span>:<\/span><\/strong><br \/>\n\u00a0\u00a0\u00a0\u00a0 Cat. 13\/14 ans F\u00e9minine: &#8211; RIGOBELLO Fanny\u00a0 2e<br \/>\n\u00a0\u00a0\u00a0\u00a0 Cat. 13\/14 ans Masculin: &#8211; CHIPIER Antoine\u00a0 4e<\/p>\n<h2><em><span style=\"color: #993300\">Bravo \u00e0 tous !<\/span><\/em><\/h2>\n<p>\u00a0<a href=\"http:\/\/portailsolidarites.fr\/amicalelaiquegrigny\/files\/2012\/04\/Fanny-22.jpg\"><img loading=\"lazy\" decoding=\"async\" class=\"alignnone size-thumbnail wp-image-933\" src=\"http:\/\/portailsolidarites.fr\/amicalelaiquegrigny\/files\/2012\/04\/Fanny-22-150x150.jpg\" alt=\"Fanny\" width=\"150\" height=\"150\" \/><\/a>\u00a0\u00a0 <a href=\"http:\/\/portailsolidarites.fr\/amicalelaiquegrigny\/files\/2012\/04\/Antoine-12.jpg\"><img loading=\"lazy\" decoding=\"async\" class=\"alignnone size-thumbnail wp-image-934\" src=\"http:\/\/portailsolidarites.fr\/amicalelaiquegrigny\/files\/2012\/04\/Antoine-12-150x150.jpg\" alt=\"Antoine\" width=\"150\" height=\"150\" \/><\/a>\u00a0\u00a0 <a href=\"http:\/\/portailsolidarites.fr\/amicalelaiquegrigny\/files\/2012\/04\/Nicolas.jpg\"><img loading=\"lazy\" decoding=\"async\" class=\"alignnone size-thumbnail wp-image-936\" src=\"http:\/\/portailsolidarites.fr\/amicalelaiquegrigny\/files\/2012\/04\/Nicolas-150x150.jpg\" alt=\"Nicolas\" width=\"150\" height=\"150\" \/><\/a><\/p>\n<div class=\"mceTemp\"><span style=\"color: #0000ff\">\u00a0\u00a0\u00a0\u00a0<em>\u00a0\u00a0\u00a0\u00a0\u00a0\u00a0\u00a0\u00a0 Fanny\u00a0\u00a0\u00a0\u00a0\u00a0\u00a0\u00a0\u00a0\u00a0\u00a0\u00a0\u00a0\u00a0\u00a0\u00a0\u00a0\u00a0\u00a0\u00a0\u00a0\u00a0\u00a0\u00a0\u00a0\u00a0\u00a0\u00a0 Antoine\u00a0\u00a0\u00a0\u00a0\u00a0\u00a0\u00a0\u00a0\u00a0\u00a0\u00a0\u00a0\u00a0\u00a0\u00a0\u00a0\u00a0\u00a0\u00a0\u00a0\u00a0\u00a0\u00a0\u00a0\u00a0\u00a0\u00a0\u00a0Nicolas<\/em><\/span><\/div>\n<div class=\"mceTemp\">________________________________________________________________<\/div>\n<div class=\"mceTemp\">\u00a0<\/div>\n","protected":false},"excerpt":{"rendered":"<p>La section Escalade s&rsquo;est distingu\u00e9e \u00e0 l&rsquo;issue de la derni\u00e8re \u00e9preuve des championnats du Rh\u00f4ne UFOLEP.\u00a0 Ci-apr\u00e8s, l&rsquo;article du Progr\u00e8s du 26 mai 2012, relatant l&rsquo;\u00e9v\u00e8nement. \u00a0_______________________________________________________ R\u00e9sultats des 4 comp\u00e9titions du Championnat du Rh\u00f4ne d&rsquo;Escalade UFOLEP 2012: 1- CSO &hellip; <a href=\"https:\/\/portailsolidarites.fr\/Amicale\/2012\/05\/26\/escalade-2-champions-du-rhone-ufolep\/\">Continuer la lecture <span class=\"meta-nav\">&rarr;<\/span><\/a><\/p>\n","protected":false},"author":2,"featured_media":0,"comment_status":"open","ping_status":"open","sticky":false,"template":"","format":"standard","meta":{"_uag_custom_page_level_css":"","footnotes":""},"categories":[2,10],"tags":[38,58],"class_list":["post-1201","post","type-post","status-publish","format-standard","hentry","category-interet-general","category-escalade","tag-champion","tag-escalade-2"],"uagb_featured_image_src":{"full":false,"thumbnail":false,"medium":false,"medium_large":false,"large":false,"1536x1536":false,"2048x2048":false,"post-thumbnail":false},"uagb_author_info":{"display_name":"amicalelaiquegrigny","author_link":"https:\/\/portailsolidarites.fr\/Amicale\/author\/amicalelaiquegrigny\/"},"uagb_comment_info":0,"uagb_excerpt":"La section Escalade s&rsquo;est distingu\u00e9e \u00e0 l&rsquo;issue de la derni\u00e8re \u00e9preuve des championnats du Rh\u00f4ne UFOLEP.\u00a0 Ci-apr\u00e8s, l&rsquo;article du Progr\u00e8s du 26 mai 2012, relatant l&rsquo;\u00e9v\u00e8nement. \u00a0_______________________________________________________ R\u00e9sultats des 4 comp\u00e9titions du Championnat du Rh\u00f4ne d&rsquo;Escalade UFOLEP 2012: 1- CSO &hellip; Continuer la lecture &rarr;","_links":{"self":[{"href":"https:\/\/portailsolidarites.fr\/Amicale\/wp-json\/wp\/v2\/posts\/1201","targetHints":{"allow":["GET"]}}],"collection":[{"href":"https:\/\/portailsolidarites.fr\/Amicale\/wp-json\/wp\/v2\/posts"}],"about":[{"href":"https:\/\/portailsolidarites.fr\/Amicale\/wp-json\/wp\/v2\/types\/post"}],"author":[{"embeddable":true,"href":"https:\/\/portailsolidarites.fr\/Amicale\/wp-json\/wp\/v2\/users\/2"}],"replies":[{"embeddable":true,"href":"https:\/\/portailsolidarites.fr\/Amicale\/wp-json\/wp\/v2\/comments?post=1201"}],"version-history":[{"count":0,"href":"https:\/\/portailsolidarites.fr\/Amicale\/wp-json\/wp\/v2\/posts\/1201\/revisions"}],"wp:attachment":[{"href":"https:\/\/portailsolidarites.fr\/Amicale\/wp-json\/wp\/v2\/media?parent=1201"}],"wp:term":[{"taxonomy":"category","embeddable":true,"href":"https:\/\/portailsolidarites.fr\/Amicale\/wp-json\/wp\/v2\/categories?post=1201"},{"taxonomy":"post_tag","embeddable":true,"href":"https:\/\/portailsolidarites.fr\/Amicale\/wp-json\/wp\/v2\/tags?post=1201"}],"curies":[{"name":"wp","href":"https:\/\/api.w.org\/{rel}","templated":true}]}}