{"id":1252,"date":"2012-06-18T18:34:24","date_gmt":"2012-06-18T16:34:24","guid":{"rendered":"http:\/\/portailsolidarites.fr\/amicalelaiquegrigny\/?p=1252"},"modified":"2012-06-18T18:34:24","modified_gmt":"2012-06-18T16:34:24","slug":"mini-gala-de-gym-artistique-du-15-juin-2012","status":"publish","type":"post","link":"https:\/\/portailsolidarites.fr\/Amicale\/2012\/06\/18\/mini-gala-de-gym-artistique-du-15-juin-2012\/","title":{"rendered":"Mini-gala de gym artistique du 15 juin 2012"},"content":{"rendered":"<p>Les enfants de la section gymnastique artistique ont pr\u00e9sent\u00e9 avec joie\u00a0le r\u00e9sultat du travail de l&rsquo;ann\u00e9e, au gymnase Michel Favier.<\/p>\n<p>Ci-dessous l&rsquo;article du Progr\u00e8s du 18 juin 2012 relatant l&rsquo;\u00e9v\u00e8nement:<\/p>\n<p><a href=\"http:\/\/portailsolidarites.fr\/amicalelaiquegrigny\/files\/2012\/06\/Gala-gym-15-juin-2012.jpg\"><img loading=\"lazy\" decoding=\"async\" class=\"aligncenter size-full wp-image-1253\" title=\"Gala gym 15 juin 2012\" src=\"http:\/\/portailsolidarites.fr\/amicalelaiquegrigny\/files\/2012\/06\/Gala-gym-15-juin-2012.jpg\" alt=\"Gala de gym du 15 juin 2012\" width=\"405\" height=\"640\" \/><\/a><\/p>\n<p>&nbsp;<\/p>\n<p>&nbsp;<\/p>\n<p>&nbsp;<\/p>\n","protected":false},"excerpt":{"rendered":"<p>Les enfants de la section gymnastique artistique ont pr\u00e9sent\u00e9 avec joie\u00a0le r\u00e9sultat du travail de l&rsquo;ann\u00e9e, au gymnase Michel Favier. Ci-dessous l&rsquo;article du Progr\u00e8s du 18 juin 2012 relatant l&rsquo;\u00e9v\u00e8nement: &nbsp; &nbsp; &nbsp;<\/p>\n","protected":false},"author":2,"featured_media":0,"comment_status":"open","ping_status":"open","sticky":false,"template":"","format":"standard","meta":{"_uag_custom_page_level_css":"","footnotes":""},"categories":[2,12],"tags":[69],"class_list":["post-1252","post","type-post","status-publish","format-standard","hentry","category-interet-general","category-gymnastique-artistique","tag-gymnastique"],"uagb_featured_image_src":{"full":false,"thumbnail":false,"medium":false,"medium_large":false,"large":false,"1536x1536":false,"2048x2048":false,"post-thumbnail":false},"uagb_author_info":{"display_name":"amicalelaiquegrigny","author_link":"https:\/\/portailsolidarites.fr\/Amicale\/author\/amicalelaiquegrigny\/"},"uagb_comment_info":0,"uagb_excerpt":"Les enfants de la section gymnastique artistique ont pr\u00e9sent\u00e9 avec joie\u00a0le r\u00e9sultat du travail de l&rsquo;ann\u00e9e, au gymnase Michel Favier. Ci-dessous l&rsquo;article du Progr\u00e8s du 18 juin 2012 relatant l&rsquo;\u00e9v\u00e8nement: &nbsp; &nbsp; &nbsp;","_links":{"self":[{"href":"https:\/\/portailsolidarites.fr\/Amicale\/wp-json\/wp\/v2\/posts\/1252","targetHints":{"allow":["GET"]}}],"collection":[{"href":"https:\/\/portailsolidarites.fr\/Amicale\/wp-json\/wp\/v2\/posts"}],"about":[{"href":"https:\/\/portailsolidarites.fr\/Amicale\/wp-json\/wp\/v2\/types\/post"}],"author":[{"embeddable":true,"href":"https:\/\/portailsolidarites.fr\/Amicale\/wp-json\/wp\/v2\/users\/2"}],"replies":[{"embeddable":true,"href":"https:\/\/portailsolidarites.fr\/Amicale\/wp-json\/wp\/v2\/comments?post=1252"}],"version-history":[{"count":0,"href":"https:\/\/portailsolidarites.fr\/Amicale\/wp-json\/wp\/v2\/posts\/1252\/revisions"}],"wp:attachment":[{"href":"https:\/\/portailsolidarites.fr\/Amicale\/wp-json\/wp\/v2\/media?parent=1252"}],"wp:term":[{"taxonomy":"category","embeddable":true,"href":"https:\/\/portailsolidarites.fr\/Amicale\/wp-json\/wp\/v2\/categories?post=1252"},{"taxonomy":"post_tag","embeddable":true,"href":"https:\/\/portailsolidarites.fr\/Amicale\/wp-json\/wp\/v2\/tags?post=1252"}],"curies":[{"name":"wp","href":"https:\/\/api.w.org\/{rel}","templated":true}]}}