{"id":1261,"date":"2012-06-18T19:13:45","date_gmt":"2012-06-18T17:13:45","guid":{"rendered":"http:\/\/portailsolidarites.fr\/amicalelaiquegrigny\/?p=1261"},"modified":"2012-06-18T19:13:45","modified_gmt":"2012-06-18T17:13:45","slug":"sortie-a-vallon-pont-darc-pour-des-eleves-de-lecole-tissot","status":"publish","type":"post","link":"https:\/\/portailsolidarites.fr\/Amicale\/2012\/06\/18\/sortie-a-vallon-pont-darc-pour-des-eleves-de-lecole-tissot\/","title":{"rendered":"Sortie \u00e0 Vallon-Pont-d&rsquo;Arc pour des \u00e9l\u00e8ves de l&rsquo;Ecole Tissot"},"content":{"rendered":"<p>Lors de la Bourse aux min\u00e9raux de mars dernier, les \u00e9l\u00e8ves de l&rsquo;Ecole Tissot ont remport\u00e9 le concours de dessin sur le th\u00e8me des hommes pr\u00e9historiques \u00a0(voir ci-dessous: photos du haut)<\/p>\n<p><a href=\"http:\/\/portailsolidarites.fr\/amicalelaiquegrigny\/files\/2012\/03\/Bourse-min\u00e9raux-6-dessins-Ecoles.jpg\"><img loading=\"lazy\" decoding=\"async\" class=\"aligncenter size-large wp-image-756\" title=\"Bourse min\u00e9raux -6 dessins Ecoles\" src=\"http:\/\/portailsolidarites.fr\/amicalelaiquegrigny\/files\/2012\/03\/Bourse-min\u00e9raux-6-dessins-Ecoles-724x1024.jpg\" alt=\"\" width=\"640\" height=\"905\" \/><\/a><\/p>\n<p>_______________________________________________________________<\/p>\n<p>La r\u00e9compense \u00e9tait un voyage d&rsquo;une journ\u00e9e au Centre europ\u00e9en de recherches pr\u00e9historiques de Vallon-Pont-d&rsquo;Arc, avec des pr\u00e9sentations\u00a0et des \u00a0ateliers qui ont enthousiasm\u00e9 les \u00e9l\u00e8ves qui ont appris beaucoup de choses et se souviendront longtemps de cette journ\u00e9e exceptionnelle.<\/p>\n<p>Ci-dessous l&rsquo;article du Progr\u00e8s en date du 18 juin 2012 relatant l&rsquo;\u00e9v\u00e8nement:<\/p>\n<p><a href=\"http:\/\/portailsolidarites.fr\/amicalelaiquegrigny\/files\/2012\/06\/Ecole-Tissot-\u00e0-Vallon.jpg\"><img loading=\"lazy\" decoding=\"async\" class=\"aligncenter size-full wp-image-1262\" title=\"Ecole Tissot \u00e0 Vallon\" src=\"http:\/\/portailsolidarites.fr\/amicalelaiquegrigny\/files\/2012\/06\/Ecole-Tissot-\u00e0-Vallon.jpg\" alt=\"\" width=\"360\" height=\"640\" \/><\/a><\/p>\n","protected":false},"excerpt":{"rendered":"<p>Lors de la Bourse aux min\u00e9raux de mars dernier, les \u00e9l\u00e8ves de l&rsquo;Ecole Tissot ont remport\u00e9 le concours de dessin sur le th\u00e8me des hommes pr\u00e9historiques \u00a0(voir ci-dessous: photos du haut) _______________________________________________________________ La r\u00e9compense \u00e9tait un voyage d&rsquo;une journ\u00e9e au &hellip; <a href=\"https:\/\/portailsolidarites.fr\/Amicale\/2012\/06\/18\/sortie-a-vallon-pont-darc-pour-des-eleves-de-lecole-tissot\/\">Continuer la lecture <span class=\"meta-nav\">&rarr;<\/span><\/a><\/p>\n","protected":false},"author":2,"featured_media":0,"comment_status":"open","ping_status":"open","sticky":false,"template":"","format":"standard","meta":{"_uag_custom_page_level_css":"","footnotes":""},"categories":[2,17],"tags":[51,52,78],"class_list":["post-1261","post","type-post","status-publish","format-standard","hentry","category-interet-general","category-mineralogie","tag-dessin","tag-ecole","tag-mineraux"],"uagb_featured_image_src":{"full":false,"thumbnail":false,"medium":false,"medium_large":false,"large":false,"1536x1536":false,"2048x2048":false,"post-thumbnail":false},"uagb_author_info":{"display_name":"amicalelaiquegrigny","author_link":"https:\/\/portailsolidarites.fr\/Amicale\/author\/amicalelaiquegrigny\/"},"uagb_comment_info":0,"uagb_excerpt":"Lors de la Bourse aux min\u00e9raux de mars dernier, les \u00e9l\u00e8ves de l&rsquo;Ecole Tissot ont remport\u00e9 le concours de dessin sur le th\u00e8me des hommes pr\u00e9historiques \u00a0(voir ci-dessous: photos du haut) _______________________________________________________________ La r\u00e9compense \u00e9tait un voyage d&rsquo;une journ\u00e9e au &hellip; Continuer la lecture &rarr;","_links":{"self":[{"href":"https:\/\/portailsolidarites.fr\/Amicale\/wp-json\/wp\/v2\/posts\/1261","targetHints":{"allow":["GET"]}}],"collection":[{"href":"https:\/\/portailsolidarites.fr\/Amicale\/wp-json\/wp\/v2\/posts"}],"about":[{"href":"https:\/\/portailsolidarites.fr\/Amicale\/wp-json\/wp\/v2\/types\/post"}],"author":[{"embeddable":true,"href":"https:\/\/portailsolidarites.fr\/Amicale\/wp-json\/wp\/v2\/users\/2"}],"replies":[{"embeddable":true,"href":"https:\/\/portailsolidarites.fr\/Amicale\/wp-json\/wp\/v2\/comments?post=1261"}],"version-history":[{"count":0,"href":"https:\/\/portailsolidarites.fr\/Amicale\/wp-json\/wp\/v2\/posts\/1261\/revisions"}],"wp:attachment":[{"href":"https:\/\/portailsolidarites.fr\/Amicale\/wp-json\/wp\/v2\/media?parent=1261"}],"wp:term":[{"taxonomy":"category","embeddable":true,"href":"https:\/\/portailsolidarites.fr\/Amicale\/wp-json\/wp\/v2\/categories?post=1261"},{"taxonomy":"post_tag","embeddable":true,"href":"https:\/\/portailsolidarites.fr\/Amicale\/wp-json\/wp\/v2\/tags?post=1261"}],"curies":[{"name":"wp","href":"https:\/\/api.w.org\/{rel}","templated":true}]}}