{"id":1314,"date":"2012-09-12T13:22:55","date_gmt":"2012-09-12T11:22:55","guid":{"rendered":"http:\/\/portailsolidarites.fr\/amicalelaiquegrigny\/?p=1314"},"modified":"2012-09-12T13:22:55","modified_gmt":"2012-09-12T11:22:55","slug":"nouvelles-sections-gym-gones-et-gym-bebe-gones","status":"publish","type":"post","link":"https:\/\/portailsolidarites.fr\/Amicale\/2012\/09\/12\/nouvelles-sections-gym-gones-et-gym-bebe-gones\/","title":{"rendered":"Nouvelles sections \u00ab\u00a0gym gones\u00a0\u00bb et \u00ab\u00a0gym b\u00e9b\u00e9 gones\u00a0\u00bb"},"content":{"rendered":"<h2><span style=\"color: #0000ff;\">GYM GONES:<\/span><\/h2>\n<p>pour les enfants de 3 \u00e0 5 ans<br \/>\nS\u00e9ances le mercredi de 9h30 \u00e0 10h30 au centre Edmond Chervet.<br \/>\n\u00a0\u00a0\u00a0\u00a0\u00a0\u00a0\u00a0\u00a0\u00a0\u00a0\u00a0\u00a0\u00a0\u00a0\u00a0\u00a0\u00a0\u00a0\u00a0\u00a0\u00a0\u00a0\u00a0\u00a0\u00a0\u00a0\u00a0\u00a0\u00a0\u00a0\u00a0\u00a0\u00a0\u00a0\u00a0\u00a0\u00a0\u00a0\u00a0\u00a0\u00a0\u00a0\u00a0\u00a0\u00a0\u00a0\u00a0 \u00a0 ______________<\/p>\n<h2><span style=\"color: #ff00ff;\">GYM BEBE GONES:<\/span><\/h2>\n<p>pour les bambins de 18 mois \u00e0 3 ans;<br \/>\nLes s\u00e9ances ont lieu au centre Edmond Chervet le mercredi de 8h30 \u00e0 9h30 avec la participation des mamans (ou des papas).<\/p>\n","protected":false},"excerpt":{"rendered":"<p>GYM GONES: pour les enfants de 3 \u00e0 5 ans S\u00e9ances le mercredi de 9h30 \u00e0 10h30 au centre Edmond Chervet. \u00a0\u00a0\u00a0\u00a0\u00a0\u00a0\u00a0\u00a0\u00a0\u00a0\u00a0\u00a0\u00a0\u00a0\u00a0\u00a0\u00a0\u00a0\u00a0\u00a0\u00a0\u00a0\u00a0\u00a0\u00a0\u00a0\u00a0\u00a0\u00a0\u00a0\u00a0\u00a0\u00a0\u00a0\u00a0\u00a0\u00a0\u00a0\u00a0\u00a0\u00a0\u00a0\u00a0\u00a0\u00a0\u00a0\u00a0 \u00a0 ______________ GYM BEBE GONES: pour les bambins de 18 mois \u00e0 3 ans; Les s\u00e9ances ont lieu &hellip; <a href=\"https:\/\/portailsolidarites.fr\/Amicale\/2012\/09\/12\/nouvelles-sections-gym-gones-et-gym-bebe-gones\/\">Continuer la lecture <span class=\"meta-nav\">&rarr;<\/span><\/a><\/p>\n","protected":false},"author":2,"featured_media":0,"comment_status":"open","ping_status":"open","sticky":false,"template":"","format":"standard","meta":{"_uag_custom_page_level_css":"","footnotes":""},"categories":[2],"tags":[32,55,68],"class_list":["post-1314","post","type-post","status-publish","format-standard","hentry","category-interet-general","tag-bebe","tag-enfant","tag-gym"],"uagb_featured_image_src":{"full":false,"thumbnail":false,"medium":false,"medium_large":false,"large":false,"1536x1536":false,"2048x2048":false,"post-thumbnail":false},"uagb_author_info":{"display_name":"amicalelaiquegrigny","author_link":"https:\/\/portailsolidarites.fr\/Amicale\/author\/amicalelaiquegrigny\/"},"uagb_comment_info":0,"uagb_excerpt":"GYM GONES: pour les enfants de 3 \u00e0 5 ans S\u00e9ances le mercredi de 9h30 \u00e0 10h30 au centre Edmond Chervet. \u00a0\u00a0\u00a0\u00a0\u00a0\u00a0\u00a0\u00a0\u00a0\u00a0\u00a0\u00a0\u00a0\u00a0\u00a0\u00a0\u00a0\u00a0\u00a0\u00a0\u00a0\u00a0\u00a0\u00a0\u00a0\u00a0\u00a0\u00a0\u00a0\u00a0\u00a0\u00a0\u00a0\u00a0\u00a0\u00a0\u00a0\u00a0\u00a0\u00a0\u00a0\u00a0\u00a0\u00a0\u00a0\u00a0\u00a0 \u00a0 ______________ GYM BEBE GONES: pour les bambins de 18 mois \u00e0 3 ans; Les s\u00e9ances ont lieu &hellip; Continuer la lecture &rarr;","_links":{"self":[{"href":"https:\/\/portailsolidarites.fr\/Amicale\/wp-json\/wp\/v2\/posts\/1314","targetHints":{"allow":["GET"]}}],"collection":[{"href":"https:\/\/portailsolidarites.fr\/Amicale\/wp-json\/wp\/v2\/posts"}],"about":[{"href":"https:\/\/portailsolidarites.fr\/Amicale\/wp-json\/wp\/v2\/types\/post"}],"author":[{"embeddable":true,"href":"https:\/\/portailsolidarites.fr\/Amicale\/wp-json\/wp\/v2\/users\/2"}],"replies":[{"embeddable":true,"href":"https:\/\/portailsolidarites.fr\/Amicale\/wp-json\/wp\/v2\/comments?post=1314"}],"version-history":[{"count":0,"href":"https:\/\/portailsolidarites.fr\/Amicale\/wp-json\/wp\/v2\/posts\/1314\/revisions"}],"wp:attachment":[{"href":"https:\/\/portailsolidarites.fr\/Amicale\/wp-json\/wp\/v2\/media?parent=1314"}],"wp:term":[{"taxonomy":"category","embeddable":true,"href":"https:\/\/portailsolidarites.fr\/Amicale\/wp-json\/wp\/v2\/categories?post=1314"},{"taxonomy":"post_tag","embeddable":true,"href":"https:\/\/portailsolidarites.fr\/Amicale\/wp-json\/wp\/v2\/tags?post=1314"}],"curies":[{"name":"wp","href":"https:\/\/api.w.org\/{rel}","templated":true}]}}