{"id":1333,"date":"2012-09-15T11:04:14","date_gmt":"2012-09-15T09:04:14","guid":{"rendered":"http:\/\/portailsolidarites.fr\/amicalelaiquegrigny\/?p=1333"},"modified":"2012-09-15T11:04:14","modified_gmt":"2012-09-15T09:04:14","slug":"enthousiasme-pour-le-demarrage-de-la-section-arts-plastiques-enfants","status":"publish","type":"post","link":"https:\/\/portailsolidarites.fr\/Amicale\/2012\/09\/15\/enthousiasme-pour-le-demarrage-de-la-section-arts-plastiques-enfants\/","title":{"rendered":"Enthousiasme pour le d\u00e9marrage de la section Arts Plastiques Enfants"},"content":{"rendered":"<p>La section Arts Plastiques Enfants a d\u00e9marr\u00e9 la nouvelle saison \u00ab\u00a0sur les chapeaux de roue\u00a0\u00bb, le samedi 15 septembre.<\/p>\n<p>La nouvelle animatrice, Aurore ALLIBERT, a v\u00e9ritablement envout\u00e9 les enfants, tous heureux d&rsquo;\u00eatre l\u00e0 et qui vont pouvoir s&rsquo;exprimer dans le dessin et la peinture au cours d&rsquo;une saison qui s&rsquo;annonce particuli\u00e8rement bien.<\/p>\n<p>&nbsp;<\/p>\n<div id=\"attachment_1334\" style=\"width: 650px\" class=\"wp-caption aligncenter\"><a href=\"http:\/\/portailsolidarites.fr\/amicalelaiquegrigny\/files\/2012\/09\/IMG_4361.jpg\"><img loading=\"lazy\" decoding=\"async\" aria-describedby=\"caption-attachment-1334\" class=\"size-full wp-image-1334\" title=\"IMG_4361\" src=\"http:\/\/portailsolidarites.fr\/amicalelaiquegrigny\/files\/2012\/09\/IMG_4361.jpg\" alt=\"\" width=\"640\" height=\"480\" \/><\/a><p id=\"caption-attachment-1334\" class=\"wp-caption-text\">la section Arts Plastiques Enfants lors du d\u00e9marrage de la saison le 15 septembre 2012<\/p><\/div>\n","protected":false},"excerpt":{"rendered":"<p>La section Arts Plastiques Enfants a d\u00e9marr\u00e9 la nouvelle saison \u00ab\u00a0sur les chapeaux de roue\u00a0\u00bb, le samedi 15 septembre. La nouvelle animatrice, Aurore ALLIBERT, a v\u00e9ritablement envout\u00e9 les enfants, tous heureux d&rsquo;\u00eatre l\u00e0 et qui vont pouvoir s&rsquo;exprimer dans le &hellip; <a href=\"https:\/\/portailsolidarites.fr\/Amicale\/2012\/09\/15\/enthousiasme-pour-le-demarrage-de-la-section-arts-plastiques-enfants\/\">Continuer la lecture <span class=\"meta-nav\">&rarr;<\/span><\/a><\/p>\n","protected":false},"author":2,"featured_media":0,"comment_status":"open","ping_status":"open","sticky":false,"template":"","format":"standard","meta":{"_uag_custom_page_level_css":"","footnotes":""},"categories":[2,3],"tags":[28,51,56,82],"class_list":["post-1333","post","type-post","status-publish","format-standard","hentry","category-interet-general","category-arts-plastiques","tag-arts","tag-dessin","tag-enfants","tag-peinture"],"uagb_featured_image_src":{"full":false,"thumbnail":false,"medium":false,"medium_large":false,"large":false,"1536x1536":false,"2048x2048":false,"post-thumbnail":false},"uagb_author_info":{"display_name":"amicalelaiquegrigny","author_link":"https:\/\/portailsolidarites.fr\/Amicale\/author\/amicalelaiquegrigny\/"},"uagb_comment_info":0,"uagb_excerpt":"La section Arts Plastiques Enfants a d\u00e9marr\u00e9 la nouvelle saison \u00ab\u00a0sur les chapeaux de roue\u00a0\u00bb, le samedi 15 septembre. La nouvelle animatrice, Aurore ALLIBERT, a v\u00e9ritablement envout\u00e9 les enfants, tous heureux d&rsquo;\u00eatre l\u00e0 et qui vont pouvoir s&rsquo;exprimer dans le &hellip; Continuer la lecture &rarr;","_links":{"self":[{"href":"https:\/\/portailsolidarites.fr\/Amicale\/wp-json\/wp\/v2\/posts\/1333","targetHints":{"allow":["GET"]}}],"collection":[{"href":"https:\/\/portailsolidarites.fr\/Amicale\/wp-json\/wp\/v2\/posts"}],"about":[{"href":"https:\/\/portailsolidarites.fr\/Amicale\/wp-json\/wp\/v2\/types\/post"}],"author":[{"embeddable":true,"href":"https:\/\/portailsolidarites.fr\/Amicale\/wp-json\/wp\/v2\/users\/2"}],"replies":[{"embeddable":true,"href":"https:\/\/portailsolidarites.fr\/Amicale\/wp-json\/wp\/v2\/comments?post=1333"}],"version-history":[{"count":0,"href":"https:\/\/portailsolidarites.fr\/Amicale\/wp-json\/wp\/v2\/posts\/1333\/revisions"}],"wp:attachment":[{"href":"https:\/\/portailsolidarites.fr\/Amicale\/wp-json\/wp\/v2\/media?parent=1333"}],"wp:term":[{"taxonomy":"category","embeddable":true,"href":"https:\/\/portailsolidarites.fr\/Amicale\/wp-json\/wp\/v2\/categories?post=1333"},{"taxonomy":"post_tag","embeddable":true,"href":"https:\/\/portailsolidarites.fr\/Amicale\/wp-json\/wp\/v2\/tags?post=1333"}],"curies":[{"name":"wp","href":"https:\/\/api.w.org\/{rel}","templated":true}]}}