{"id":1338,"date":"2012-09-22T11:49:11","date_gmt":"2012-09-22T09:49:11","guid":{"rendered":"http:\/\/portailsolidarites.fr\/amicalelaiquegrigny\/?p=1338"},"modified":"2012-09-22T11:49:11","modified_gmt":"2012-09-22T09:49:11","slug":"la-section-country-en-demonstration","status":"publish","type":"post","link":"https:\/\/portailsolidarites.fr\/Amicale\/2012\/09\/22\/la-section-country-en-demonstration\/","title":{"rendered":"La section Country en d\u00e9monstration"},"content":{"rendered":"<p>La section Country a brillamment repr\u00e9sent\u00e9 l&rsquo;Amicale La\u00efque :<\/p>\n<p>&#8211; les 7 et 8 septembre lors du festival de country de La Tour de Salvagny<\/p>\n<p><a href=\"http:\/\/portailsolidarites.fr\/amicalelaiquegrigny\/files\/2012\/09\/Tour-de-Salvagny-14-001.jpg\"><img loading=\"lazy\" decoding=\"async\" class=\"aligncenter size-full wp-image-1339\" title=\"Tour de Salvagny 14-001\" src=\"http:\/\/portailsolidarites.fr\/amicalelaiquegrigny\/files\/2012\/09\/Tour-de-Salvagny-14-001.jpg\" alt=\"\" width=\"640\" height=\"425\" \/><\/a><\/p>\n<p>&nbsp;<\/p>\n<p>&#8211; le 16 septembre, lors de l&rsquo;Open f\u00e9minin de Basket de Grigny o\u00f9 l&rsquo;ALG a \u00e9t\u00e9 aid\u00e9e par les \u00ab\u00a0Bluestars\u00a0\u00bb de Tassin-la-demi-Lunepour animer les mi-temps dans la joie et la bonne humeur<\/p>\n<p><a href=\"http:\/\/portailsolidarites.fr\/amicalelaiquegrigny\/files\/2012\/09\/Basket-Grigny-26-001.jpg\"><img loading=\"lazy\" decoding=\"async\" class=\"aligncenter size-full wp-image-1340\" title=\"Basket Grigny 26-001\" src=\"http:\/\/portailsolidarites.fr\/amicalelaiquegrigny\/files\/2012\/09\/Basket-Grigny-26-001.jpg\" alt=\"\" width=\"640\" height=\"425\" \/><\/a><\/p>\n<p>&nbsp;<\/p>\n","protected":false},"excerpt":{"rendered":"<p>La section Country a brillamment repr\u00e9sent\u00e9 l&rsquo;Amicale La\u00efque : &#8211; les 7 et 8 septembre lors du festival de country de La Tour de Salvagny &nbsp; &#8211; le 16 septembre, lors de l&rsquo;Open f\u00e9minin de Basket de Grigny o\u00f9 l&rsquo;ALG &hellip; <a href=\"https:\/\/portailsolidarites.fr\/Amicale\/2012\/09\/22\/la-section-country-en-demonstration\/\">Continuer la lecture <span class=\"meta-nav\">&rarr;<\/span><\/a><\/p>\n","protected":false},"author":2,"featured_media":0,"comment_status":"open","ping_status":"open","sticky":false,"template":"","format":"standard","meta":{"_uag_custom_page_level_css":"","footnotes":""},"categories":[2,6],"tags":[44],"class_list":["post-1338","post","type-post","status-publish","format-standard","hentry","category-interet-general","category-country","tag-country"],"uagb_featured_image_src":{"full":false,"thumbnail":false,"medium":false,"medium_large":false,"large":false,"1536x1536":false,"2048x2048":false,"post-thumbnail":false},"uagb_author_info":{"display_name":"amicalelaiquegrigny","author_link":"https:\/\/portailsolidarites.fr\/Amicale\/author\/amicalelaiquegrigny\/"},"uagb_comment_info":0,"uagb_excerpt":"La section Country a brillamment repr\u00e9sent\u00e9 l&rsquo;Amicale La\u00efque : &#8211; les 7 et 8 septembre lors du festival de country de La Tour de Salvagny &nbsp; &#8211; le 16 septembre, lors de l&rsquo;Open f\u00e9minin de Basket de Grigny o\u00f9 l&rsquo;ALG &hellip; Continuer la lecture &rarr;","_links":{"self":[{"href":"https:\/\/portailsolidarites.fr\/Amicale\/wp-json\/wp\/v2\/posts\/1338","targetHints":{"allow":["GET"]}}],"collection":[{"href":"https:\/\/portailsolidarites.fr\/Amicale\/wp-json\/wp\/v2\/posts"}],"about":[{"href":"https:\/\/portailsolidarites.fr\/Amicale\/wp-json\/wp\/v2\/types\/post"}],"author":[{"embeddable":true,"href":"https:\/\/portailsolidarites.fr\/Amicale\/wp-json\/wp\/v2\/users\/2"}],"replies":[{"embeddable":true,"href":"https:\/\/portailsolidarites.fr\/Amicale\/wp-json\/wp\/v2\/comments?post=1338"}],"version-history":[{"count":0,"href":"https:\/\/portailsolidarites.fr\/Amicale\/wp-json\/wp\/v2\/posts\/1338\/revisions"}],"wp:attachment":[{"href":"https:\/\/portailsolidarites.fr\/Amicale\/wp-json\/wp\/v2\/media?parent=1338"}],"wp:term":[{"taxonomy":"category","embeddable":true,"href":"https:\/\/portailsolidarites.fr\/Amicale\/wp-json\/wp\/v2\/categories?post=1338"},{"taxonomy":"post_tag","embeddable":true,"href":"https:\/\/portailsolidarites.fr\/Amicale\/wp-json\/wp\/v2\/tags?post=1338"}],"curies":[{"name":"wp","href":"https:\/\/api.w.org\/{rel}","templated":true}]}}