{"id":1343,"date":"2012-09-27T14:21:41","date_gmt":"2012-09-27T12:21:41","guid":{"rendered":"http:\/\/portailsolidarites.fr\/amicalelaiquegrigny\/?p=1343"},"modified":"2012-09-27T14:21:41","modified_gmt":"2012-09-27T12:21:41","slug":"bon-debut-de-saison-pour-la-country","status":"publish","type":"post","link":"https:\/\/portailsolidarites.fr\/Amicale\/2012\/09\/27\/bon-debut-de-saison-pour-la-country\/","title":{"rendered":"Bon d\u00e9but de saison pour la Country"},"content":{"rendered":"<p>La bonne humeur \u00e9tait de mise pour la s\u00e9ance du 21 septembre 2012.<\/p>\n<p><a href=\"http:\/\/portailsolidarites.fr\/amicalelaiquegrigny\/files\/2012\/09\/section-country-2012-2013-007.jpg\"><img loading=\"lazy\" decoding=\"async\" class=\"aligncenter size-full wp-image-1344\" title=\"section country 2012 - 2013 007\" src=\"http:\/\/portailsolidarites.fr\/amicalelaiquegrigny\/files\/2012\/09\/section-country-2012-2013-007.jpg\" alt=\"\" width=\"640\" height=\"425\" \/><\/a><\/p>\n","protected":false},"excerpt":{"rendered":"<p>La bonne humeur \u00e9tait de mise pour la s\u00e9ance du 21 septembre 2012.<\/p>\n","protected":false},"author":2,"featured_media":0,"comment_status":"open","ping_status":"open","sticky":false,"template":"","format":"standard","meta":{"_uag_custom_page_level_css":"","footnotes":""},"categories":[2,6],"tags":[44],"class_list":["post-1343","post","type-post","status-publish","format-standard","hentry","category-interet-general","category-country","tag-country"],"uagb_featured_image_src":{"full":false,"thumbnail":false,"medium":false,"medium_large":false,"large":false,"1536x1536":false,"2048x2048":false,"post-thumbnail":false},"uagb_author_info":{"display_name":"amicalelaiquegrigny","author_link":"https:\/\/portailsolidarites.fr\/Amicale\/author\/amicalelaiquegrigny\/"},"uagb_comment_info":0,"uagb_excerpt":"La bonne humeur \u00e9tait de mise pour la s\u00e9ance du 21 septembre 2012.","_links":{"self":[{"href":"https:\/\/portailsolidarites.fr\/Amicale\/wp-json\/wp\/v2\/posts\/1343","targetHints":{"allow":["GET"]}}],"collection":[{"href":"https:\/\/portailsolidarites.fr\/Amicale\/wp-json\/wp\/v2\/posts"}],"about":[{"href":"https:\/\/portailsolidarites.fr\/Amicale\/wp-json\/wp\/v2\/types\/post"}],"author":[{"embeddable":true,"href":"https:\/\/portailsolidarites.fr\/Amicale\/wp-json\/wp\/v2\/users\/2"}],"replies":[{"embeddable":true,"href":"https:\/\/portailsolidarites.fr\/Amicale\/wp-json\/wp\/v2\/comments?post=1343"}],"version-history":[{"count":0,"href":"https:\/\/portailsolidarites.fr\/Amicale\/wp-json\/wp\/v2\/posts\/1343\/revisions"}],"wp:attachment":[{"href":"https:\/\/portailsolidarites.fr\/Amicale\/wp-json\/wp\/v2\/media?parent=1343"}],"wp:term":[{"taxonomy":"category","embeddable":true,"href":"https:\/\/portailsolidarites.fr\/Amicale\/wp-json\/wp\/v2\/categories?post=1343"},{"taxonomy":"post_tag","embeddable":true,"href":"https:\/\/portailsolidarites.fr\/Amicale\/wp-json\/wp\/v2\/tags?post=1343"}],"curies":[{"name":"wp","href":"https:\/\/api.w.org\/{rel}","templated":true}]}}