{"id":1354,"date":"2012-10-08T11:54:37","date_gmt":"2012-10-08T09:54:37","guid":{"rendered":"http:\/\/portailsolidarites.fr\/amicalelaiquegrigny\/?p=1354"},"modified":"2012-10-08T11:54:37","modified_gmt":"2012-10-08T09:54:37","slug":"ag-du-6-octobre-notre-association-se-porte-bien","status":"publish","type":"post","link":"https:\/\/portailsolidarites.fr\/Amicale\/2012\/10\/08\/ag-du-6-octobre-notre-association-se-porte-bien\/","title":{"rendered":"AG du 6 octobre: notre association se porte bien"},"content":{"rendered":"<p>L&rsquo;assembl\u00e9e g\u00e9n\u00e9rale de notre association a eu lieu le 6 octobre.<\/p>\n<p>Les bilans (moral et financier) ont \u00e9t\u00e9 approuv\u00e9s \u00e0 l&rsquo;unanimit\u00e9 . Les responsables des diff\u00e9rentes sections ont pr\u00e9sent\u00e9 leurs activit\u00e9s et les \u00e9volutions \u00e9ventuelles.<\/p>\n<p>A noter: les 2 nouvelles sections Gym gones et Gym b\u00e9b\u00e9s gones.<\/p>\n<p>Les membres du nouveau Conseil d&rsquo;administration ont \u00e9t\u00e9 \u00e9lus \u00e0 l&rsquo;unanimit\u00e9 (la plupart des anciens membres se repr\u00e9sentaient).<\/p>\n<p>L&rsquo;AG se terminait par un \u00ab\u00a0ap\u00e9ritif dinatoire\u00a0\u00bb tr\u00e8s appr\u00e9ci\u00e9 des participants.<\/p>\n<p><a href=\"http:\/\/portailsolidarites.fr\/amicalelaiquegrigny\/files\/2012\/10\/100_4130.jpg\"><img loading=\"lazy\" decoding=\"async\" class=\"aligncenter size-full wp-image-1355\" title=\"100_4130\" src=\"http:\/\/portailsolidarites.fr\/amicalelaiquegrigny\/files\/2012\/10\/100_4130.jpg\" alt=\"\" width=\"640\" height=\"409\" \/><\/a><\/p>\n<p>La secr\u00e9taire, le pr\u00e9sident et la tr\u00e9sori\u00e8re<\/p>\n<p>&nbsp;<\/p>\n<p><a href=\"http:\/\/portailsolidarites.fr\/amicalelaiquegrigny\/files\/2012\/10\/IMG_4365.jpg\"><img loading=\"lazy\" decoding=\"async\" class=\"aligncenter size-full wp-image-1356\" title=\"IMG_4365\" src=\"http:\/\/portailsolidarites.fr\/amicalelaiquegrigny\/files\/2012\/10\/IMG_4365.jpg\" alt=\"\" width=\"640\" height=\"480\" \/><\/a>\u00a0Une partie de l&rsquo;assistance<\/p>\n","protected":false},"excerpt":{"rendered":"<p>L&rsquo;assembl\u00e9e g\u00e9n\u00e9rale de notre association a eu lieu le 6 octobre. Les bilans (moral et financier) ont \u00e9t\u00e9 approuv\u00e9s \u00e0 l&rsquo;unanimit\u00e9 . Les responsables des diff\u00e9rentes sections ont pr\u00e9sent\u00e9 leurs activit\u00e9s et les \u00e9volutions \u00e9ventuelles. A noter: les 2 nouvelles &hellip; <a href=\"https:\/\/portailsolidarites.fr\/Amicale\/2012\/10\/08\/ag-du-6-octobre-notre-association-se-porte-bien\/\">Continuer la lecture <span class=\"meta-nav\">&rarr;<\/span><\/a><\/p>\n","protected":false},"author":2,"featured_media":0,"comment_status":"open","ping_status":"open","sticky":false,"template":"","format":"standard","meta":{"_uag_custom_page_level_css":"","footnotes":""},"categories":[2],"tags":[],"class_list":["post-1354","post","type-post","status-publish","format-standard","hentry","category-interet-general"],"uagb_featured_image_src":{"full":false,"thumbnail":false,"medium":false,"medium_large":false,"large":false,"1536x1536":false,"2048x2048":false,"post-thumbnail":false},"uagb_author_info":{"display_name":"amicalelaiquegrigny","author_link":"https:\/\/portailsolidarites.fr\/Amicale\/author\/amicalelaiquegrigny\/"},"uagb_comment_info":0,"uagb_excerpt":"L&rsquo;assembl\u00e9e g\u00e9n\u00e9rale de notre association a eu lieu le 6 octobre. Les bilans (moral et financier) ont \u00e9t\u00e9 approuv\u00e9s \u00e0 l&rsquo;unanimit\u00e9 . Les responsables des diff\u00e9rentes sections ont pr\u00e9sent\u00e9 leurs activit\u00e9s et les \u00e9volutions \u00e9ventuelles. A noter: les 2 nouvelles &hellip; Continuer la lecture &rarr;","_links":{"self":[{"href":"https:\/\/portailsolidarites.fr\/Amicale\/wp-json\/wp\/v2\/posts\/1354","targetHints":{"allow":["GET"]}}],"collection":[{"href":"https:\/\/portailsolidarites.fr\/Amicale\/wp-json\/wp\/v2\/posts"}],"about":[{"href":"https:\/\/portailsolidarites.fr\/Amicale\/wp-json\/wp\/v2\/types\/post"}],"author":[{"embeddable":true,"href":"https:\/\/portailsolidarites.fr\/Amicale\/wp-json\/wp\/v2\/users\/2"}],"replies":[{"embeddable":true,"href":"https:\/\/portailsolidarites.fr\/Amicale\/wp-json\/wp\/v2\/comments?post=1354"}],"version-history":[{"count":0,"href":"https:\/\/portailsolidarites.fr\/Amicale\/wp-json\/wp\/v2\/posts\/1354\/revisions"}],"wp:attachment":[{"href":"https:\/\/portailsolidarites.fr\/Amicale\/wp-json\/wp\/v2\/media?parent=1354"}],"wp:term":[{"taxonomy":"category","embeddable":true,"href":"https:\/\/portailsolidarites.fr\/Amicale\/wp-json\/wp\/v2\/categories?post=1354"},{"taxonomy":"post_tag","embeddable":true,"href":"https:\/\/portailsolidarites.fr\/Amicale\/wp-json\/wp\/v2\/tags?post=1354"}],"curies":[{"name":"wp","href":"https:\/\/api.w.org\/{rel}","templated":true}]}}