{"id":1464,"date":"2012-12-22T19:17:33","date_gmt":"2012-12-22T17:17:33","guid":{"rendered":"http:\/\/portailsolidarites.fr\/amicalelaiquegrigny\/?p=1464"},"modified":"2012-12-22T19:17:33","modified_gmt":"2012-12-22T17:17:33","slug":"remise-des-recompenses-aux-sportifs-et-dirigeants-meritants-par-loms-le-14-decembre-2012","status":"publish","type":"post","link":"https:\/\/portailsolidarites.fr\/Amicale\/2012\/12\/22\/remise-des-recompenses-aux-sportifs-et-dirigeants-meritants-par-loms-le-14-decembre-2012\/","title":{"rendered":"Remise des r\u00e9compenses aux sportifs et dirigeants m\u00e9ritants, par l&rsquo;OMS le 14 d\u00e9cembre 2012"},"content":{"rendered":"<p><span style=\"color: #003300\"><strong>L&rsquo;Amicale La\u00efque a une nouvelle fois \u00e9t\u00e9 particuli\u00e8rement remarqu\u00e9e lors de la remise des r\u00e9compenses de l&rsquo;OMS, le 14 d\u00e9cembre 2012.<\/strong><\/span><\/p>\n<p><span style=\"color: #003300\"><strong>Ci-dessous, quelques photos:<\/strong><\/span><\/p>\n<p><a href=\"http:\/\/portailsolidarites.fr\/amicalelaiquegrigny\/files\/2012\/12\/IMG_4425.jpg\"><img loading=\"lazy\" decoding=\"async\" class=\"alignnone size-full wp-image-1465\" src=\"http:\/\/portailsolidarites.fr\/amicalelaiquegrigny\/files\/2012\/12\/IMG_4425.jpg\" alt=\"\" width=\"640\" height=\"331\" \/><\/a><\/p>\n<p>&nbsp;<br \/>\n<a href=\"http:\/\/portailsolidarites.fr\/amicalelaiquegrigny\/files\/2012\/12\/IMG_4427.jpg\"><img loading=\"lazy\" decoding=\"async\" class=\"alignnone size-medium wp-image-1466\" src=\"http:\/\/portailsolidarites.fr\/amicalelaiquegrigny\/files\/2012\/12\/IMG_4427-300x225.jpg\" alt=\"\" width=\"300\" height=\"225\" \/><\/a>\u00a0 \u00a0 \u00a0 \u00a0 \u00a0 <a href=\"http:\/\/portailsolidarites.fr\/amicalelaiquegrigny\/files\/2012\/12\/IMG_4437.jpg\"><img loading=\"lazy\" decoding=\"async\" class=\"alignnone size-medium wp-image-1467\" src=\"http:\/\/portailsolidarites.fr\/amicalelaiquegrigny\/files\/2012\/12\/IMG_4437-300x225.jpg\" alt=\"\" width=\"300\" height=\"225\" \/><\/a><\/p>\n<p><a href=\"http:\/\/portailsolidarites.fr\/amicalelaiquegrigny\/files\/2012\/12\/IMG_4439.jpg\"><img loading=\"lazy\" decoding=\"async\" class=\"alignnone size-medium wp-image-1468\" src=\"http:\/\/portailsolidarites.fr\/amicalelaiquegrigny\/files\/2012\/12\/IMG_4439-300x225.jpg\" alt=\"\" width=\"300\" height=\"225\" \/><\/a>\u00a0 \u00a0 \u00a0 \u00a0 \u00a0 <a href=\"http:\/\/portailsolidarites.fr\/amicalelaiquegrigny\/files\/2012\/12\/IMG_4448.jpg\"><img loading=\"lazy\" decoding=\"async\" class=\"alignnone size-medium wp-image-1469\" src=\"http:\/\/portailsolidarites.fr\/amicalelaiquegrigny\/files\/2012\/12\/IMG_4448-300x225.jpg\" alt=\"\" width=\"300\" height=\"225\" \/><\/a><\/p>\n","protected":false},"excerpt":{"rendered":"<p>L&rsquo;Amicale La\u00efque a une nouvelle fois \u00e9t\u00e9 particuli\u00e8rement remarqu\u00e9e lors de la remise des r\u00e9compenses de l&rsquo;OMS, le 14 d\u00e9cembre 2012. Ci-dessous, quelques photos: &nbsp; \u00a0 \u00a0 \u00a0 \u00a0 \u00a0 \u00a0 \u00a0 \u00a0 \u00a0 \u00a0<\/p>\n","protected":false},"author":2,"featured_media":0,"comment_status":"open","ping_status":"open","sticky":false,"template":"","format":"standard","meta":{"_uag_custom_page_level_css":"","footnotes":""},"categories":[2,4,10],"tags":[],"class_list":["post-1464","post","type-post","status-publish","format-standard","hentry","category-interet-general","category-athletisme","category-escalade"],"uagb_featured_image_src":{"full":false,"thumbnail":false,"medium":false,"medium_large":false,"large":false,"1536x1536":false,"2048x2048":false,"post-thumbnail":false},"uagb_author_info":{"display_name":"amicalelaiquegrigny","author_link":"https:\/\/portailsolidarites.fr\/Amicale\/author\/amicalelaiquegrigny\/"},"uagb_comment_info":0,"uagb_excerpt":"L&rsquo;Amicale La\u00efque a une nouvelle fois \u00e9t\u00e9 particuli\u00e8rement remarqu\u00e9e lors de la remise des r\u00e9compenses de l&rsquo;OMS, le 14 d\u00e9cembre 2012. Ci-dessous, quelques photos: &nbsp; \u00a0 \u00a0 \u00a0 \u00a0 \u00a0 \u00a0 \u00a0 \u00a0 \u00a0 \u00a0","_links":{"self":[{"href":"https:\/\/portailsolidarites.fr\/Amicale\/wp-json\/wp\/v2\/posts\/1464","targetHints":{"allow":["GET"]}}],"collection":[{"href":"https:\/\/portailsolidarites.fr\/Amicale\/wp-json\/wp\/v2\/posts"}],"about":[{"href":"https:\/\/portailsolidarites.fr\/Amicale\/wp-json\/wp\/v2\/types\/post"}],"author":[{"embeddable":true,"href":"https:\/\/portailsolidarites.fr\/Amicale\/wp-json\/wp\/v2\/users\/2"}],"replies":[{"embeddable":true,"href":"https:\/\/portailsolidarites.fr\/Amicale\/wp-json\/wp\/v2\/comments?post=1464"}],"version-history":[{"count":0,"href":"https:\/\/portailsolidarites.fr\/Amicale\/wp-json\/wp\/v2\/posts\/1464\/revisions"}],"wp:attachment":[{"href":"https:\/\/portailsolidarites.fr\/Amicale\/wp-json\/wp\/v2\/media?parent=1464"}],"wp:term":[{"taxonomy":"category","embeddable":true,"href":"https:\/\/portailsolidarites.fr\/Amicale\/wp-json\/wp\/v2\/categories?post=1464"},{"taxonomy":"post_tag","embeddable":true,"href":"https:\/\/portailsolidarites.fr\/Amicale\/wp-json\/wp\/v2\/tags?post=1464"}],"curies":[{"name":"wp","href":"https:\/\/api.w.org\/{rel}","templated":true}]}}