{"id":1477,"date":"2013-01-07T17:05:48","date_gmt":"2013-01-07T15:05:48","guid":{"rendered":"http:\/\/portailsolidarites.fr\/amicalelaiquegrigny\/?p=1477"},"modified":"2013-01-07T17:05:48","modified_gmt":"2013-01-07T15:05:48","slug":"un-joyeux-reveillon-a-lamicale","status":"publish","type":"post","link":"https:\/\/portailsolidarites.fr\/Amicale\/2013\/01\/07\/un-joyeux-reveillon-a-lamicale\/","title":{"rendered":"Un joyeux r\u00e9veillon \u00e0 l&rsquo;Amicale"},"content":{"rendered":"<p><span style=\"color: #0000ff\">Pour f\u00eater l&rsquo;arriv\u00e9e de la nouvelle ann\u00e9e, une soixantaine d&rsquo;adh\u00e9rents se sont r\u00e9unis au si\u00e8ge de l&rsquo;Amicale, pour un r\u00e9veillon gastronomique et festif.<\/span><\/p>\n<p><span style=\"color: #0000ff\">L&rsquo;ambiance \u00e9tait particuli\u00e8rement joyeuse, \u00e0 la grande satisfaction de tous les participants.<\/span><\/p>\n<p><span style=\"color: #0000ff\">Un grand merci aux organisateurs et animateurs de cette soir\u00e9e r\u00e9ussie.<\/span><\/p>\n<p><a href=\"http:\/\/portailsolidarites.fr\/amicalelaiquegrigny\/files\/2013\/01\/IMG_4477.jpg\"><img loading=\"lazy\" decoding=\"async\" class=\"size-full wp-image-1478\" src=\"http:\/\/portailsolidarites.fr\/amicalelaiquegrigny\/files\/2013\/01\/IMG_4477.jpg\" alt=\"\" width=\"640\" height=\"480\" \/><\/a><br \/>\nPr\u00e9paration des amuse-gueules<\/p>\n<p>&nbsp;<\/p>\n<div id=\"attachment_1493\" style=\"width: 650px\" class=\"wp-caption aligncenter\"><a href=\"http:\/\/portailsolidarites.fr\/amicalelaiquegrigny\/files\/2013\/01\/100_4190.jpg\"><img loading=\"lazy\" decoding=\"async\" aria-describedby=\"caption-attachment-1493\" class=\"size-full wp-image-1493\" src=\"http:\/\/portailsolidarites.fr\/amicalelaiquegrigny\/files\/2013\/01\/100_4190.jpg\" alt=\"\" width=\"640\" height=\"427\" \/><\/a><p id=\"caption-attachment-1493\" class=\"wp-caption-text\">A l&rsquo;ap\u00e9ritif<\/p><\/div>\n<p>&nbsp;<\/p>\n<p>&nbsp;<\/p>\n<p><a href=\"http:\/\/portailsolidarites.fr\/amicalelaiquegrigny\/files\/2013\/01\/100_4197.jpg\"><img loading=\"lazy\" decoding=\"async\" class=\"aligncenter size-full wp-image-1494\" src=\"http:\/\/portailsolidarites.fr\/amicalelaiquegrigny\/files\/2013\/01\/100_4197.jpg\" alt=\"On passe \u00e0 table\" width=\"640\" height=\"427\" \/><\/a><br \/>\n\u00a0On passe \u00e0 table<\/p>\n<p>&nbsp;<\/p>\n<p><a href=\"http:\/\/portailsolidarites.fr\/amicalelaiquegrigny\/files\/2013\/01\/IMG_4484.jpg\"><img loading=\"lazy\" decoding=\"async\" class=\"size-medium wp-image-1480\" src=\"http:\/\/portailsolidarites.fr\/amicalelaiquegrigny\/files\/2013\/01\/IMG_4484-300x225.jpg\" alt=\"\" width=\"300\" height=\"225\" \/><\/a>\u00a0\u00a0 Un pr\u00e9sident heureux !<\/p>\n<p>&nbsp;<\/p>\n<p><a href=\"http:\/\/portailsolidarites.fr\/amicalelaiquegrigny\/files\/2013\/01\/IMG_4488.jpg\"><img loading=\"lazy\" decoding=\"async\" class=\"alignnone size-full wp-image-1481\" src=\"http:\/\/portailsolidarites.fr\/amicalelaiquegrigny\/files\/2013\/01\/IMG_4488.jpg\" alt=\"Une excellente ambiance\" width=\"640\" height=\"480\" \/><\/a><br \/>\nUne ambiance joyeuse pour commencer l&rsquo;ann\u00e9e dans la bonne humeur<\/p>\n<p>&nbsp;<\/p>\n<div id=\"attachment_1495\" style=\"width: 650px\" class=\"wp-caption aligncenter\"><a href=\"http:\/\/portailsolidarites.fr\/amicalelaiquegrigny\/files\/2013\/01\/100_4200-retouch\u00e9.jpg\"><img loading=\"lazy\" decoding=\"async\" aria-describedby=\"caption-attachment-1495\" class=\"size-full wp-image-1495\" src=\"http:\/\/portailsolidarites.fr\/amicalelaiquegrigny\/files\/2013\/01\/100_4200-retouch\u00e9.jpg\" alt=\"\" width=\"640\" height=\"427\" \/><\/a><p id=\"caption-attachment-1495\" class=\"wp-caption-text\">Dansons le madison !<\/p><\/div>\n<p>&nbsp;<\/p>\n<div id=\"attachment_1496\" style=\"width: 650px\" class=\"wp-caption aligncenter\"><a href=\"http:\/\/portailsolidarites.fr\/amicalelaiquegrigny\/files\/2013\/01\/100_4204-retouch\u00e9.jpg\"><img loading=\"lazy\" decoding=\"async\" aria-describedby=\"caption-attachment-1496\" class=\"size-full wp-image-1496\" src=\"http:\/\/portailsolidarites.fr\/amicalelaiquegrigny\/files\/2013\/01\/100_4204-retouch\u00e9.jpg\" alt=\"\" width=\"640\" height=\"427\" \/><\/a><p id=\"caption-attachment-1496\" class=\"wp-caption-text\">A la queue leu leu ! &#8230;..<\/p><\/div>\n<p>\u00a0<a href=\"http:\/\/portailsolidarites.fr\/amicalelaiquegrigny\/files\/2012\/08\/bonne-ann\u00e9e_022.gif\"><img loading=\"lazy\" decoding=\"async\" class=\"aligncenter size-full wp-image-1436\" src=\"http:\/\/portailsolidarites.fr\/amicalelaiquegrigny\/files\/2012\/08\/bonne-ann\u00e9e_022.gif\" alt=\"\" width=\"263\" height=\"181\" \/><\/a><\/p>\n","protected":false},"excerpt":{"rendered":"<p>Pour f\u00eater l&rsquo;arriv\u00e9e de la nouvelle ann\u00e9e, une soixantaine d&rsquo;adh\u00e9rents se sont r\u00e9unis au si\u00e8ge de l&rsquo;Amicale, pour un r\u00e9veillon gastronomique et festif. L&rsquo;ambiance \u00e9tait particuli\u00e8rement joyeuse, \u00e0 la grande satisfaction de tous les participants. Un grand merci aux organisateurs &hellip; <a href=\"https:\/\/portailsolidarites.fr\/Amicale\/2013\/01\/07\/un-joyeux-reveillon-a-lamicale\/\">Continuer la lecture <span class=\"meta-nav\">&rarr;<\/span><\/a><\/p>\n","protected":false},"author":2,"featured_media":0,"comment_status":"open","ping_status":"open","sticky":false,"template":"","format":"standard","meta":{"_uag_custom_page_level_css":"","footnotes":""},"categories":[2],"tags":[],"class_list":["post-1477","post","type-post","status-publish","format-standard","hentry","category-interet-general"],"uagb_featured_image_src":{"full":false,"thumbnail":false,"medium":false,"medium_large":false,"large":false,"1536x1536":false,"2048x2048":false,"post-thumbnail":false},"uagb_author_info":{"display_name":"amicalelaiquegrigny","author_link":"https:\/\/portailsolidarites.fr\/Amicale\/author\/amicalelaiquegrigny\/"},"uagb_comment_info":0,"uagb_excerpt":"Pour f\u00eater l&rsquo;arriv\u00e9e de la nouvelle ann\u00e9e, une soixantaine d&rsquo;adh\u00e9rents se sont r\u00e9unis au si\u00e8ge de l&rsquo;Amicale, pour un r\u00e9veillon gastronomique et festif. L&rsquo;ambiance \u00e9tait particuli\u00e8rement joyeuse, \u00e0 la grande satisfaction de tous les participants. Un grand merci aux organisateurs &hellip; Continuer la lecture &rarr;","_links":{"self":[{"href":"https:\/\/portailsolidarites.fr\/Amicale\/wp-json\/wp\/v2\/posts\/1477","targetHints":{"allow":["GET"]}}],"collection":[{"href":"https:\/\/portailsolidarites.fr\/Amicale\/wp-json\/wp\/v2\/posts"}],"about":[{"href":"https:\/\/portailsolidarites.fr\/Amicale\/wp-json\/wp\/v2\/types\/post"}],"author":[{"embeddable":true,"href":"https:\/\/portailsolidarites.fr\/Amicale\/wp-json\/wp\/v2\/users\/2"}],"replies":[{"embeddable":true,"href":"https:\/\/portailsolidarites.fr\/Amicale\/wp-json\/wp\/v2\/comments?post=1477"}],"version-history":[{"count":0,"href":"https:\/\/portailsolidarites.fr\/Amicale\/wp-json\/wp\/v2\/posts\/1477\/revisions"}],"wp:attachment":[{"href":"https:\/\/portailsolidarites.fr\/Amicale\/wp-json\/wp\/v2\/media?parent=1477"}],"wp:term":[{"taxonomy":"category","embeddable":true,"href":"https:\/\/portailsolidarites.fr\/Amicale\/wp-json\/wp\/v2\/categories?post=1477"},{"taxonomy":"post_tag","embeddable":true,"href":"https:\/\/portailsolidarites.fr\/Amicale\/wp-json\/wp\/v2\/tags?post=1477"}],"curies":[{"name":"wp","href":"https:\/\/api.w.org\/{rel}","templated":true}]}}