{"id":1518,"date":"2013-01-02T23:41:00","date_gmt":"2013-01-02T21:41:00","guid":{"rendered":"http:\/\/portailsolidarites.fr\/amicalelaiquegrigny\/?p=1518"},"modified":"2013-01-02T23:41:00","modified_gmt":"2013-01-02T21:41:00","slug":"noel-des-enfants-19-decembre-2012","status":"publish","type":"post","link":"https:\/\/portailsolidarites.fr\/Amicale\/2013\/01\/02\/noel-des-enfants-19-decembre-2012\/","title":{"rendered":"No\u00eal des enfants (19 d\u00e9cembre 2012)"},"content":{"rendered":"<p>\u00a0L&rsquo;Amicale La\u00efque a organis\u00e9 le mercredi 19 d\u00e9cembre 2012 le No\u00ebl des enfants de l&rsquo;association.<br \/>\nUne sympathique r\u00e9ception au cours de laquelle les nombreux spectateurs ont pu appr\u00e9cier la souplesse et la gr\u00e2ce des fillettes de la section Gym artistique.<br \/>\nLa distribution de friandises faite par le P\u00e8re No\u00ebl en personne et le savoureux go\u00fbter offert par les b\u00e9n\u00e9voles de l&rsquo;association et son Pr\u00e9sident Jacky Gateau ont ravi petits et grands.<\/p>\n<p><a href=\"http:\/\/www.vive-fr.org\/node\/650\">Voir la video r\u00e9alis\u00e9e par ViV\u00e9<\/a><\/p>\n","protected":false},"excerpt":{"rendered":"<p>\u00a0L&rsquo;Amicale La\u00efque a organis\u00e9 le mercredi 19 d\u00e9cembre 2012 le No\u00ebl des enfants de l&rsquo;association. Une sympathique r\u00e9ception au cours de laquelle les nombreux spectateurs ont pu appr\u00e9cier la souplesse et la gr\u00e2ce des fillettes de la section Gym artistique. &hellip; <a href=\"https:\/\/portailsolidarites.fr\/Amicale\/2013\/01\/02\/noel-des-enfants-19-decembre-2012\/\">Continuer la lecture <span class=\"meta-nav\">&rarr;<\/span><\/a><\/p>\n","protected":false},"author":2,"featured_media":0,"comment_status":"open","ping_status":"open","sticky":false,"template":"","format":"standard","meta":{"_uag_custom_page_level_css":"","footnotes":""},"categories":[2,12],"tags":[56,80],"class_list":["post-1518","post","type-post","status-publish","format-standard","hentry","category-interet-general","category-gymnastique-artistique","tag-enfants","tag-noel"],"uagb_featured_image_src":{"full":false,"thumbnail":false,"medium":false,"medium_large":false,"large":false,"1536x1536":false,"2048x2048":false,"post-thumbnail":false},"uagb_author_info":{"display_name":"amicalelaiquegrigny","author_link":"https:\/\/portailsolidarites.fr\/Amicale\/author\/amicalelaiquegrigny\/"},"uagb_comment_info":0,"uagb_excerpt":"\u00a0L&rsquo;Amicale La\u00efque a organis\u00e9 le mercredi 19 d\u00e9cembre 2012 le No\u00ebl des enfants de l&rsquo;association. Une sympathique r\u00e9ception au cours de laquelle les nombreux spectateurs ont pu appr\u00e9cier la souplesse et la gr\u00e2ce des fillettes de la section Gym artistique. &hellip; Continuer la lecture &rarr;","_links":{"self":[{"href":"https:\/\/portailsolidarites.fr\/Amicale\/wp-json\/wp\/v2\/posts\/1518","targetHints":{"allow":["GET"]}}],"collection":[{"href":"https:\/\/portailsolidarites.fr\/Amicale\/wp-json\/wp\/v2\/posts"}],"about":[{"href":"https:\/\/portailsolidarites.fr\/Amicale\/wp-json\/wp\/v2\/types\/post"}],"author":[{"embeddable":true,"href":"https:\/\/portailsolidarites.fr\/Amicale\/wp-json\/wp\/v2\/users\/2"}],"replies":[{"embeddable":true,"href":"https:\/\/portailsolidarites.fr\/Amicale\/wp-json\/wp\/v2\/comments?post=1518"}],"version-history":[{"count":0,"href":"https:\/\/portailsolidarites.fr\/Amicale\/wp-json\/wp\/v2\/posts\/1518\/revisions"}],"wp:attachment":[{"href":"https:\/\/portailsolidarites.fr\/Amicale\/wp-json\/wp\/v2\/media?parent=1518"}],"wp:term":[{"taxonomy":"category","embeddable":true,"href":"https:\/\/portailsolidarites.fr\/Amicale\/wp-json\/wp\/v2\/categories?post=1518"},{"taxonomy":"post_tag","embeddable":true,"href":"https:\/\/portailsolidarites.fr\/Amicale\/wp-json\/wp\/v2\/tags?post=1518"}],"curies":[{"name":"wp","href":"https:\/\/api.w.org\/{rel}","templated":true}]}}