{"id":1561,"date":"2013-02-13T15:34:56","date_gmt":"2013-02-13T13:34:56","guid":{"rendered":"http:\/\/portailsolidarites.fr\/amicalelaiquegrigny\/?p=1561"},"modified":"2013-02-13T15:34:56","modified_gmt":"2013-02-13T13:34:56","slug":"gym-artistique-rencontre-inter-club-du-2-fevrier-2013","status":"publish","type":"post","link":"https:\/\/portailsolidarites.fr\/Amicale\/2013\/02\/13\/gym-artistique-rencontre-inter-club-du-2-fevrier-2013\/","title":{"rendered":"Gym artistique: rencontre inter club du 2 f\u00e9vrier 2013"},"content":{"rendered":"<p style=\"text-align: left\">L&rsquo;Amicale La\u00efque a organis\u00e9 une rencontre amicale inter club de gym artistique le 2 f\u00e9vrier apr\u00e8s-midi, au gymnase Michel Favier.<\/p>\n<p>Participaient \u00e0 cette rencontre: l&rsquo;Ind\u00e9pendante de Givors, l&rsquo;Amicale La\u00efque de Bron, l&rsquo;Amicale La\u00efque de Lozanne et bien s\u00fbr l&rsquo;Amicale la\u00efque de Grigny (organisateur).<\/p>\n<p>La manifestation, sous l&rsquo;\u00e9gide du sport pour tous de l&rsquo;UFOLEP, regroupait pr\u00e8s de 80 enfants de 2 \u00e0 14 ans qui ont montr\u00e9 ce qu&rsquo;ils \u00e9taient capables de faire \u00e0 un large public de parents et amis.<\/p>\n<p>De nombreuses r\u00e9compenses ont \u00e9t\u00e9 remises par l&rsquo;ALG aux meilleurs jeunes gymnastes.<\/p>\n<div id=\"attachment_1562\" style=\"width: 650px\" class=\"wp-caption aligncenter\"><a href=\"http:\/\/portailsolidarites.fr\/amicalelaiquegrigny\/files\/2013\/02\/Gala-gym-ALG-02.02.2013-285.jpg\"><img loading=\"lazy\" decoding=\"async\" aria-describedby=\"caption-attachment-1562\" class=\"size-full wp-image-1562\" src=\"http:\/\/portailsolidarites.fr\/amicalelaiquegrigny\/files\/2013\/02\/Gala-gym-ALG-02.02.2013-285.jpg\" alt=\"\" width=\"640\" height=\"425\" \/><\/a><p id=\"caption-attachment-1562\" class=\"wp-caption-text\">Mise en place des agr\u00e8s<\/p><\/div>\n<p>\u00a0<a href=\"http:\/\/portailsolidarites.fr\/amicalelaiquegrigny\/files\/2013\/02\/Gala-gym-ALG-02.02.2013-081.jpg\"><img loading=\"lazy\" decoding=\"async\" class=\"size-medium wp-image-1563 alignleft\" src=\"http:\/\/portailsolidarites.fr\/amicalelaiquegrigny\/files\/2013\/02\/Gala-gym-ALG-02.02.2013-081-300x199.jpg\" alt=\"\" width=\"300\" height=\"199\" \/><\/a><\/p>\n<p><a href=\"http:\/\/portailsolidarites.fr\/amicalelaiquegrigny\/files\/2013\/02\/Gala-gym-ALG-02.02.2013-185.jpg\"><img loading=\"lazy\" decoding=\"async\" class=\"size-medium wp-image-1564\" src=\"http:\/\/portailsolidarites.fr\/amicalelaiquegrigny\/files\/2013\/02\/Gala-gym-ALG-02.02.2013-185-300x199.jpg\" alt=\"\" width=\"300\" height=\"199\" \/><\/a><\/p>\n<p>\u00a0<a href=\"http:\/\/portailsolidarites.fr\/amicalelaiquegrigny\/files\/2013\/02\/Gala-gym-ALG-02.02.2013-176.jpg\"><img loading=\"lazy\" decoding=\"async\" class=\"size-full wp-image-1565\" src=\"http:\/\/portailsolidarites.fr\/amicalelaiquegrigny\/files\/2013\/02\/Gala-gym-ALG-02.02.2013-176.jpg\" alt=\"\" width=\"640\" height=\"425\" \/><\/a><\/p>\n<p>Remise des m\u00e9dailles par la pr\u00e9sidente de l&rsquo;OMS et le pr\u00e9sident de l&rsquo;ALG<\/p>\n<p>&nbsp;<\/p>\n<p>\u00a0<a href=\"http:\/\/portailsolidarites.fr\/amicalelaiquegrigny\/files\/2013\/02\/Gala-gym-ALG-02.02.2013-274_recadr\u00e9.jpg\"><img loading=\"lazy\" decoding=\"async\" class=\"size-full wp-image-1566\" src=\"http:\/\/portailsolidarites.fr\/amicalelaiquegrigny\/files\/2013\/02\/Gala-gym-ALG-02.02.2013-274_recadr\u00e9.jpg\" alt=\"\" width=\"608\" height=\"262\" \/><\/a><\/p>\n<p>Une belle photo de groupe: de jeunes gymnastes fiers de leurs prestations et de leurs r\u00e9compenses<\/p>\n<p>&nbsp;<\/p>\n","protected":false},"excerpt":{"rendered":"<p>L&rsquo;Amicale La\u00efque a organis\u00e9 une rencontre amicale inter club de gym artistique le 2 f\u00e9vrier apr\u00e8s-midi, au gymnase Michel Favier. Participaient \u00e0 cette rencontre: l&rsquo;Ind\u00e9pendante de Givors, l&rsquo;Amicale La\u00efque de Bron, l&rsquo;Amicale La\u00efque de Lozanne et bien s\u00fbr l&rsquo;Amicale la\u00efque &hellip; <a href=\"https:\/\/portailsolidarites.fr\/Amicale\/2013\/02\/13\/gym-artistique-rencontre-inter-club-du-2-fevrier-2013\/\">Continuer la lecture <span class=\"meta-nav\">&rarr;<\/span><\/a><\/p>\n","protected":false},"author":2,"featured_media":0,"comment_status":"open","ping_status":"open","sticky":false,"template":"","format":"standard","meta":{"_uag_custom_page_level_css":"","footnotes":""},"categories":[2,12],"tags":[68,69,90],"class_list":["post-1561","post","type-post","status-publish","format-standard","hentry","category-interet-general","category-gymnastique-artistique","tag-gym","tag-gymnastique","tag-rencontre"],"uagb_featured_image_src":{"full":false,"thumbnail":false,"medium":false,"medium_large":false,"large":false,"1536x1536":false,"2048x2048":false,"post-thumbnail":false},"uagb_author_info":{"display_name":"amicalelaiquegrigny","author_link":"https:\/\/portailsolidarites.fr\/Amicale\/author\/amicalelaiquegrigny\/"},"uagb_comment_info":0,"uagb_excerpt":"L&rsquo;Amicale La\u00efque a organis\u00e9 une rencontre amicale inter club de gym artistique le 2 f\u00e9vrier apr\u00e8s-midi, au gymnase Michel Favier. Participaient \u00e0 cette rencontre: l&rsquo;Ind\u00e9pendante de Givors, l&rsquo;Amicale La\u00efque de Bron, l&rsquo;Amicale La\u00efque de Lozanne et bien s\u00fbr l&rsquo;Amicale la\u00efque &hellip; Continuer la lecture &rarr;","_links":{"self":[{"href":"https:\/\/portailsolidarites.fr\/Amicale\/wp-json\/wp\/v2\/posts\/1561","targetHints":{"allow":["GET"]}}],"collection":[{"href":"https:\/\/portailsolidarites.fr\/Amicale\/wp-json\/wp\/v2\/posts"}],"about":[{"href":"https:\/\/portailsolidarites.fr\/Amicale\/wp-json\/wp\/v2\/types\/post"}],"author":[{"embeddable":true,"href":"https:\/\/portailsolidarites.fr\/Amicale\/wp-json\/wp\/v2\/users\/2"}],"replies":[{"embeddable":true,"href":"https:\/\/portailsolidarites.fr\/Amicale\/wp-json\/wp\/v2\/comments?post=1561"}],"version-history":[{"count":0,"href":"https:\/\/portailsolidarites.fr\/Amicale\/wp-json\/wp\/v2\/posts\/1561\/revisions"}],"wp:attachment":[{"href":"https:\/\/portailsolidarites.fr\/Amicale\/wp-json\/wp\/v2\/media?parent=1561"}],"wp:term":[{"taxonomy":"category","embeddable":true,"href":"https:\/\/portailsolidarites.fr\/Amicale\/wp-json\/wp\/v2\/categories?post=1561"},{"taxonomy":"post_tag","embeddable":true,"href":"https:\/\/portailsolidarites.fr\/Amicale\/wp-json\/wp\/v2\/tags?post=1561"}],"curies":[{"name":"wp","href":"https:\/\/api.w.org\/{rel}","templated":true}]}}