{"id":1576,"date":"2013-02-18T18:29:47","date_gmt":"2013-02-18T16:29:47","guid":{"rendered":"http:\/\/portailsolidarites.fr\/amicalelaiquegrigny\/?p=1576"},"modified":"2013-02-18T18:29:47","modified_gmt":"2013-02-18T16:29:47","slug":"preparation-de-la-bourse-aux-mineraux-des-9-et-10-mars-2013","status":"publish","type":"post","link":"https:\/\/portailsolidarites.fr\/Amicale\/2013\/02\/18\/preparation-de-la-bourse-aux-mineraux-des-9-et-10-mars-2013\/","title":{"rendered":"Pr\u00e9paration de la Bourse aux min\u00e9raux des 9 et 10 mars 2013"},"content":{"rendered":"<p>Les adh\u00e9rents de la section Min\u00e9raux s&rsquo;activent \u00e0 la pr\u00e9paration de la toute prochaine bourse. C&rsquo;est un travail important qui s&rsquo;\u00e9tale sur toute l&rsquo;ann\u00e9e.<\/p>\n<p>Les photos ci-dessous montre la pr\u00e9paration des planches qui seront expos\u00e9es lors de cette manifestation.<\/p>\n<p><a href=\"http:\/\/portailsolidarites.fr\/amicalelaiquegrigny\/files\/2013\/02\/IMGP0423.jpg\"><img loading=\"lazy\" decoding=\"async\" class=\"alignnone size-medium wp-image-1578\" src=\"http:\/\/portailsolidarites.fr\/amicalelaiquegrigny\/files\/2013\/02\/IMGP0423-300x225.jpg\" alt=\"\" width=\"300\" height=\"225\" \/><\/a> \u00a0 \u00a0 \u00a0\u00a0 \u00a0 <a href=\"http:\/\/portailsolidarites.fr\/amicalelaiquegrigny\/files\/2013\/02\/IMGP0413.jpg\"><img loading=\"lazy\" decoding=\"async\" class=\"alignnone size-medium wp-image-1579\" src=\"http:\/\/portailsolidarites.fr\/amicalelaiquegrigny\/files\/2013\/02\/IMGP0413-300x225.jpg\" alt=\"\" width=\"300\" height=\"225\" \/><\/a><\/p>\n<p><a href=\"http:\/\/portailsolidarites.fr\/amicalelaiquegrigny\/files\/2013\/02\/IMGP0415.jpg\"><img loading=\"lazy\" decoding=\"async\" class=\"alignnone size-medium wp-image-1580\" src=\"http:\/\/portailsolidarites.fr\/amicalelaiquegrigny\/files\/2013\/02\/IMGP0415-300x225.jpg\" alt=\"\" width=\"300\" height=\"225\" \/><\/a>\u00a0\u00a0 \u00a0 \u00a0\u00a0 \u00a0 <a href=\"http:\/\/portailsolidarites.fr\/amicalelaiquegrigny\/files\/2013\/02\/IMGP0417.jpg\"><img loading=\"lazy\" decoding=\"async\" class=\"alignnone size-medium wp-image-1581\" src=\"http:\/\/portailsolidarites.fr\/amicalelaiquegrigny\/files\/2013\/02\/IMGP0417-300x225.jpg\" alt=\"\" width=\"300\" height=\"225\" \/><\/a><\/p>\n<p><a href=\"http:\/\/portailsolidarites.fr\/amicalelaiquegrigny\/files\/2013\/02\/IMGP0419.jpg\"><img loading=\"lazy\" decoding=\"async\" class=\"alignnone size-medium wp-image-1582\" src=\"http:\/\/portailsolidarites.fr\/amicalelaiquegrigny\/files\/2013\/02\/IMGP0419-300x225.jpg\" alt=\"\" width=\"300\" height=\"225\" \/><\/a>\u00a0\u00a0 \u00a0 \u00a0 \u00a0\u00a0 <a href=\"http:\/\/portailsolidarites.fr\/amicalelaiquegrigny\/files\/2013\/02\/IMGP0421.jpg\"><img loading=\"lazy\" decoding=\"async\" class=\"alignnone size-medium wp-image-1583\" src=\"http:\/\/portailsolidarites.fr\/amicalelaiquegrigny\/files\/2013\/02\/IMGP0421-300x225.jpg\" alt=\"\" width=\"300\" height=\"225\" \/><\/a><\/p>\n","protected":false},"excerpt":{"rendered":"<p>Les adh\u00e9rents de la section Min\u00e9raux s&rsquo;activent \u00e0 la pr\u00e9paration de la toute prochaine bourse. C&rsquo;est un travail important qui s&rsquo;\u00e9tale sur toute l&rsquo;ann\u00e9e. Les photos ci-dessous montre la pr\u00e9paration des planches qui seront expos\u00e9es lors de cette manifestation. \u00a0 &hellip; <a href=\"https:\/\/portailsolidarites.fr\/Amicale\/2013\/02\/18\/preparation-de-la-bourse-aux-mineraux-des-9-et-10-mars-2013\/\">Continuer la lecture <span class=\"meta-nav\">&rarr;<\/span><\/a><\/p>\n","protected":false},"author":2,"featured_media":0,"comment_status":"open","ping_status":"open","sticky":false,"template":"","format":"standard","meta":{"_uag_custom_page_level_css":"","footnotes":""},"categories":[2],"tags":[],"class_list":["post-1576","post","type-post","status-publish","format-standard","hentry","category-interet-general"],"uagb_featured_image_src":{"full":false,"thumbnail":false,"medium":false,"medium_large":false,"large":false,"1536x1536":false,"2048x2048":false,"post-thumbnail":false},"uagb_author_info":{"display_name":"amicalelaiquegrigny","author_link":"https:\/\/portailsolidarites.fr\/Amicale\/author\/amicalelaiquegrigny\/"},"uagb_comment_info":0,"uagb_excerpt":"Les adh\u00e9rents de la section Min\u00e9raux s&rsquo;activent \u00e0 la pr\u00e9paration de la toute prochaine bourse. C&rsquo;est un travail important qui s&rsquo;\u00e9tale sur toute l&rsquo;ann\u00e9e. Les photos ci-dessous montre la pr\u00e9paration des planches qui seront expos\u00e9es lors de cette manifestation. \u00a0 &hellip; Continuer la lecture &rarr;","_links":{"self":[{"href":"https:\/\/portailsolidarites.fr\/Amicale\/wp-json\/wp\/v2\/posts\/1576","targetHints":{"allow":["GET"]}}],"collection":[{"href":"https:\/\/portailsolidarites.fr\/Amicale\/wp-json\/wp\/v2\/posts"}],"about":[{"href":"https:\/\/portailsolidarites.fr\/Amicale\/wp-json\/wp\/v2\/types\/post"}],"author":[{"embeddable":true,"href":"https:\/\/portailsolidarites.fr\/Amicale\/wp-json\/wp\/v2\/users\/2"}],"replies":[{"embeddable":true,"href":"https:\/\/portailsolidarites.fr\/Amicale\/wp-json\/wp\/v2\/comments?post=1576"}],"version-history":[{"count":0,"href":"https:\/\/portailsolidarites.fr\/Amicale\/wp-json\/wp\/v2\/posts\/1576\/revisions"}],"wp:attachment":[{"href":"https:\/\/portailsolidarites.fr\/Amicale\/wp-json\/wp\/v2\/media?parent=1576"}],"wp:term":[{"taxonomy":"category","embeddable":true,"href":"https:\/\/portailsolidarites.fr\/Amicale\/wp-json\/wp\/v2\/categories?post=1576"},{"taxonomy":"post_tag","embeddable":true,"href":"https:\/\/portailsolidarites.fr\/Amicale\/wp-json\/wp\/v2\/tags?post=1576"}],"curies":[{"name":"wp","href":"https:\/\/api.w.org\/{rel}","templated":true}]}}