{"id":1599,"date":"2013-02-25T15:18:50","date_gmt":"2013-02-25T13:18:50","guid":{"rendered":"http:\/\/portailsolidarites.fr\/amicalelaiquegrigny\/?p=1599"},"modified":"2013-02-25T15:18:50","modified_gmt":"2013-02-25T13:18:50","slug":"escalade-fanny-rigobello-1ere-a-st-symphorien-dozon-1ere-manche-du-championnat-du-rhone-ufolep","status":"publish","type":"post","link":"https:\/\/portailsolidarites.fr\/Amicale\/2013\/02\/25\/escalade-fanny-rigobello-1ere-a-st-symphorien-dozon-1ere-manche-du-championnat-du-rhone-ufolep\/","title":{"rendered":"Escalade: Fanny RIGOBELLO 1\u00e8re \u00e0 St Symphorien d&rsquo;Ozon pour la 1\u00e8re manche du championnat du Rh\u00f4ne UFOLEP"},"content":{"rendered":"<p><span style=\"color: #0000ff\">Le 2 f\u00e9vrier 2013 avait lieu \u00e0 Saint-Symphorien-d&rsquo;Ozon la premi\u00e8re des 4 manches du championnat du Rh\u00f4ne UFOLEP d&rsquo;escalade.<\/span><\/p>\n<p><span style=\"color: #0000ff\">Fanny RIGOBELLO a remport\u00e9 cette 1\u00e8re manche tr\u00e8s disput\u00e9e, dans sa cat\u00e9gorie 13-14 ans f\u00e9minine. Un tr\u00e8s grand bravo !<\/span><\/p>\n<p><em><span style=\"color: #0000ff\">Ci-dessous l&rsquo;article du Progr\u00e8s relatant la victoire de Fanny.<\/span><\/em><\/p>\n<p><a href=\"http:\/\/portailsolidarites.fr\/amicalelaiquegrigny\/files\/2013\/02\/St-Symphorien-dOzon-3-f\u00e9v-2013.jpg\"><img loading=\"lazy\" decoding=\"async\" class=\"alignnone size-full wp-image-1600\" src=\"http:\/\/portailsolidarites.fr\/amicalelaiquegrigny\/files\/2013\/02\/St-Symphorien-dOzon-3-f\u00e9v-2013.jpg\" alt=\"\" width=\"640\" height=\"387\" \/><\/a><\/p>\n<p><span style=\"color: #0000ff\">Quelques photos de la comp\u00e9tition:<\/span><\/p>\n<p><a href=\"http:\/\/portailsolidarites.fr\/amicalelaiquegrigny\/files\/2013\/02\/Fanny-1-001.jpg\"><img loading=\"lazy\" decoding=\"async\" class=\"alignnone size-medium wp-image-1607\" src=\"http:\/\/portailsolidarites.fr\/amicalelaiquegrigny\/files\/2013\/02\/Fanny-1-001-241x300.jpg\" alt=\"\" width=\"241\" height=\"300\" \/><\/a>\u00a0\u00a0\u00a0\u00a0\u00a0\u00a0\u00a0\u00a0\u00a0\u00a0\u00a0\u00a0\u00a0\u00a0\u00a0\u00a0\u00a0\u00a0 <a href=\"http:\/\/portailsolidarites.fr\/amicalelaiquegrigny\/files\/2013\/02\/Fanny-2-001.jpg\"><img loading=\"lazy\" decoding=\"async\" class=\"alignnone size-medium wp-image-1608\" src=\"http:\/\/portailsolidarites.fr\/amicalelaiquegrigny\/files\/2013\/02\/Fanny-2-001-214x300.jpg\" alt=\"\" width=\"214\" height=\"300\" \/><\/a><\/p>\n<p><a href=\"http:\/\/portailsolidarites.fr\/amicalelaiquegrigny\/files\/2013\/02\/Fanny-3-001.jpg\"><img loading=\"lazy\" decoding=\"async\" class=\"alignnone size-medium wp-image-1609\" src=\"http:\/\/portailsolidarites.fr\/amicalelaiquegrigny\/files\/2013\/02\/Fanny-3-001-249x300.jpg\" alt=\"\" width=\"249\" height=\"300\" \/><\/a>\u00a0\u00a0\u00a0\u00a0\u00a0\u00a0\u00a0\u00a0\u00a0\u00a0\u00a0\u00a0\u00a0\u00a0\u00a0\u00a0\u00a0\u00a0\u00a0\u00a0\u00a0\u00a0\u00a0\u00a0\u00a0\u00a0\u00a0\u00a0\u00a0\u00a0 <a href=\"http:\/\/portailsolidarites.fr\/amicalelaiquegrigny\/files\/2013\/02\/Fanny-4-001.jpg\"><img loading=\"lazy\" decoding=\"async\" class=\"alignnone size-medium wp-image-1605\" src=\"http:\/\/portailsolidarites.fr\/amicalelaiquegrigny\/files\/2013\/02\/Fanny-4-001-210x300.jpg\" alt=\"\" width=\"210\" height=\"300\" \/><\/a><\/p>\n<p>&nbsp;<\/p>\n<div id=\"attachment_1606\" style=\"width: 650px\" class=\"wp-caption alignnone\"><a href=\"http:\/\/portailsolidarites.fr\/amicalelaiquegrigny\/files\/2013\/02\/Fanny-Podium.jpg\"><img loading=\"lazy\" decoding=\"async\" aria-describedby=\"caption-attachment-1606\" class=\"size-full wp-image-1606\" src=\"http:\/\/portailsolidarites.fr\/amicalelaiquegrigny\/files\/2013\/02\/Fanny-Podium.jpg\" alt=\"\" width=\"640\" height=\"480\" \/><\/a><p id=\"caption-attachment-1606\" class=\"wp-caption-text\">Saint Symphorien d&rsquo;Ozon &#8211; 2 f\u00e9vrier 2013 &#8211; Le Podium<\/p><\/div>\n<p>&nbsp;<\/p>\n<p>&nbsp;<\/p>\n","protected":false},"excerpt":{"rendered":"<p>Le 2 f\u00e9vrier 2013 avait lieu \u00e0 Saint-Symphorien-d&rsquo;Ozon la premi\u00e8re des 4 manches du championnat du Rh\u00f4ne UFOLEP d&rsquo;escalade. Fanny RIGOBELLO a remport\u00e9 cette 1\u00e8re manche tr\u00e8s disput\u00e9e, dans sa cat\u00e9gorie 13-14 ans f\u00e9minine. Un tr\u00e8s grand bravo ! Ci-dessous &hellip; <a href=\"https:\/\/portailsolidarites.fr\/Amicale\/2013\/02\/25\/escalade-fanny-rigobello-1ere-a-st-symphorien-dozon-1ere-manche-du-championnat-du-rhone-ufolep\/\">Continuer la lecture <span class=\"meta-nav\">&rarr;<\/span><\/a><\/p>\n","protected":false},"author":2,"featured_media":0,"comment_status":"open","ping_status":"open","sticky":false,"template":"","format":"standard","meta":{"_uag_custom_page_level_css":"","footnotes":""},"categories":[2,10],"tags":[],"class_list":["post-1599","post","type-post","status-publish","format-standard","hentry","category-interet-general","category-escalade"],"uagb_featured_image_src":{"full":false,"thumbnail":false,"medium":false,"medium_large":false,"large":false,"1536x1536":false,"2048x2048":false,"post-thumbnail":false},"uagb_author_info":{"display_name":"amicalelaiquegrigny","author_link":"https:\/\/portailsolidarites.fr\/Amicale\/author\/amicalelaiquegrigny\/"},"uagb_comment_info":0,"uagb_excerpt":"Le 2 f\u00e9vrier 2013 avait lieu \u00e0 Saint-Symphorien-d&rsquo;Ozon la premi\u00e8re des 4 manches du championnat du Rh\u00f4ne UFOLEP d&rsquo;escalade. Fanny RIGOBELLO a remport\u00e9 cette 1\u00e8re manche tr\u00e8s disput\u00e9e, dans sa cat\u00e9gorie 13-14 ans f\u00e9minine. Un tr\u00e8s grand bravo ! Ci-dessous &hellip; Continuer la lecture &rarr;","_links":{"self":[{"href":"https:\/\/portailsolidarites.fr\/Amicale\/wp-json\/wp\/v2\/posts\/1599","targetHints":{"allow":["GET"]}}],"collection":[{"href":"https:\/\/portailsolidarites.fr\/Amicale\/wp-json\/wp\/v2\/posts"}],"about":[{"href":"https:\/\/portailsolidarites.fr\/Amicale\/wp-json\/wp\/v2\/types\/post"}],"author":[{"embeddable":true,"href":"https:\/\/portailsolidarites.fr\/Amicale\/wp-json\/wp\/v2\/users\/2"}],"replies":[{"embeddable":true,"href":"https:\/\/portailsolidarites.fr\/Amicale\/wp-json\/wp\/v2\/comments?post=1599"}],"version-history":[{"count":0,"href":"https:\/\/portailsolidarites.fr\/Amicale\/wp-json\/wp\/v2\/posts\/1599\/revisions"}],"wp:attachment":[{"href":"https:\/\/portailsolidarites.fr\/Amicale\/wp-json\/wp\/v2\/media?parent=1599"}],"wp:term":[{"taxonomy":"category","embeddable":true,"href":"https:\/\/portailsolidarites.fr\/Amicale\/wp-json\/wp\/v2\/categories?post=1599"},{"taxonomy":"post_tag","embeddable":true,"href":"https:\/\/portailsolidarites.fr\/Amicale\/wp-json\/wp\/v2\/tags?post=1599"}],"curies":[{"name":"wp","href":"https:\/\/api.w.org\/{rel}","templated":true}]}}