{"id":1613,"date":"2013-02-25T17:50:28","date_gmt":"2013-02-25T15:50:28","guid":{"rendered":"http:\/\/portailsolidarites.fr\/amicalelaiquegrigny\/?p=1613"},"modified":"2013-02-25T17:50:28","modified_gmt":"2013-02-25T15:50:28","slug":"succes-du-concours-de-coinche-du-23-fevrier-2013","status":"publish","type":"post","link":"https:\/\/portailsolidarites.fr\/Amicale\/2013\/02\/25\/succes-du-concours-de-coinche-du-23-fevrier-2013\/","title":{"rendered":"Succ\u00e8s du concours de coinche du 23 f\u00e9vrier 2013"},"content":{"rendered":"<p><span style=\"color: #000080\"><strong><em>Une bonne participation pour cette 3e \u00e9dition.<\/em><\/strong><\/span><\/p>\n<p><span style=\"color: #000080\"><strong><em>Les participants ont appr\u00e9ci\u00e9 l&rsquo;accueil et la convivialit\u00e9 de cette manifestation.<\/em><\/strong><\/span><\/p>\n<p><span style=\"color: #000080\"><strong><em>Tous les concurrents ont \u00e9t\u00e9 r\u00e9compens\u00e9s.<\/em><\/strong><\/span><\/p>\n<p><a href=\"http:\/\/portailsolidarites.fr\/amicalelaiquegrigny\/files\/2013\/02\/IMG_4514.jpg\"><img loading=\"lazy\" decoding=\"async\" class=\"alignnone size-medium wp-image-1616\" src=\"http:\/\/portailsolidarites.fr\/amicalelaiquegrigny\/files\/2013\/02\/IMG_4514-300x225.jpg\" alt=\"\" width=\"300\" height=\"225\" \/><\/a>\u00a0 \u00a0 \u00a0 \u00a0 \u00a0 <a href=\"http:\/\/portailsolidarites.fr\/amicalelaiquegrigny\/files\/2013\/02\/IMG_4511.jpg\"><img loading=\"lazy\" decoding=\"async\" class=\"alignnone size-medium wp-image-1615\" src=\"http:\/\/portailsolidarites.fr\/amicalelaiquegrigny\/files\/2013\/02\/IMG_4511-300x225.jpg\" alt=\"\" width=\"300\" height=\"225\" \/><\/a><\/p>\n<p><a href=\"http:\/\/portailsolidarites.fr\/amicalelaiquegrigny\/files\/2013\/02\/IMG_4515.jpg\"><img loading=\"lazy\" decoding=\"async\" class=\"alignnone size-medium wp-image-1617\" src=\"http:\/\/portailsolidarites.fr\/amicalelaiquegrigny\/files\/2013\/02\/IMG_4515-300x225.jpg\" alt=\"\" width=\"300\" height=\"225\" \/><\/a>\u00a0\u00a0 \u00a0 \u00a0 \u00a0\u00a0 <a href=\"http:\/\/portailsolidarites.fr\/amicalelaiquegrigny\/files\/2013\/02\/IMG_4516.jpg\"><img loading=\"lazy\" decoding=\"async\" class=\"alignnone size-medium wp-image-1618\" src=\"http:\/\/portailsolidarites.fr\/amicalelaiquegrigny\/files\/2013\/02\/IMG_4516-300x225.jpg\" alt=\"\" width=\"300\" height=\"225\" \/><\/a><\/p>\n<p><a href=\"http:\/\/portailsolidarites.fr\/amicalelaiquegrigny\/files\/2013\/02\/IMG_4518.jpg\"><img loading=\"lazy\" decoding=\"async\" class=\"alignnone size-full wp-image-1614\" src=\"http:\/\/portailsolidarites.fr\/amicalelaiquegrigny\/files\/2013\/02\/IMG_4518.jpg\" alt=\"\" width=\"640\" height=\"480\" \/><\/a><\/p>\n<p>&nbsp;<\/p>\n","protected":false},"excerpt":{"rendered":"<p>Une bonne participation pour cette 3e \u00e9dition. Les participants ont appr\u00e9ci\u00e9 l&rsquo;accueil et la convivialit\u00e9 de cette manifestation. Tous les concurrents ont \u00e9t\u00e9 r\u00e9compens\u00e9s. \u00a0 \u00a0 \u00a0 \u00a0 \u00a0 \u00a0\u00a0 \u00a0 \u00a0 \u00a0\u00a0 &nbsp;<\/p>\n","protected":false},"author":2,"featured_media":0,"comment_status":"open","ping_status":"open","sticky":false,"template":"","format":"standard","meta":{"_uag_custom_page_level_css":"","footnotes":""},"categories":[2,14],"tags":[],"class_list":["post-1613","post","type-post","status-publish","format-standard","hentry","category-interet-general","category-jeux-decartes-et-de-societe"],"uagb_featured_image_src":{"full":false,"thumbnail":false,"medium":false,"medium_large":false,"large":false,"1536x1536":false,"2048x2048":false,"post-thumbnail":false},"uagb_author_info":{"display_name":"amicalelaiquegrigny","author_link":"https:\/\/portailsolidarites.fr\/Amicale\/author\/amicalelaiquegrigny\/"},"uagb_comment_info":0,"uagb_excerpt":"Une bonne participation pour cette 3e \u00e9dition. Les participants ont appr\u00e9ci\u00e9 l&rsquo;accueil et la convivialit\u00e9 de cette manifestation. Tous les concurrents ont \u00e9t\u00e9 r\u00e9compens\u00e9s. \u00a0 \u00a0 \u00a0 \u00a0 \u00a0 \u00a0\u00a0 \u00a0 \u00a0 \u00a0\u00a0 &nbsp;","_links":{"self":[{"href":"https:\/\/portailsolidarites.fr\/Amicale\/wp-json\/wp\/v2\/posts\/1613","targetHints":{"allow":["GET"]}}],"collection":[{"href":"https:\/\/portailsolidarites.fr\/Amicale\/wp-json\/wp\/v2\/posts"}],"about":[{"href":"https:\/\/portailsolidarites.fr\/Amicale\/wp-json\/wp\/v2\/types\/post"}],"author":[{"embeddable":true,"href":"https:\/\/portailsolidarites.fr\/Amicale\/wp-json\/wp\/v2\/users\/2"}],"replies":[{"embeddable":true,"href":"https:\/\/portailsolidarites.fr\/Amicale\/wp-json\/wp\/v2\/comments?post=1613"}],"version-history":[{"count":0,"href":"https:\/\/portailsolidarites.fr\/Amicale\/wp-json\/wp\/v2\/posts\/1613\/revisions"}],"wp:attachment":[{"href":"https:\/\/portailsolidarites.fr\/Amicale\/wp-json\/wp\/v2\/media?parent=1613"}],"wp:term":[{"taxonomy":"category","embeddable":true,"href":"https:\/\/portailsolidarites.fr\/Amicale\/wp-json\/wp\/v2\/categories?post=1613"},{"taxonomy":"post_tag","embeddable":true,"href":"https:\/\/portailsolidarites.fr\/Amicale\/wp-json\/wp\/v2\/tags?post=1613"}],"curies":[{"name":"wp","href":"https:\/\/api.w.org\/{rel}","templated":true}]}}