{"id":1632,"date":"2013-03-27T15:04:13","date_gmt":"2013-03-27T13:04:13","guid":{"rendered":"http:\/\/portailsolidarites.fr\/amicalelaiquegrigny\/?p=1632"},"modified":"2013-03-27T15:04:13","modified_gmt":"2013-03-27T13:04:13","slug":"escalade-fanny-rigobello-confirme","status":"publish","type":"post","link":"https:\/\/portailsolidarites.fr\/Amicale\/2013\/03\/27\/escalade-fanny-rigobello-confirme\/","title":{"rendered":"Escalade: Fanny Rigobello confirme"},"content":{"rendered":"<p>Ci-dessous l&rsquo;article du Progr\u00e8s relatant la performance de Fanny Rigobello lors de la 3e \u00e9preuve du championnat du Rh\u00f4ne UFOLEP.<\/p>\n<p><a href=\"http:\/\/portailsolidarites.fr\/amicalelaiquegrigny\/files\/2013\/03\/Le-Progr\u00e8s-19-mars-2013-Fanny.jpg\"><img loading=\"lazy\" decoding=\"async\" class=\"aligncenter size-large wp-image-1633\" alt=\"Le Progr\u00e8s 19 mars 2013 - Fanny\" src=\"http:\/\/portailsolidarites.fr\/amicalelaiquegrigny\/files\/2013\/03\/Le-Progr\u00e8s-19-mars-2013-Fanny-1024x537.jpg\" width=\"640\" height=\"335\" \/><\/a><\/p>\n","protected":false},"excerpt":{"rendered":"<p>Ci-dessous l&rsquo;article du Progr\u00e8s relatant la performance de Fanny Rigobello lors de la 3e \u00e9preuve du championnat du Rh\u00f4ne UFOLEP.<\/p>\n","protected":false},"author":2,"featured_media":0,"comment_status":"open","ping_status":"open","sticky":false,"template":"","format":"standard","meta":{"_uag_custom_page_level_css":"","footnotes":""},"categories":[2,10],"tags":[],"class_list":["post-1632","post","type-post","status-publish","format-standard","hentry","category-interet-general","category-escalade"],"uagb_featured_image_src":{"full":false,"thumbnail":false,"medium":false,"medium_large":false,"large":false,"1536x1536":false,"2048x2048":false,"post-thumbnail":false},"uagb_author_info":{"display_name":"amicalelaiquegrigny","author_link":"https:\/\/portailsolidarites.fr\/Amicale\/author\/amicalelaiquegrigny\/"},"uagb_comment_info":0,"uagb_excerpt":"Ci-dessous l&rsquo;article du Progr\u00e8s relatant la performance de Fanny Rigobello lors de la 3e \u00e9preuve du championnat du Rh\u00f4ne UFOLEP.","_links":{"self":[{"href":"https:\/\/portailsolidarites.fr\/Amicale\/wp-json\/wp\/v2\/posts\/1632","targetHints":{"allow":["GET"]}}],"collection":[{"href":"https:\/\/portailsolidarites.fr\/Amicale\/wp-json\/wp\/v2\/posts"}],"about":[{"href":"https:\/\/portailsolidarites.fr\/Amicale\/wp-json\/wp\/v2\/types\/post"}],"author":[{"embeddable":true,"href":"https:\/\/portailsolidarites.fr\/Amicale\/wp-json\/wp\/v2\/users\/2"}],"replies":[{"embeddable":true,"href":"https:\/\/portailsolidarites.fr\/Amicale\/wp-json\/wp\/v2\/comments?post=1632"}],"version-history":[{"count":0,"href":"https:\/\/portailsolidarites.fr\/Amicale\/wp-json\/wp\/v2\/posts\/1632\/revisions"}],"wp:attachment":[{"href":"https:\/\/portailsolidarites.fr\/Amicale\/wp-json\/wp\/v2\/media?parent=1632"}],"wp:term":[{"taxonomy":"category","embeddable":true,"href":"https:\/\/portailsolidarites.fr\/Amicale\/wp-json\/wp\/v2\/categories?post=1632"},{"taxonomy":"post_tag","embeddable":true,"href":"https:\/\/portailsolidarites.fr\/Amicale\/wp-json\/wp\/v2\/tags?post=1632"}],"curies":[{"name":"wp","href":"https:\/\/api.w.org\/{rel}","templated":true}]}}