{"id":1635,"date":"2013-03-27T15:22:56","date_gmt":"2013-03-27T13:22:56","guid":{"rendered":"http:\/\/portailsolidarites.fr\/amicalelaiquegrigny\/?p=1635"},"modified":"2013-03-27T15:22:56","modified_gmt":"2013-03-27T13:22:56","slug":"course-a-pied-qualification-aux-championnats-de-france-pour-alain-bottone","status":"publish","type":"post","link":"https:\/\/portailsolidarites.fr\/Amicale\/2013\/03\/27\/course-a-pied-qualification-aux-championnats-de-france-pour-alain-bottone\/","title":{"rendered":"Course \u00e0 pied: qualification aux championnats de France pour Alain Bottone"},"content":{"rendered":"<p>C&rsquo;\u00e9tait son objectif: dans sa 70e ann\u00e9e, se qualifier pour les championnats de France sur 10 km et sur semi-marathon, dans sa cat\u00e9gorie d&rsquo;\u00e2ge V\u00e9t\u00e9ran 4.<\/p>\n<p>C&rsquo;est \u00e0 Villeurbanne, le 17 mars, qu&rsquo;il s&rsquo;est facilement qualifi\u00e9 sur la distance de 10 km (malgr\u00e9 un vent violent), avec un chrono de<strong> 47&rsquo;28<\/strong> (<em>temps qualificatif : 51&prime;<\/em>).<\/p>\n<p><span style=\"color: #0000ff\">Il est officiellement engag\u00e9 aux championnats de France des 10 km qui se d\u00e9rouleront le 13 avril 2013 \u00e0 Cabri\u00e8s (pr\u00e8s d&rsquo;Aix-en-Provence).<\/span><\/p>\n<p>Et c&rsquo;est \u00e0 Feurs-en-Forez, le dimanche suivant, 24 mars, qu&rsquo;il s&rsquo;est qualifi\u00e9 sur la distance du semi-marathon (21,1 km) avec un chrono de<strong> 1H46&rsquo;20<\/strong> (<em>temps qualificatif : 1H55<\/em>), terminant 1er de sa cat\u00e9gorie.<\/p>\n<div id=\"attachment_1636\" style=\"width: 399px\" class=\"wp-caption aligncenter\"><a href=\"http:\/\/portailsolidarites.fr\/amicalelaiquegrigny\/files\/2013\/03\/P1140337_recadr\u00e9.jpg\"><img loading=\"lazy\" decoding=\"async\" aria-describedby=\"caption-attachment-1636\" class=\"size-full wp-image-1636\" alt=\"Semi-marathon de Feurs, le 24 mars 2013\" src=\"http:\/\/portailsolidarites.fr\/amicalelaiquegrigny\/files\/2013\/03\/P1140337_recadr\u00e9.jpg\" width=\"389\" height=\"282\" \/><\/a><p id=\"caption-attachment-1636\" class=\"wp-caption-text\">Semi-marathon de Feurs, le 24 mars 2013<\/p><\/div>\n<p><em>Les couleurs de l&rsquo;Amicale La\u00efque sont bien d\u00e9fendues par le responsable de la section JOGGING !<\/em><\/p>\n<p>Ci-dessous l&rsquo;article du Progr\u00e8s du 27 mars 2013:<\/p>\n<div id=\"attachment_1641\" style=\"width: 650px\" class=\"wp-caption aligncenter\"><a href=\"http:\/\/portailsolidarites.fr\/amicalelaiquegrigny\/files\/2013\/03\/Le-Progr\u00e8s-27-mars-2013-Qualif1.jpg\"><img loading=\"lazy\" decoding=\"async\" aria-describedby=\"caption-attachment-1641\" class=\"size-full wp-image-1641\" alt=\"Le Progr\u00e8s 27 mars 2013\" src=\"http:\/\/portailsolidarites.fr\/amicalelaiquegrigny\/files\/2013\/03\/Le-Progr\u00e8s-27-mars-2013-Qualif1.jpg\" width=\"640\" height=\"500\" \/><\/a><p id=\"caption-attachment-1641\" class=\"wp-caption-text\">Le Progr\u00e8s 27 mars 2013<\/p><\/div>\n<p>&nbsp;<\/p>\n<p>&nbsp;<\/p>\n","protected":false},"excerpt":{"rendered":"<p>C&rsquo;\u00e9tait son objectif: dans sa 70e ann\u00e9e, se qualifier pour les championnats de France sur 10 km et sur semi-marathon, dans sa cat\u00e9gorie d&rsquo;\u00e2ge V\u00e9t\u00e9ran 4. C&rsquo;est \u00e0 Villeurbanne, le 17 mars, qu&rsquo;il s&rsquo;est facilement qualifi\u00e9 sur la distance de &hellip; <a href=\"https:\/\/portailsolidarites.fr\/Amicale\/2013\/03\/27\/course-a-pied-qualification-aux-championnats-de-france-pour-alain-bottone\/\">Continuer la lecture <span class=\"meta-nav\">&rarr;<\/span><\/a><\/p>\n","protected":false},"author":2,"featured_media":0,"comment_status":"open","ping_status":"open","sticky":false,"template":"","format":"standard","meta":{"_uag_custom_page_level_css":"","footnotes":""},"categories":[2,15],"tags":[],"class_list":["post-1635","post","type-post","status-publish","format-standard","hentry","category-interet-general","category-joggijg"],"uagb_featured_image_src":{"full":false,"thumbnail":false,"medium":false,"medium_large":false,"large":false,"1536x1536":false,"2048x2048":false,"post-thumbnail":false},"uagb_author_info":{"display_name":"amicalelaiquegrigny","author_link":"https:\/\/portailsolidarites.fr\/Amicale\/author\/amicalelaiquegrigny\/"},"uagb_comment_info":0,"uagb_excerpt":"C&rsquo;\u00e9tait son objectif: dans sa 70e ann\u00e9e, se qualifier pour les championnats de France sur 10 km et sur semi-marathon, dans sa cat\u00e9gorie d&rsquo;\u00e2ge V\u00e9t\u00e9ran 4. C&rsquo;est \u00e0 Villeurbanne, le 17 mars, qu&rsquo;il s&rsquo;est facilement qualifi\u00e9 sur la distance de &hellip; Continuer la lecture &rarr;","_links":{"self":[{"href":"https:\/\/portailsolidarites.fr\/Amicale\/wp-json\/wp\/v2\/posts\/1635","targetHints":{"allow":["GET"]}}],"collection":[{"href":"https:\/\/portailsolidarites.fr\/Amicale\/wp-json\/wp\/v2\/posts"}],"about":[{"href":"https:\/\/portailsolidarites.fr\/Amicale\/wp-json\/wp\/v2\/types\/post"}],"author":[{"embeddable":true,"href":"https:\/\/portailsolidarites.fr\/Amicale\/wp-json\/wp\/v2\/users\/2"}],"replies":[{"embeddable":true,"href":"https:\/\/portailsolidarites.fr\/Amicale\/wp-json\/wp\/v2\/comments?post=1635"}],"version-history":[{"count":0,"href":"https:\/\/portailsolidarites.fr\/Amicale\/wp-json\/wp\/v2\/posts\/1635\/revisions"}],"wp:attachment":[{"href":"https:\/\/portailsolidarites.fr\/Amicale\/wp-json\/wp\/v2\/media?parent=1635"}],"wp:term":[{"taxonomy":"category","embeddable":true,"href":"https:\/\/portailsolidarites.fr\/Amicale\/wp-json\/wp\/v2\/categories?post=1635"},{"taxonomy":"post_tag","embeddable":true,"href":"https:\/\/portailsolidarites.fr\/Amicale\/wp-json\/wp\/v2\/tags?post=1635"}],"curies":[{"name":"wp","href":"https:\/\/api.w.org\/{rel}","templated":true}]}}