{"id":1662,"date":"2013-05-02T20:25:36","date_gmt":"2013-05-02T18:25:36","guid":{"rendered":"http:\/\/portailsolidarites.fr\/amicalelaiquegrigny\/?p=1662"},"modified":"2013-05-02T20:25:36","modified_gmt":"2013-05-02T18:25:36","slug":"lamicale-fete-les-70-ans-de-daniele-page-animatrice-de-la-gym-dentretien","status":"publish","type":"post","link":"https:\/\/portailsolidarites.fr\/Amicale\/2013\/05\/02\/lamicale-fete-les-70-ans-de-daniele-page-animatrice-de-la-gym-dentretien\/","title":{"rendered":"L&rsquo;Amicale f\u00eate les 70 ans de Dani\u00e8le Page, animatrice de la gym d&rsquo;entretien"},"content":{"rendered":"<p>Le 18 avril 2013, l&rsquo;Amicale La\u00efque a rendu hommage \u00e0 Dani\u00e8le Page, \u00e0 l&rsquo;occasion de ses 70 ans.<\/p>\n<p>Dani\u00e8le Page est une ancienne de l&rsquo;Amicale La\u00efque puisqu&rsquo;elle anime la section gym d&rsquo;entretien depuis maintenant 30 ans.<\/p>\n<p><a href=\"http:\/\/portailsolidarites.fr\/amicalelaiquegrigny\/files\/2013\/05\/DSC_5067bis.jpg\"><img loading=\"lazy\" decoding=\"async\" class=\"aligncenter size-large wp-image-1663\" alt=\"DSC_5067bis\" src=\"http:\/\/portailsolidarites.fr\/amicalelaiquegrigny\/files\/2013\/05\/DSC_5067bis-1024x680.jpg\" width=\"640\" height=\"425\" \/><\/a> <a href=\"http:\/\/portailsolidarites.fr\/amicalelaiquegrigny\/files\/2013\/05\/DSC_5064bis.jpg\"><img loading=\"lazy\" decoding=\"async\" class=\"aligncenter size-large wp-image-1664\" alt=\"DSC_5064bis\" src=\"http:\/\/portailsolidarites.fr\/amicalelaiquegrigny\/files\/2013\/05\/DSC_5064bis-1024x680.jpg\" width=\"640\" height=\"425\" \/><\/a><\/p>\n","protected":false},"excerpt":{"rendered":"<p>Le 18 avril 2013, l&rsquo;Amicale La\u00efque a rendu hommage \u00e0 Dani\u00e8le Page, \u00e0 l&rsquo;occasion de ses 70 ans. Dani\u00e8le Page est une ancienne de l&rsquo;Amicale La\u00efque puisqu&rsquo;elle anime la section gym d&rsquo;entretien depuis maintenant 30 ans.<\/p>\n","protected":false},"author":2,"featured_media":0,"comment_status":"open","ping_status":"open","sticky":false,"template":"","format":"standard","meta":{"_uag_custom_page_level_css":"","footnotes":""},"categories":[2,13],"tags":[68],"class_list":["post-1662","post","type-post","status-publish","format-standard","hentry","category-interet-general","category-gymnastique-dentretien","tag-gym"],"uagb_featured_image_src":{"full":false,"thumbnail":false,"medium":false,"medium_large":false,"large":false,"1536x1536":false,"2048x2048":false,"post-thumbnail":false},"uagb_author_info":{"display_name":"amicalelaiquegrigny","author_link":"https:\/\/portailsolidarites.fr\/Amicale\/author\/amicalelaiquegrigny\/"},"uagb_comment_info":0,"uagb_excerpt":"Le 18 avril 2013, l&rsquo;Amicale La\u00efque a rendu hommage \u00e0 Dani\u00e8le Page, \u00e0 l&rsquo;occasion de ses 70 ans. Dani\u00e8le Page est une ancienne de l&rsquo;Amicale La\u00efque puisqu&rsquo;elle anime la section gym d&rsquo;entretien depuis maintenant 30 ans.","_links":{"self":[{"href":"https:\/\/portailsolidarites.fr\/Amicale\/wp-json\/wp\/v2\/posts\/1662","targetHints":{"allow":["GET"]}}],"collection":[{"href":"https:\/\/portailsolidarites.fr\/Amicale\/wp-json\/wp\/v2\/posts"}],"about":[{"href":"https:\/\/portailsolidarites.fr\/Amicale\/wp-json\/wp\/v2\/types\/post"}],"author":[{"embeddable":true,"href":"https:\/\/portailsolidarites.fr\/Amicale\/wp-json\/wp\/v2\/users\/2"}],"replies":[{"embeddable":true,"href":"https:\/\/portailsolidarites.fr\/Amicale\/wp-json\/wp\/v2\/comments?post=1662"}],"version-history":[{"count":0,"href":"https:\/\/portailsolidarites.fr\/Amicale\/wp-json\/wp\/v2\/posts\/1662\/revisions"}],"wp:attachment":[{"href":"https:\/\/portailsolidarites.fr\/Amicale\/wp-json\/wp\/v2\/media?parent=1662"}],"wp:term":[{"taxonomy":"category","embeddable":true,"href":"https:\/\/portailsolidarites.fr\/Amicale\/wp-json\/wp\/v2\/categories?post=1662"},{"taxonomy":"post_tag","embeddable":true,"href":"https:\/\/portailsolidarites.fr\/Amicale\/wp-json\/wp\/v2\/tags?post=1662"}],"curies":[{"name":"wp","href":"https:\/\/api.w.org\/{rel}","templated":true}]}}