{"id":1685,"date":"2013-05-30T22:48:58","date_gmt":"2013-05-30T20:48:58","guid":{"rendered":"http:\/\/portailsolidarites.fr\/amicalelaiquegrigny\/?p=1685"},"modified":"2013-05-30T22:48:58","modified_gmt":"2013-05-30T20:48:58","slug":"succes-de-lexposition-peinture-et-encadrement-dart-des-24-25-et-26-mai-2013","status":"publish","type":"post","link":"https:\/\/portailsolidarites.fr\/Amicale\/2013\/05\/30\/succes-de-lexposition-peinture-et-encadrement-dart-des-24-25-et-26-mai-2013\/","title":{"rendered":"Succ\u00e8s de l&rsquo;exposition peinture et encadrement d&rsquo;art des 24, 25 et 26 mai 2013"},"content":{"rendered":"<p>&nbsp;<\/p>\n<div id=\"attachment_1689\" style=\"width: 650px\" class=\"wp-caption aligncenter\"><a href=\"http:\/\/portailsolidarites.fr\/amicalelaiquegrigny\/files\/2013\/05\/100_4274.jpg\"><img loading=\"lazy\" decoding=\"async\" aria-describedby=\"caption-attachment-1689\" class=\"size-full wp-image-1689\" alt=\"Pendant l'expo\" src=\"http:\/\/portailsolidarites.fr\/amicalelaiquegrigny\/files\/2013\/05\/100_4274.jpg\" width=\"640\" height=\"427\" \/><\/a><p id=\"caption-attachment-1689\" class=\"wp-caption-text\">Pendant l&rsquo;expo<\/p><\/div>\n<p>Cette ann\u00e9e, l&rsquo;exposition se d\u00e9roulait sur 3 jours.<\/p>\n<p>Ce fut un succ\u00e8s puisque 380 personnes ont visit\u00e9 l&rsquo;exposition.<\/p>\n<p>En partenariat avec la ville de Grigny, l&rsquo;Amicale La\u00efque pr\u00e9sentait les oeuvres des 17 artistes de la section Arts Plastiques, de 8 membres\u00a0de la section Encadrement d&rsquo;Art ainsi que les r\u00e9alisations des enfants de la section Arts Plastiques Enfants.<\/p>\n<p>Une invit\u00e9e d&rsquo;honneur de grand talent, Suzy SOLVERY, pr\u00e9sentait 26 tableaux hyper r\u00e9alistes, r\u00e9alis\u00e9s au pastel, technique permettant des fondues et des d\u00e9grad\u00e9s\u00a0exceptionnels. Technique que Suzy d\u00e9fend avec ferveur et dont elle est une excellente ambassadrice.<\/p>\n<p>L&rsquo;association SculpTERRE, invit\u00e9e,\u00a0exposait des objets en terre cuite et c\u00e9ramiques r\u00e9alis\u00e9s par les \u00e9l\u00e8ves de l&rsquo;association.<\/p>\n<p>Le vernissage de l&rsquo;exposition,\u00a0samedi matin \u00e0 11H, r\u00e9unissait pr\u00e8s de 130 personnes, un record!<\/p>\n<p>Alain Bottone pr\u00e9sentait successivement les exposants, passant la parole \u00e0 Bernadette Aubert pour l&rsquo;Encadrement, \u00e0 l&rsquo;invit\u00e9e d&rsquo;honneur Suzy Solvery, et \u00e0 Katja Besnaut, l&rsquo;animatrice de SculpTERRE.<\/p>\n<p>M. le Maire cl\u00f4turait les pr\u00e9sentations en rappelant les nombreuses actions culturelles de la commune.<\/p>\n<p>L&rsquo;ap\u00e9ritif qui suivait cette pr\u00e9sentation\u00a0fut tr\u00e8s appr\u00e9ci\u00e9 par les invit\u00e9s et visiteurs.<\/p>\n<div id=\"attachment_1691\" style=\"width: 650px\" class=\"wp-caption aligncenter\"><a href=\"http:\/\/portailsolidarites.fr\/amicalelaiquegrigny\/files\/2013\/05\/100_4268.jpg\"><img loading=\"lazy\" decoding=\"async\" aria-describedby=\"caption-attachment-1691\" class=\"size-full wp-image-1691\" alt=\"Alain Bottone pr\u00e9sentant l'expo et l'invit\u00e9e d'honneur\" src=\"http:\/\/portailsolidarites.fr\/amicalelaiquegrigny\/files\/2013\/05\/100_4268.jpg\" width=\"640\" height=\"329\" \/><\/a><p id=\"caption-attachment-1691\" class=\"wp-caption-text\">Alain Bottone pr\u00e9sentant l&rsquo;expo et l&rsquo;invit\u00e9e d&rsquo;honneur<\/p><\/div>\n<div id=\"attachment_1692\" style=\"width: 650px\" class=\"wp-caption aligncenter\"><a href=\"http:\/\/portailsolidarites.fr\/amicalelaiquegrigny\/files\/2013\/05\/100_4281.jpg\"><img loading=\"lazy\" decoding=\"async\" aria-describedby=\"caption-attachment-1692\" class=\"size-full wp-image-1692\" alt=\"des visiteurs int\u00e9ress\u00e9s\" src=\"http:\/\/portailsolidarites.fr\/amicalelaiquegrigny\/files\/2013\/05\/100_4281.jpg\" width=\"640\" height=\"427\" \/><\/a><p id=\"caption-attachment-1692\" class=\"wp-caption-text\">des visiteurs int\u00e9ress\u00e9s<\/p><\/div>\n<div id=\"attachment_1693\" style=\"width: 650px\" class=\"wp-caption aligncenter\"><a href=\"http:\/\/portailsolidarites.fr\/amicalelaiquegrigny\/files\/2013\/05\/100_4284.jpg\"><img loading=\"lazy\" decoding=\"async\" aria-describedby=\"caption-attachment-1693\" class=\"size-full wp-image-1693\" alt=\"Encadrement d'Art\" src=\"http:\/\/portailsolidarites.fr\/amicalelaiquegrigny\/files\/2013\/05\/100_4284.jpg\" width=\"640\" height=\"427\" \/><\/a><p id=\"caption-attachment-1693\" class=\"wp-caption-text\">Encadrement d&rsquo;Art<\/p><\/div>\n<div id=\"attachment_1690\" style=\"width: 650px\" class=\"wp-caption aligncenter\"><a href=\"http:\/\/portailsolidarites.fr\/amicalelaiquegrigny\/files\/2013\/05\/100_4285.jpg\"><img loading=\"lazy\" decoding=\"async\" aria-describedby=\"caption-attachment-1690\" class=\"size-full wp-image-1690\" alt=\"Pr\u00e9sentation de SculpTERRE\" src=\"http:\/\/portailsolidarites.fr\/amicalelaiquegrigny\/files\/2013\/05\/100_4285.jpg\" width=\"640\" height=\"427\" \/><\/a><p id=\"caption-attachment-1690\" class=\"wp-caption-text\">Pr\u00e9sentation de SculpTERRE<\/p><\/div>\n<p>&nbsp;<\/p>\n","protected":false},"excerpt":{"rendered":"<p>&nbsp; Cette ann\u00e9e, l&rsquo;exposition se d\u00e9roulait sur 3 jours. Ce fut un succ\u00e8s puisque 380 personnes ont visit\u00e9 l&rsquo;exposition. En partenariat avec la ville de Grigny, l&rsquo;Amicale La\u00efque pr\u00e9sentait les oeuvres des 17 artistes de la section Arts Plastiques, de &hellip; <a href=\"https:\/\/portailsolidarites.fr\/Amicale\/2013\/05\/30\/succes-de-lexposition-peinture-et-encadrement-dart-des-24-25-et-26-mai-2013\/\">Continuer la lecture <span class=\"meta-nav\">&rarr;<\/span><\/a><\/p>\n","protected":false},"author":2,"featured_media":0,"comment_status":"open","ping_status":"open","sticky":false,"template":"","format":"standard","meta":{"_uag_custom_page_level_css":"","footnotes":""},"categories":[2,3,9],"tags":[],"class_list":["post-1685","post","type-post","status-publish","format-standard","hentry","category-interet-general","category-arts-plastiques","category-encadrement-dart"],"uagb_featured_image_src":{"full":false,"thumbnail":false,"medium":false,"medium_large":false,"large":false,"1536x1536":false,"2048x2048":false,"post-thumbnail":false},"uagb_author_info":{"display_name":"amicalelaiquegrigny","author_link":"https:\/\/portailsolidarites.fr\/Amicale\/author\/amicalelaiquegrigny\/"},"uagb_comment_info":0,"uagb_excerpt":"&nbsp; Cette ann\u00e9e, l&rsquo;exposition se d\u00e9roulait sur 3 jours. Ce fut un succ\u00e8s puisque 380 personnes ont visit\u00e9 l&rsquo;exposition. En partenariat avec la ville de Grigny, l&rsquo;Amicale La\u00efque pr\u00e9sentait les oeuvres des 17 artistes de la section Arts Plastiques, de &hellip; Continuer la lecture &rarr;","_links":{"self":[{"href":"https:\/\/portailsolidarites.fr\/Amicale\/wp-json\/wp\/v2\/posts\/1685","targetHints":{"allow":["GET"]}}],"collection":[{"href":"https:\/\/portailsolidarites.fr\/Amicale\/wp-json\/wp\/v2\/posts"}],"about":[{"href":"https:\/\/portailsolidarites.fr\/Amicale\/wp-json\/wp\/v2\/types\/post"}],"author":[{"embeddable":true,"href":"https:\/\/portailsolidarites.fr\/Amicale\/wp-json\/wp\/v2\/users\/2"}],"replies":[{"embeddable":true,"href":"https:\/\/portailsolidarites.fr\/Amicale\/wp-json\/wp\/v2\/comments?post=1685"}],"version-history":[{"count":0,"href":"https:\/\/portailsolidarites.fr\/Amicale\/wp-json\/wp\/v2\/posts\/1685\/revisions"}],"wp:attachment":[{"href":"https:\/\/portailsolidarites.fr\/Amicale\/wp-json\/wp\/v2\/media?parent=1685"}],"wp:term":[{"taxonomy":"category","embeddable":true,"href":"https:\/\/portailsolidarites.fr\/Amicale\/wp-json\/wp\/v2\/categories?post=1685"},{"taxonomy":"post_tag","embeddable":true,"href":"https:\/\/portailsolidarites.fr\/Amicale\/wp-json\/wp\/v2\/tags?post=1685"}],"curies":[{"name":"wp","href":"https:\/\/api.w.org\/{rel}","templated":true}]}}