{"id":1756,"date":"2013-09-21T16:36:15","date_gmt":"2013-09-21T14:36:15","guid":{"rendered":"http:\/\/portailsolidarites.fr\/amicalelaiquegrigny\/?p=1756"},"modified":"2013-09-21T16:36:15","modified_gmt":"2013-09-21T14:36:15","slug":"lamicale-au-forum-des-associations-le-8-septembre-2013","status":"publish","type":"post","link":"https:\/\/portailsolidarites.fr\/Amicale\/2013\/09\/21\/lamicale-au-forum-des-associations-le-8-septembre-2013\/","title":{"rendered":"L&rsquo;Amicale au Forum des Associations le 8 septembre 2013"},"content":{"rendered":"<p>Les dirigeants et responsables de section de l&rsquo;Amicale \u00e9tait \u00ab\u00a0sur le pont\u00a0\u00bb.<br \/>\nDe nombreux visiteurs se sont inform\u00e9s sur nos activit\u00e9s .<br \/>\nLa section Country a fait une d\u00e9monstration r\u00e9ussie.<br \/>\nUne journ\u00e9e utile pour faire mieux conna\u00eetre notre association<br \/>\n<a href=\"http:\/\/portailsolidarites.fr\/amicalelaiquegrigny\/files\/2013\/09\/IMG_5911.jpg\"><img loading=\"lazy\" decoding=\"async\" class=\"aligncenter size-full wp-image-1757\" alt=\"IMG_5911\" src=\"http:\/\/portailsolidarites.fr\/amicalelaiquegrigny\/files\/2013\/09\/IMG_5911.jpg\" width=\"640\" height=\"480\" \/><\/a> <a href=\"http:\/\/portailsolidarites.fr\/amicalelaiquegrigny\/files\/2013\/09\/IMG_5920.jpg\"><img loading=\"lazy\" decoding=\"async\" class=\"aligncenter size-full wp-image-1758\" alt=\"IMG_5920\" src=\"http:\/\/portailsolidarites.fr\/amicalelaiquegrigny\/files\/2013\/09\/IMG_5920.jpg\" width=\"640\" height=\"480\" \/><\/a> <a href=\"http:\/\/portailsolidarites.fr\/amicalelaiquegrigny\/files\/2013\/09\/IMG_5922.jpg\"><img loading=\"lazy\" decoding=\"async\" class=\"aligncenter size-full wp-image-1759\" alt=\"IMG_5922\" src=\"http:\/\/portailsolidarites.fr\/amicalelaiquegrigny\/files\/2013\/09\/IMG_5922.jpg\" width=\"640\" height=\"480\" \/><\/a><\/p>\n","protected":false},"excerpt":{"rendered":"<p>Les dirigeants et responsables de section de l&rsquo;Amicale \u00e9tait \u00ab\u00a0sur le pont\u00a0\u00bb. De nombreux visiteurs se sont inform\u00e9s sur nos activit\u00e9s . La section Country a fait une d\u00e9monstration r\u00e9ussie. Une journ\u00e9e utile pour faire mieux conna\u00eetre notre association<\/p>\n","protected":false},"author":2,"featured_media":0,"comment_status":"open","ping_status":"open","sticky":false,"template":"","format":"standard","meta":{"_uag_custom_page_level_css":"","footnotes":""},"categories":[2],"tags":[],"class_list":["post-1756","post","type-post","status-publish","format-standard","hentry","category-interet-general"],"uagb_featured_image_src":{"full":false,"thumbnail":false,"medium":false,"medium_large":false,"large":false,"1536x1536":false,"2048x2048":false,"post-thumbnail":false},"uagb_author_info":{"display_name":"amicalelaiquegrigny","author_link":"https:\/\/portailsolidarites.fr\/Amicale\/author\/amicalelaiquegrigny\/"},"uagb_comment_info":0,"uagb_excerpt":"Les dirigeants et responsables de section de l&rsquo;Amicale \u00e9tait \u00ab\u00a0sur le pont\u00a0\u00bb. De nombreux visiteurs se sont inform\u00e9s sur nos activit\u00e9s . La section Country a fait une d\u00e9monstration r\u00e9ussie. Une journ\u00e9e utile pour faire mieux conna\u00eetre notre association","_links":{"self":[{"href":"https:\/\/portailsolidarites.fr\/Amicale\/wp-json\/wp\/v2\/posts\/1756","targetHints":{"allow":["GET"]}}],"collection":[{"href":"https:\/\/portailsolidarites.fr\/Amicale\/wp-json\/wp\/v2\/posts"}],"about":[{"href":"https:\/\/portailsolidarites.fr\/Amicale\/wp-json\/wp\/v2\/types\/post"}],"author":[{"embeddable":true,"href":"https:\/\/portailsolidarites.fr\/Amicale\/wp-json\/wp\/v2\/users\/2"}],"replies":[{"embeddable":true,"href":"https:\/\/portailsolidarites.fr\/Amicale\/wp-json\/wp\/v2\/comments?post=1756"}],"version-history":[{"count":0,"href":"https:\/\/portailsolidarites.fr\/Amicale\/wp-json\/wp\/v2\/posts\/1756\/revisions"}],"wp:attachment":[{"href":"https:\/\/portailsolidarites.fr\/Amicale\/wp-json\/wp\/v2\/media?parent=1756"}],"wp:term":[{"taxonomy":"category","embeddable":true,"href":"https:\/\/portailsolidarites.fr\/Amicale\/wp-json\/wp\/v2\/categories?post=1756"},{"taxonomy":"post_tag","embeddable":true,"href":"https:\/\/portailsolidarites.fr\/Amicale\/wp-json\/wp\/v2\/tags?post=1756"}],"curies":[{"name":"wp","href":"https:\/\/api.w.org\/{rel}","templated":true}]}}