{"id":1837,"date":"2013-10-14T19:03:53","date_gmt":"2013-10-14T17:03:53","guid":{"rendered":"http:\/\/portailsolidarites.fr\/amicalelaiquegrigny\/?p=1837"},"modified":"2013-10-14T19:03:53","modified_gmt":"2013-10-14T17:03:53","slug":"un-nouveau-president-et-un-nouveau-bureau-pour-notre-association","status":"publish","type":"post","link":"https:\/\/portailsolidarites.fr\/Amicale\/2013\/10\/14\/un-nouveau-president-et-un-nouveau-bureau-pour-notre-association\/","title":{"rendered":"Un nouveau Pr\u00e9sident et un nouveau bureau pour notre association"},"content":{"rendered":"<p>Le conseil d&rsquo;administration \u00e9lu lors de l&rsquo;Assembl\u00e9e g\u00e9n\u00e9rale du 5 octobre 2013 s&rsquo;et r\u00e9uni le 7 octobre pour d\u00e9signer les membres du nouveau Bureau.<\/p>\n<p>Le d\u00e9part regrett\u00e9 de Jacky GATEAU du poste de Pr\u00e9sident entra\u00eene une modification sensible du Bureau:<\/p>\n<p>Pr\u00e9sident: Jean-Eric ROUAST<br \/>\nVice-pr\u00e9sidents: Francis PALANDRE et Jean-Marc SACCHI<br \/>\nTr\u00e9sorier: Jean-Marc SACCHI<br \/>\nSecr\u00e9taire: Denise BOYET<br \/>\nSecr\u00e9taire adjointe: Isabelle CHASTAND<\/p>\n<p><em>Ci-dessous l&rsquo;article paru dans Le Progr\u00e8s du 13 octobre 2013:<\/em><\/p>\n<p><a href=\"http:\/\/portailsolidarites.fr\/amicalelaiquegrigny\/files\/2013\/10\/Le-Progr\u00e8s_13-octobre-2013.jpg\"><img loading=\"lazy\" decoding=\"async\" alt=\"Le Progr\u00e8s_13 octobre 2013\" src=\"http:\/\/portailsolidarites.fr\/amicalelaiquegrigny\/files\/2013\/10\/Le-Progr\u00e8s_13-octobre-2013.jpg\" width=\"567\" height=\"756\" \/><\/a><\/p>\n","protected":false},"excerpt":{"rendered":"<p>Le conseil d&rsquo;administration \u00e9lu lors de l&rsquo;Assembl\u00e9e g\u00e9n\u00e9rale du 5 octobre 2013 s&rsquo;et r\u00e9uni le 7 octobre pour d\u00e9signer les membres du nouveau Bureau. Le d\u00e9part regrett\u00e9 de Jacky GATEAU du poste de Pr\u00e9sident entra\u00eene une modification sensible du Bureau: &hellip; <a href=\"https:\/\/portailsolidarites.fr\/Amicale\/2013\/10\/14\/un-nouveau-president-et-un-nouveau-bureau-pour-notre-association\/\">Continuer la lecture <span class=\"meta-nav\">&rarr;<\/span><\/a><\/p>\n","protected":false},"author":2,"featured_media":0,"comment_status":"open","ping_status":"open","sticky":false,"template":"","format":"standard","meta":{"_uag_custom_page_level_css":"","footnotes":""},"categories":[2],"tags":[35,86],"class_list":["post-1837","post","type-post","status-publish","format-standard","hentry","category-interet-general","tag-bureau","tag-president"],"uagb_featured_image_src":{"full":false,"thumbnail":false,"medium":false,"medium_large":false,"large":false,"1536x1536":false,"2048x2048":false,"post-thumbnail":false},"uagb_author_info":{"display_name":"amicalelaiquegrigny","author_link":"https:\/\/portailsolidarites.fr\/Amicale\/author\/amicalelaiquegrigny\/"},"uagb_comment_info":0,"uagb_excerpt":"Le conseil d&rsquo;administration \u00e9lu lors de l&rsquo;Assembl\u00e9e g\u00e9n\u00e9rale du 5 octobre 2013 s&rsquo;et r\u00e9uni le 7 octobre pour d\u00e9signer les membres du nouveau Bureau. Le d\u00e9part regrett\u00e9 de Jacky GATEAU du poste de Pr\u00e9sident entra\u00eene une modification sensible du Bureau: &hellip; Continuer la lecture &rarr;","_links":{"self":[{"href":"https:\/\/portailsolidarites.fr\/Amicale\/wp-json\/wp\/v2\/posts\/1837","targetHints":{"allow":["GET"]}}],"collection":[{"href":"https:\/\/portailsolidarites.fr\/Amicale\/wp-json\/wp\/v2\/posts"}],"about":[{"href":"https:\/\/portailsolidarites.fr\/Amicale\/wp-json\/wp\/v2\/types\/post"}],"author":[{"embeddable":true,"href":"https:\/\/portailsolidarites.fr\/Amicale\/wp-json\/wp\/v2\/users\/2"}],"replies":[{"embeddable":true,"href":"https:\/\/portailsolidarites.fr\/Amicale\/wp-json\/wp\/v2\/comments?post=1837"}],"version-history":[{"count":0,"href":"https:\/\/portailsolidarites.fr\/Amicale\/wp-json\/wp\/v2\/posts\/1837\/revisions"}],"wp:attachment":[{"href":"https:\/\/portailsolidarites.fr\/Amicale\/wp-json\/wp\/v2\/media?parent=1837"}],"wp:term":[{"taxonomy":"category","embeddable":true,"href":"https:\/\/portailsolidarites.fr\/Amicale\/wp-json\/wp\/v2\/categories?post=1837"},{"taxonomy":"post_tag","embeddable":true,"href":"https:\/\/portailsolidarites.fr\/Amicale\/wp-json\/wp\/v2\/tags?post=1837"}],"curies":[{"name":"wp","href":"https:\/\/api.w.org\/{rel}","templated":true}]}}