{"id":1902,"date":"2013-10-30T12:25:30","date_gmt":"2013-10-30T10:25:30","guid":{"rendered":"http:\/\/portailsolidarites.fr\/amicalelaiquegrigny\/?p=1902"},"modified":"2013-10-30T12:25:30","modified_gmt":"2013-10-30T10:25:30","slug":"bonne-participation-de-lamicale-au-semi-marathon-de-grigny-du-27-octobre-2013","status":"publish","type":"post","link":"https:\/\/portailsolidarites.fr\/Amicale\/2013\/10\/30\/bonne-participation-de-lamicale-au-semi-marathon-de-grigny-du-27-octobre-2013\/","title":{"rendered":"Bonne participation de l&rsquo;Amicale au semi-marathon de Grigny du 27 octobre 2013"},"content":{"rendered":"<p>Cette ann\u00e9e encore, l&rsquo;Amicale La\u00efque participait activement \u00e0 cette manifestation sportive.<\/p>\n<p>1- en organisant la course des jeunes, qui accueillait plus de 40 participants sur des distances de 1, 2 ou 3 km. <strong>Voir photos ci-dessous.<\/strong><\/p>\n<p>2- en inscrivant 7 coureurs de la section Jogging (4 sur les 21 km et 3 sur les 10,5 km):<br \/>\nceux-ci ont, comme d&rsquo;habitude, donn\u00e9 le maximum pour se classer au mieux sur un parcours exigeant.<\/p>\n<h2>R\u00e9sultats:<\/h2>\n<p><strong><span style=\"text-decoration: underline\">&#8211; sur 21 km (56 coureurs au d\u00e9part):<\/span><\/strong><\/p>\n<p>Christophe BEAUSOLEIL &#8230;. 10e \u00a0 en 1H31&rsquo;24 \u00a0&#8211;(5e S\u00e9nior et<span style=\"text-decoration: underline\"> 1er grignerot<\/span>)<br \/>\nFranck BISSARDON &#8230;&#8230;&#8230;&#8230;. 27e \u00a0en 1H47&rsquo;25 \u00a0 &#8211;(10e V\u00e9t\u00e9ran 1)<br \/>\nAlain BOTTONE \u00a0&#8230;&#8230;&#8230;&#8230;&#8230;&#8230; 29e \u00a0en 1H49&rsquo;08 \u00a0&#8211;(1er V\u00e9t\u00e9ran 4 et le plus \u00e2g\u00e9 sur le 21 km)<br \/>\nChristophe SEIGNEZ &#8230;&#8230;&#8230;.. \u00a039e \u00a0en 1H57&rsquo;00 \u00a0&#8211;(15e S\u00e9nior)<\/p>\n<p><span style=\"text-decoration: underline\"><strong>&#8211; sur 10,5 km (62 coureurs au d\u00e9part):<\/strong><\/span><\/p>\n<p>Jean-Claude GARCIA &#8230;&#8230;&#8230;. \u00a022e \u00a0en 51&rsquo;10 \u00a0&#8211;(8e V\u00e9t\u00e9ran 1)<br \/>\nDavid SMOLAREK \u00a0&#8230;&#8230;&#8230;&#8230;.. \u00a023e \u00a0en 51&rsquo;44 \u00a0&#8211;(6e S\u00e9nior)<br \/>\nChristian IMBERT \u00a0&#8230;&#8230;&#8230;&#8230;.. \u00a038e \u00a0en 1h 02&rsquo;32 &#8211;(6e V\u00e9t\u00e9ran 2)<\/p>\n<p>Bravo \u00e0 tous.<\/p>\n<div id=\"attachment_1903\" style=\"width: 650px\" class=\"wp-caption aligncenter\"><a href=\"http:\/\/portailsolidarites.fr\/amicalelaiquegrigny\/files\/2013\/10\/groupe-adultes-alg.jpg\"><img loading=\"lazy\" decoding=\"async\" aria-describedby=\"caption-attachment-1903\" class=\"size-full wp-image-1903\" alt=\"Les coureurs de la section JOGGING -photo D. Rollat-\" src=\"http:\/\/portailsolidarites.fr\/amicalelaiquegrigny\/files\/2013\/10\/groupe-adultes-alg.jpg\" width=\"640\" height=\"425\" \/><\/a><p id=\"caption-attachment-1903\" class=\"wp-caption-text\">Les coureurs de la section JOGGING avant le d\u00e9part<br \/>-photo D. Rollat-<\/p><\/div>\n<p>&nbsp;<\/p>\n<p><em><strong>Les courses JEUNES:<\/strong><\/em><\/p>\n<div id=\"attachment_1904\" style=\"width: 650px\" class=\"wp-caption aligncenter\"><a href=\"http:\/\/portailsolidarites.fr\/amicalelaiquegrigny\/files\/2013\/10\/course-jeunes-petits.jpg\"><img loading=\"lazy\" decoding=\"async\" aria-describedby=\"caption-attachment-1904\" class=\"size-full wp-image-1904\" alt=\"Course jeunes - petits- -Photo D. Rollat-\" src=\"http:\/\/portailsolidarites.fr\/amicalelaiquegrigny\/files\/2013\/10\/course-jeunes-petits.jpg\" width=\"640\" height=\"425\" \/><\/a><p id=\"caption-attachment-1904\" class=\"wp-caption-text\">Course jeunes &#8211; petits-<br \/>-Photo D. Rollat-<\/p><\/div>\n<p><a href=\"http:\/\/portailsolidarites.fr\/amicalelaiquegrigny\/files\/2013\/10\/DSC_7779bis.jpg\"><img loading=\"lazy\" decoding=\"async\" class=\"aligncenter size-full wp-image-1905\" alt=\"DSC_7779bis\" src=\"http:\/\/portailsolidarites.fr\/amicalelaiquegrigny\/files\/2013\/10\/DSC_7779bis.jpg\" width=\"640\" height=\"425\" \/><\/a> <a href=\"http:\/\/portailsolidarites.fr\/amicalelaiquegrigny\/files\/2013\/10\/DSC_7791bis.jpg\"><img loading=\"lazy\" decoding=\"async\" class=\"aligncenter size-full wp-image-1906\" alt=\"DSC_7791bis\" src=\"http:\/\/portailsolidarites.fr\/amicalelaiquegrigny\/files\/2013\/10\/DSC_7791bis.jpg\" width=\"640\" height=\"425\" \/><\/a> <a href=\"http:\/\/portailsolidarites.fr\/amicalelaiquegrigny\/files\/2013\/10\/DSC_7797bis.jpg\"><img loading=\"lazy\" decoding=\"async\" class=\"aligncenter size-full wp-image-1907\" alt=\"DSC_7797bis\" src=\"http:\/\/portailsolidarites.fr\/amicalelaiquegrigny\/files\/2013\/10\/DSC_7797bis.jpg\" width=\"640\" height=\"425\" \/><\/a> <a href=\"http:\/\/portailsolidarites.fr\/amicalelaiquegrigny\/files\/2013\/10\/DSC_7805bis.jpg\"><img loading=\"lazy\" decoding=\"async\" class=\"aligncenter size-full wp-image-1908\" alt=\"DSC_7805bis\" src=\"http:\/\/portailsolidarites.fr\/amicalelaiquegrigny\/files\/2013\/10\/DSC_7805bis.jpg\" width=\"640\" height=\"446\" \/><\/a><\/p>\n","protected":false},"excerpt":{"rendered":"<p>Cette ann\u00e9e encore, l&rsquo;Amicale La\u00efque participait activement \u00e0 cette manifestation sportive. 1- en organisant la course des jeunes, qui accueillait plus de 40 participants sur des distances de 1, 2 ou 3 km. Voir photos ci-dessous. 2- en inscrivant 7 &hellip; <a href=\"https:\/\/portailsolidarites.fr\/Amicale\/2013\/10\/30\/bonne-participation-de-lamicale-au-semi-marathon-de-grigny-du-27-octobre-2013\/\">Continuer la lecture <span class=\"meta-nav\">&rarr;<\/span><\/a><\/p>\n","protected":false},"author":2,"featured_media":0,"comment_status":"open","ping_status":"open","sticky":false,"template":"","format":"standard","meta":{"_uag_custom_page_level_css":"","footnotes":""},"categories":[2,4,15],"tags":[42,47,72],"class_list":["post-1902","post","type-post","status-publish","format-standard","hentry","category-interet-general","category-athletisme","category-joggijg","tag-competition","tag-course-a-pied","tag-jogging"],"uagb_featured_image_src":{"full":false,"thumbnail":false,"medium":false,"medium_large":false,"large":false,"1536x1536":false,"2048x2048":false,"post-thumbnail":false},"uagb_author_info":{"display_name":"amicalelaiquegrigny","author_link":"https:\/\/portailsolidarites.fr\/Amicale\/author\/amicalelaiquegrigny\/"},"uagb_comment_info":0,"uagb_excerpt":"Cette ann\u00e9e encore, l&rsquo;Amicale La\u00efque participait activement \u00e0 cette manifestation sportive. 1- en organisant la course des jeunes, qui accueillait plus de 40 participants sur des distances de 1, 2 ou 3 km. Voir photos ci-dessous. 2- en inscrivant 7 &hellip; Continuer la lecture &rarr;","_links":{"self":[{"href":"https:\/\/portailsolidarites.fr\/Amicale\/wp-json\/wp\/v2\/posts\/1902","targetHints":{"allow":["GET"]}}],"collection":[{"href":"https:\/\/portailsolidarites.fr\/Amicale\/wp-json\/wp\/v2\/posts"}],"about":[{"href":"https:\/\/portailsolidarites.fr\/Amicale\/wp-json\/wp\/v2\/types\/post"}],"author":[{"embeddable":true,"href":"https:\/\/portailsolidarites.fr\/Amicale\/wp-json\/wp\/v2\/users\/2"}],"replies":[{"embeddable":true,"href":"https:\/\/portailsolidarites.fr\/Amicale\/wp-json\/wp\/v2\/comments?post=1902"}],"version-history":[{"count":0,"href":"https:\/\/portailsolidarites.fr\/Amicale\/wp-json\/wp\/v2\/posts\/1902\/revisions"}],"wp:attachment":[{"href":"https:\/\/portailsolidarites.fr\/Amicale\/wp-json\/wp\/v2\/media?parent=1902"}],"wp:term":[{"taxonomy":"category","embeddable":true,"href":"https:\/\/portailsolidarites.fr\/Amicale\/wp-json\/wp\/v2\/categories?post=1902"},{"taxonomy":"post_tag","embeddable":true,"href":"https:\/\/portailsolidarites.fr\/Amicale\/wp-json\/wp\/v2\/tags?post=1902"}],"curies":[{"name":"wp","href":"https:\/\/api.w.org\/{rel}","templated":true}]}}