{"id":1944,"date":"2013-12-03T11:58:13","date_gmt":"2013-12-03T09:58:13","guid":{"rendered":"http:\/\/portailsolidarites.fr\/amicalelaiquegrigny\/?p=1944"},"modified":"2013-12-03T11:58:13","modified_gmt":"2013-12-03T09:58:13","slug":"creation-dune-section-theatre","status":"publish","type":"post","link":"https:\/\/portailsolidarites.fr\/Amicale\/2013\/12\/03\/creation-dune-section-theatre\/","title":{"rendered":"Cr\u00e9ation d&rsquo;une section THEATRE"},"content":{"rendered":"<p>&nbsp;<\/p>\n<p>L&rsquo;Amicale La\u00efque de Grigny,\u00a0 toujours dans l&rsquo;esprit de la solidarit\u00e9 et de la laicit\u00e9, innove dans une nouvelle section : le<strong><span style=\"color: #0000ff\"> th\u00e9atre pour adultes<\/span><\/strong>.<br \/>\nDepuis quelques ann\u00e9es, une demande pour cette nouvelle activit\u00e9 \u00e9tait apparue.<\/p>\n<p>Apr\u00e8s diverses concertations, recherches, r\u00e9unions, la section th\u00e9atre est n\u00e9e, en ce mois de novembre 2013.<\/p>\n<p>Le th\u00e9atre est avant tout un loisir, une d\u00e9tente,\u00a0 mais aussi un travail relationnel et de m\u00e9moire.<br \/>\nToute personne int\u00e9ress\u00e9e est invit\u00e9e \u00e0 venir aux r\u00e9p\u00e9titions qui ont lieu le mercredi \u00e0 20H au si\u00e8ge de l&rsquo;Amicale Laique (Centre\u00a0 Edmond Chervet \u00e0 Grigny).<\/p>\n<p><span style=\"color: #0000ff\"><em>Se faire plaisir dans les r\u00e9pliques, s&rsquo;accorder une confiance sur sc\u00e8ne, imaginer un d\u00e9cor, confectionner des costumes, transmettre son plaisir au public, &#8230; tout ceci semble vous convenir&#8230;, n&rsquo;h\u00e9sitez pas : l &lsquo;Amicale vous accueille chaleureusement dans cette nouvelle section.<\/em><\/span><\/p>\n<p>Pour toute\u00a0information, vous pouvez joindre la responsable de la section :<br \/>\nChristiane CHEVILLARD au 07.81.26.09.42. ou l&rsquo;ALG au 04.78.73.37.97.<br \/>\nToute l&rsquo;\u00e9quipe de l&rsquo;ALG vous remercie de votre int\u00e9r\u00eat.<\/p>\n","protected":false},"excerpt":{"rendered":"<p>&nbsp; L&rsquo;Amicale La\u00efque de Grigny,\u00a0 toujours dans l&rsquo;esprit de la solidarit\u00e9 et de la laicit\u00e9, innove dans une nouvelle section : le th\u00e9atre pour adultes. Depuis quelques ann\u00e9es, une demande pour cette nouvelle activit\u00e9 \u00e9tait apparue. Apr\u00e8s diverses concertations, recherches, &hellip; <a href=\"https:\/\/portailsolidarites.fr\/Amicale\/2013\/12\/03\/creation-dune-section-theatre\/\">Continuer la lecture <span class=\"meta-nav\">&rarr;<\/span><\/a><\/p>\n","protected":false},"author":2,"featured_media":0,"comment_status":"open","ping_status":"open","sticky":false,"template":"","format":"standard","meta":{"_uag_custom_page_level_css":"","footnotes":""},"categories":[2],"tags":[102],"class_list":["post-1944","post","type-post","status-publish","format-standard","hentry","category-interet-general","tag-theatre"],"uagb_featured_image_src":{"full":false,"thumbnail":false,"medium":false,"medium_large":false,"large":false,"1536x1536":false,"2048x2048":false,"post-thumbnail":false},"uagb_author_info":{"display_name":"amicalelaiquegrigny","author_link":"https:\/\/portailsolidarites.fr\/Amicale\/author\/amicalelaiquegrigny\/"},"uagb_comment_info":0,"uagb_excerpt":"&nbsp; L&rsquo;Amicale La\u00efque de Grigny,\u00a0 toujours dans l&rsquo;esprit de la solidarit\u00e9 et de la laicit\u00e9, innove dans une nouvelle section : le th\u00e9atre pour adultes. Depuis quelques ann\u00e9es, une demande pour cette nouvelle activit\u00e9 \u00e9tait apparue. Apr\u00e8s diverses concertations, recherches, &hellip; Continuer la lecture &rarr;","_links":{"self":[{"href":"https:\/\/portailsolidarites.fr\/Amicale\/wp-json\/wp\/v2\/posts\/1944","targetHints":{"allow":["GET"]}}],"collection":[{"href":"https:\/\/portailsolidarites.fr\/Amicale\/wp-json\/wp\/v2\/posts"}],"about":[{"href":"https:\/\/portailsolidarites.fr\/Amicale\/wp-json\/wp\/v2\/types\/post"}],"author":[{"embeddable":true,"href":"https:\/\/portailsolidarites.fr\/Amicale\/wp-json\/wp\/v2\/users\/2"}],"replies":[{"embeddable":true,"href":"https:\/\/portailsolidarites.fr\/Amicale\/wp-json\/wp\/v2\/comments?post=1944"}],"version-history":[{"count":0,"href":"https:\/\/portailsolidarites.fr\/Amicale\/wp-json\/wp\/v2\/posts\/1944\/revisions"}],"wp:attachment":[{"href":"https:\/\/portailsolidarites.fr\/Amicale\/wp-json\/wp\/v2\/media?parent=1944"}],"wp:term":[{"taxonomy":"category","embeddable":true,"href":"https:\/\/portailsolidarites.fr\/Amicale\/wp-json\/wp\/v2\/categories?post=1944"},{"taxonomy":"post_tag","embeddable":true,"href":"https:\/\/portailsolidarites.fr\/Amicale\/wp-json\/wp\/v2\/tags?post=1944"}],"curies":[{"name":"wp","href":"https:\/\/api.w.org\/{rel}","templated":true}]}}