{"id":2033,"date":"2014-01-03T18:45:53","date_gmt":"2014-01-03T16:45:53","guid":{"rendered":"http:\/\/portailsolidarites.fr\/amicalelaiquegrigny\/?p=2033"},"modified":"2014-01-03T18:45:53","modified_gmt":"2014-01-03T16:45:53","slug":"un-joyeux-reveillon-du-nouvel-an-a-lamicale","status":"publish","type":"post","link":"https:\/\/portailsolidarites.fr\/Amicale\/2014\/01\/03\/un-joyeux-reveillon-du-nouvel-an-a-lamicale\/","title":{"rendered":"Un joyeux r\u00e9veillon du nouvel an \u00e0 l&rsquo;Amicale"},"content":{"rendered":"<p>Joyeux r\u00e9veillon \u00e0 l&rsquo;Amicale La\u00efque<\/p>\n<p>Une cinquantaine d&rsquo;amicalistes se sont r\u00e9unis dans les locaux de l&rsquo;Association pour c\u00e9l\u00e8brer autour d&rsquo;un bon repas et dans la bonne humeur le passage \u00e0 l&rsquo;an 2014.<br \/>\nTous ont \u00e9t\u00e9 tr\u00e8s satisfaits de cette soir\u00e9e anim\u00e9e \u00e0 laquelle participaient en particulier l&rsquo;ancien et le nouveau pr\u00e9sident.<br \/>\nCe dernier s&rsquo;est fortement impliqu\u00e9 pour la r\u00e9ussite de ce r\u00e9veillon, avec l&rsquo;appui essentiel des\u00a0b\u00e9n\u00e9voles d\u00e9vou\u00e9s du Comit\u00e9 des f\u00eates de l&rsquo;association.<br \/>\nMission r\u00e9ussie avec brio.<\/p>\n<p>Les photos ci-dessous en donnent un aper\u00e7u:<\/p>\n<p><a href=\"http:\/\/portailsolidarites.fr\/amicalelaiquegrigny\/files\/2014\/01\/IMG_6044.jpg\"><img loading=\"lazy\" decoding=\"async\" class=\"aligncenter size-full wp-image-2038\" alt=\"IMG_6044\" src=\"http:\/\/portailsolidarites.fr\/amicalelaiquegrigny\/files\/2014\/01\/IMG_6044.jpg\" width=\"640\" height=\"480\" \/><\/a><\/p>\n<p>&nbsp;<\/p>\n<p><a href=\"http:\/\/portailsolidarites.fr\/amicalelaiquegrigny\/files\/2014\/01\/100_4556.jpg\"><img loading=\"lazy\" decoding=\"async\" class=\"alignnone size-full wp-image-2035\" alt=\"100_4556\" src=\"http:\/\/portailsolidarites.fr\/amicalelaiquegrigny\/files\/2014\/01\/100_4556.jpg\" width=\"640\" height=\"320\" \/><\/a><\/p>\n<p>&nbsp;<\/p>\n<p><a href=\"http:\/\/portailsolidarites.fr\/amicalelaiquegrigny\/files\/2014\/01\/IMG_6045.jpg\"><img loading=\"lazy\" decoding=\"async\" class=\"aligncenter size-full wp-image-2034\" alt=\"IMG_6045\" src=\"http:\/\/portailsolidarites.fr\/amicalelaiquegrigny\/files\/2014\/01\/IMG_6045.jpg\" width=\"640\" height=\"480\" \/><\/a><\/p>\n<p>&nbsp;<\/p>\n<p><a href=\"http:\/\/portailsolidarites.fr\/amicalelaiquegrigny\/files\/2014\/01\/100_4566.jpg\"><img loading=\"lazy\" decoding=\"async\" class=\"alignnone size-full wp-image-2036\" alt=\"100_4566\" src=\"http:\/\/portailsolidarites.fr\/amicalelaiquegrigny\/files\/2014\/01\/100_4566.jpg\" width=\"640\" height=\"427\" \/><\/a><\/p>\n<p>&nbsp;<\/p>\n<p><a href=\"http:\/\/portailsolidarites.fr\/amicalelaiquegrigny\/files\/2014\/01\/100_4569.jpg\"><img loading=\"lazy\" decoding=\"async\" class=\"alignnone size-full wp-image-2037\" alt=\"100_4569\" src=\"http:\/\/portailsolidarites.fr\/amicalelaiquegrigny\/files\/2014\/01\/100_4569.jpg\" width=\"640\" height=\"427\" \/><\/a><\/p>\n<p>&nbsp;<\/p>\n","protected":false},"excerpt":{"rendered":"<p>Joyeux r\u00e9veillon \u00e0 l&rsquo;Amicale La\u00efque Une cinquantaine d&rsquo;amicalistes se sont r\u00e9unis dans les locaux de l&rsquo;Association pour c\u00e9l\u00e8brer autour d&rsquo;un bon repas et dans la bonne humeur le passage \u00e0 l&rsquo;an 2014. Tous ont \u00e9t\u00e9 tr\u00e8s satisfaits de cette soir\u00e9e &hellip; <a href=\"https:\/\/portailsolidarites.fr\/Amicale\/2014\/01\/03\/un-joyeux-reveillon-du-nouvel-an-a-lamicale\/\">Continuer la lecture <span class=\"meta-nav\">&rarr;<\/span><\/a><\/p>\n","protected":false},"author":2,"featured_media":0,"comment_status":"open","ping_status":"open","sticky":false,"template":"","format":"standard","meta":{"_uag_custom_page_level_css":"","footnotes":""},"categories":[2,16],"tags":[92],"class_list":["post-2033","post","type-post","status-publish","format-standard","hentry","category-interet-general","category-memoire","tag-reveillon"],"uagb_featured_image_src":{"full":false,"thumbnail":false,"medium":false,"medium_large":false,"large":false,"1536x1536":false,"2048x2048":false,"post-thumbnail":false},"uagb_author_info":{"display_name":"amicalelaiquegrigny","author_link":"https:\/\/portailsolidarites.fr\/Amicale\/author\/amicalelaiquegrigny\/"},"uagb_comment_info":0,"uagb_excerpt":"Joyeux r\u00e9veillon \u00e0 l&rsquo;Amicale La\u00efque Une cinquantaine d&rsquo;amicalistes se sont r\u00e9unis dans les locaux de l&rsquo;Association pour c\u00e9l\u00e8brer autour d&rsquo;un bon repas et dans la bonne humeur le passage \u00e0 l&rsquo;an 2014. Tous ont \u00e9t\u00e9 tr\u00e8s satisfaits de cette soir\u00e9e &hellip; Continuer la lecture &rarr;","_links":{"self":[{"href":"https:\/\/portailsolidarites.fr\/Amicale\/wp-json\/wp\/v2\/posts\/2033","targetHints":{"allow":["GET"]}}],"collection":[{"href":"https:\/\/portailsolidarites.fr\/Amicale\/wp-json\/wp\/v2\/posts"}],"about":[{"href":"https:\/\/portailsolidarites.fr\/Amicale\/wp-json\/wp\/v2\/types\/post"}],"author":[{"embeddable":true,"href":"https:\/\/portailsolidarites.fr\/Amicale\/wp-json\/wp\/v2\/users\/2"}],"replies":[{"embeddable":true,"href":"https:\/\/portailsolidarites.fr\/Amicale\/wp-json\/wp\/v2\/comments?post=2033"}],"version-history":[{"count":0,"href":"https:\/\/portailsolidarites.fr\/Amicale\/wp-json\/wp\/v2\/posts\/2033\/revisions"}],"wp:attachment":[{"href":"https:\/\/portailsolidarites.fr\/Amicale\/wp-json\/wp\/v2\/media?parent=2033"}],"wp:term":[{"taxonomy":"category","embeddable":true,"href":"https:\/\/portailsolidarites.fr\/Amicale\/wp-json\/wp\/v2\/categories?post=2033"},{"taxonomy":"post_tag","embeddable":true,"href":"https:\/\/portailsolidarites.fr\/Amicale\/wp-json\/wp\/v2\/tags?post=2033"}],"curies":[{"name":"wp","href":"https:\/\/api.w.org\/{rel}","templated":true}]}}