{"id":2067,"date":"2014-01-15T18:56:25","date_gmt":"2014-01-15T16:56:25","guid":{"rendered":"http:\/\/portailsolidarites.fr\/amicalelaiquegrigny\/?p=2067"},"modified":"2014-01-15T18:56:25","modified_gmt":"2014-01-15T16:56:25","slug":"voeux-du-president-et-medailles-pour-jacky-gateau","status":"publish","type":"post","link":"https:\/\/portailsolidarites.fr\/Amicale\/2014\/01\/15\/voeux-du-president-et-medailles-pour-jacky-gateau\/","title":{"rendered":"Voeux du Pr\u00e9sident et m\u00e9dailles pour Jacky GATEAU"},"content":{"rendered":"<p>Samedi 11 janvier \u00e0 11h, il y avait beaucoup de monde pour la pr\u00e9sentation des voeux par le Pr\u00e9sident de l&rsquo;association.<\/p>\n<p>Cette c\u00e9r\u00e9monie, qui se fait ordinairement au si\u00e8ge de l&rsquo;Amicale, se tenait au centre Edouard Brenot car la pr\u00e9sentation des voeux par le nouveau Pr\u00e9sident, Jean-Eric ROUAST, \u00e9tait doubl\u00e9e d&rsquo;une mise \u00e0 l&rsquo;honneur de Jacky GATEAU qui lui a c\u00e9d\u00e9 la place apr\u00e8s 10 ans d&rsquo;une pr\u00e9sidence remarquable.<\/p>\n<p>Au cours de ces 10 ann\u00e9es, il a su mobiliser l&rsquo;\u00e9quipe de b\u00e9n\u00e9voles qui l&rsquo;entoure pour remettre de l&rsquo;ordre, assainir et d\u00e9velopper l&rsquo;association dans un esprit de convivialit\u00e9, solidarit\u00e9 et la\u00efcit\u00e9. Le nombre d&rsquo;adh\u00e9rents est ainsi pass\u00e9 de 200 \u00e0 environ 400.<\/p>\n<p>Ren\u00e9 BALME, maire de Grigny, remettait \u00e0 Jacky la m\u00e9daille de la Ville, et Martial PASSI, maire de Givors et conseiller g\u00e9n\u00e9ral, lui remettait la m\u00e9daille du D\u00e9partement pour son d\u00e9vouement et les services rendus \u00e0 la collectivit\u00e9.<\/p>\n<p>On notait aussi la pr\u00e9sence de Monsieur Bob DEVILLE, ex pr\u00e9sident de la FOL (F\u00e9d\u00e9ration des Oeuvres La\u00efques) du Rh\u00f4ne, qui prenait aussi la parole pour f\u00e9liciter Jacky, en particulier pour son action pour la d\u00e9fense de la la\u00efcit\u00e9.<\/p>\n<p>La c\u00e9r\u00e9monie s&rsquo;achevait par un copieux ap\u00e9ritif \u00ab\u00a0dinatoire\u00a0\u00bb.<\/p>\n<p>&nbsp;<\/p>\n<div id=\"attachment_2068\" style=\"width: 650px\" class=\"wp-caption aligncenter\"><a href=\"http:\/\/portailsolidarites.fr\/amicalelaiquegrigny\/files\/2014\/01\/voeux-2014-avec-medaille-jacky-055.jpg\"><img loading=\"lazy\" decoding=\"async\" aria-describedby=\"caption-attachment-2068\" class=\"size-full wp-image-2068\" alt=\"Jacky, sa compagne Danielle et Bob Deville\" src=\"http:\/\/portailsolidarites.fr\/amicalelaiquegrigny\/files\/2014\/01\/voeux-2014-avec-medaille-jacky-055.jpg\" width=\"640\" height=\"425\" \/><\/a><p id=\"caption-attachment-2068\" class=\"wp-caption-text\">Jacky, sa compagne Danielle et Bob Deville<\/p><\/div>\n<p>&nbsp;<\/p>\n<p><a href=\"http:\/\/portailsolidarites.fr\/amicalelaiquegrigny\/files\/2014\/01\/voeux-2014-avec-medaille-jacky-097.jpg\"><img loading=\"lazy\" decoding=\"async\" class=\"size-full wp-image-2069\" alt=\"Jacky, \u00e9mu, remercie l'assembl\u00e9e\" src=\"http:\/\/portailsolidarites.fr\/amicalelaiquegrigny\/files\/2014\/01\/voeux-2014-avec-medaille-jacky-097.jpg\" width=\"640\" height=\"425\" \/><\/a><\/p>\n<dl class=\"wp-caption aligncenter\" id=\"attachment_2069\" style=\"width: 650px\">\n<dd class=\"wp-caption-dd\">Jacky, \u00e9mu, remercie l&rsquo;assembl\u00e9e<\/dd>\n<\/dl>\n<p>&nbsp;<\/p>\n<div id=\"attachment_2070\" style=\"width: 650px\" class=\"wp-caption aligncenter\"><a href=\"http:\/\/portailsolidarites.fr\/amicalelaiquegrigny\/files\/2014\/01\/voeux-2014-avec-medaille-jacky-115.jpg\"><img loading=\"lazy\" decoding=\"async\" aria-describedby=\"caption-attachment-2070\" class=\"size-full wp-image-2070\" alt=\"Les membres du Bureau\" src=\"http:\/\/portailsolidarites.fr\/amicalelaiquegrigny\/files\/2014\/01\/voeux-2014-avec-medaille-jacky-115.jpg\" width=\"640\" height=\"425\" \/><\/a><p id=\"caption-attachment-2070\" class=\"wp-caption-text\">Les membres du Bureau<\/p><\/div>\n<p>&nbsp;<\/p>\n<p>&nbsp;<\/p>\n","protected":false},"excerpt":{"rendered":"<p>Samedi 11 janvier \u00e0 11h, il y avait beaucoup de monde pour la pr\u00e9sentation des voeux par le Pr\u00e9sident de l&rsquo;association. Cette c\u00e9r\u00e9monie, qui se fait ordinairement au si\u00e8ge de l&rsquo;Amicale, se tenait au centre Edouard Brenot car la pr\u00e9sentation &hellip; <a href=\"https:\/\/portailsolidarites.fr\/Amicale\/2014\/01\/15\/voeux-du-president-et-medailles-pour-jacky-gateau\/\">Continuer la lecture <span class=\"meta-nav\">&rarr;<\/span><\/a><\/p>\n","protected":false},"author":2,"featured_media":0,"comment_status":"open","ping_status":"open","sticky":false,"template":"","format":"standard","meta":{"_uag_custom_page_level_css":"","footnotes":""},"categories":[2,16],"tags":[86,105],"class_list":["post-2067","post","type-post","status-publish","format-standard","hentry","category-interet-general","category-memoire","tag-president","tag-voeux"],"uagb_featured_image_src":{"full":false,"thumbnail":false,"medium":false,"medium_large":false,"large":false,"1536x1536":false,"2048x2048":false,"post-thumbnail":false},"uagb_author_info":{"display_name":"amicalelaiquegrigny","author_link":"https:\/\/portailsolidarites.fr\/Amicale\/author\/amicalelaiquegrigny\/"},"uagb_comment_info":0,"uagb_excerpt":"Samedi 11 janvier \u00e0 11h, il y avait beaucoup de monde pour la pr\u00e9sentation des voeux par le Pr\u00e9sident de l&rsquo;association. Cette c\u00e9r\u00e9monie, qui se fait ordinairement au si\u00e8ge de l&rsquo;Amicale, se tenait au centre Edouard Brenot car la pr\u00e9sentation &hellip; Continuer la lecture &rarr;","_links":{"self":[{"href":"https:\/\/portailsolidarites.fr\/Amicale\/wp-json\/wp\/v2\/posts\/2067","targetHints":{"allow":["GET"]}}],"collection":[{"href":"https:\/\/portailsolidarites.fr\/Amicale\/wp-json\/wp\/v2\/posts"}],"about":[{"href":"https:\/\/portailsolidarites.fr\/Amicale\/wp-json\/wp\/v2\/types\/post"}],"author":[{"embeddable":true,"href":"https:\/\/portailsolidarites.fr\/Amicale\/wp-json\/wp\/v2\/users\/2"}],"replies":[{"embeddable":true,"href":"https:\/\/portailsolidarites.fr\/Amicale\/wp-json\/wp\/v2\/comments?post=2067"}],"version-history":[{"count":0,"href":"https:\/\/portailsolidarites.fr\/Amicale\/wp-json\/wp\/v2\/posts\/2067\/revisions"}],"wp:attachment":[{"href":"https:\/\/portailsolidarites.fr\/Amicale\/wp-json\/wp\/v2\/media?parent=2067"}],"wp:term":[{"taxonomy":"category","embeddable":true,"href":"https:\/\/portailsolidarites.fr\/Amicale\/wp-json\/wp\/v2\/categories?post=2067"},{"taxonomy":"post_tag","embeddable":true,"href":"https:\/\/portailsolidarites.fr\/Amicale\/wp-json\/wp\/v2\/tags?post=2067"}],"curies":[{"name":"wp","href":"https:\/\/api.w.org\/{rel}","templated":true}]}}