{"id":2113,"date":"2014-01-28T10:51:48","date_gmt":"2014-01-28T08:51:48","guid":{"rendered":"http:\/\/portailsolidarites.fr\/amicalelaiquegrigny\/?p=2113"},"modified":"2014-01-28T10:51:48","modified_gmt":"2014-01-28T08:51:48","slug":"bonne-progression-des-jeunes-gymnastes-en-competition","status":"publish","type":"post","link":"https:\/\/portailsolidarites.fr\/Amicale\/2014\/01\/28\/bonne-progression-des-jeunes-gymnastes-en-competition\/","title":{"rendered":"Bonne progression des jeunes gymnastes en comp\u00e9tition"},"content":{"rendered":"<p>Les 25 et 26 janvier 2014, la section Gymnastique artistique pr\u00e9sentait une \u00e9quipe en comp\u00e9tition \u00e0 Givors. Celle-ci a termin\u00e9e 8\u00e8me\/11.<\/p>\n<p>Le pr\u00e9sident, jean-Eric Rouast \u00e9tait venu encourager les jeunes gymnastes.<br \/>\nSa pr\u00e9sence a \u00e9t\u00e9 tr\u00e8s appr\u00e9ci\u00e9e par les enfants, les parents et l&rsquo;animatrice.<\/p>\n<p>Le m\u00eame week-end, 2 \u00e9quipes \u00e9taient en comp\u00e9tition \u00e0 Oullins:<br \/>\nl&rsquo;\u00e9quipe de S\u00e9verine termine 5\u00e8me\/9 et celle de Sandra 5\u00e8me\/10.<br \/>\nLahna NAIT IDIR s&rsquo;est vue attribuer le 2\u00e8me place sur le podium.<\/p>\n<p>Un grand bravo \u00e0\u00a0nos petites gymnastes dont la progression est encourageante en s&rsquo;approchant de plus en plus des podiums.<\/p>\n","protected":false},"excerpt":{"rendered":"<p>Les 25 et 26 janvier 2014, la section Gymnastique artistique pr\u00e9sentait une \u00e9quipe en comp\u00e9tition \u00e0 Givors. Celle-ci a termin\u00e9e 8\u00e8me\/11. Le pr\u00e9sident, jean-Eric Rouast \u00e9tait venu encourager les jeunes gymnastes. Sa pr\u00e9sence a \u00e9t\u00e9 tr\u00e8s appr\u00e9ci\u00e9e par les enfants, &hellip; <a href=\"https:\/\/portailsolidarites.fr\/Amicale\/2014\/01\/28\/bonne-progression-des-jeunes-gymnastes-en-competition\/\">Continuer la lecture <span class=\"meta-nav\">&rarr;<\/span><\/a><\/p>\n","protected":false},"author":2,"featured_media":0,"comment_status":"open","ping_status":"open","sticky":false,"template":"","format":"standard","meta":{"_uag_custom_page_level_css":"","footnotes":""},"categories":[2,12],"tags":[42,68,69],"class_list":["post-2113","post","type-post","status-publish","format-standard","hentry","category-interet-general","category-gymnastique-artistique","tag-competition","tag-gym","tag-gymnastique"],"uagb_featured_image_src":{"full":false,"thumbnail":false,"medium":false,"medium_large":false,"large":false,"1536x1536":false,"2048x2048":false,"post-thumbnail":false},"uagb_author_info":{"display_name":"amicalelaiquegrigny","author_link":"https:\/\/portailsolidarites.fr\/Amicale\/author\/amicalelaiquegrigny\/"},"uagb_comment_info":0,"uagb_excerpt":"Les 25 et 26 janvier 2014, la section Gymnastique artistique pr\u00e9sentait une \u00e9quipe en comp\u00e9tition \u00e0 Givors. Celle-ci a termin\u00e9e 8\u00e8me\/11. Le pr\u00e9sident, jean-Eric Rouast \u00e9tait venu encourager les jeunes gymnastes. Sa pr\u00e9sence a \u00e9t\u00e9 tr\u00e8s appr\u00e9ci\u00e9e par les enfants, &hellip; Continuer la lecture &rarr;","_links":{"self":[{"href":"https:\/\/portailsolidarites.fr\/Amicale\/wp-json\/wp\/v2\/posts\/2113","targetHints":{"allow":["GET"]}}],"collection":[{"href":"https:\/\/portailsolidarites.fr\/Amicale\/wp-json\/wp\/v2\/posts"}],"about":[{"href":"https:\/\/portailsolidarites.fr\/Amicale\/wp-json\/wp\/v2\/types\/post"}],"author":[{"embeddable":true,"href":"https:\/\/portailsolidarites.fr\/Amicale\/wp-json\/wp\/v2\/users\/2"}],"replies":[{"embeddable":true,"href":"https:\/\/portailsolidarites.fr\/Amicale\/wp-json\/wp\/v2\/comments?post=2113"}],"version-history":[{"count":0,"href":"https:\/\/portailsolidarites.fr\/Amicale\/wp-json\/wp\/v2\/posts\/2113\/revisions"}],"wp:attachment":[{"href":"https:\/\/portailsolidarites.fr\/Amicale\/wp-json\/wp\/v2\/media?parent=2113"}],"wp:term":[{"taxonomy":"category","embeddable":true,"href":"https:\/\/portailsolidarites.fr\/Amicale\/wp-json\/wp\/v2\/categories?post=2113"},{"taxonomy":"post_tag","embeddable":true,"href":"https:\/\/portailsolidarites.fr\/Amicale\/wp-json\/wp\/v2\/tags?post=2113"}],"curies":[{"name":"wp","href":"https:\/\/api.w.org\/{rel}","templated":true}]}}