{"id":2142,"date":"2014-03-04T12:01:30","date_gmt":"2014-03-04T10:01:30","guid":{"rendered":"http:\/\/portailsolidarites.fr\/amicalelaiquegrigny\/?p=2142"},"modified":"2014-03-04T12:01:30","modified_gmt":"2014-03-04T10:01:30","slug":"reunion-de-la-section-cyclo-le-1er-mars-2014","status":"publish","type":"post","link":"https:\/\/portailsolidarites.fr\/Amicale\/2014\/03\/04\/reunion-de-la-section-cyclo-le-1er-mars-2014\/","title":{"rendered":"R\u00e9union de la section Cyclo le 1er mars 2014"},"content":{"rendered":"<p>La section Cyclo a tenu une r\u00e9union le 1er mars pour faire le point et les pr\u00e9visions pour les semaines \u00e0 venir.<\/p>\n<p><a href=\"http:\/\/portailsolidarites.fr\/amicalelaiquegrigny\/files\/2014\/03\/Cyclo-IMG_6083.jpg\"><img loading=\"lazy\" decoding=\"async\" class=\"aligncenter size-full wp-image-2143\" alt=\"Cyclo - IMG_6083\" src=\"http:\/\/portailsolidarites.fr\/amicalelaiquegrigny\/files\/2014\/03\/Cyclo-IMG_6083.jpg\" width=\"640\" height=\"480\" \/><\/a><\/p>\n<p>&nbsp;<\/p>\n","protected":false},"excerpt":{"rendered":"<p>La section Cyclo a tenu une r\u00e9union le 1er mars pour faire le point et les pr\u00e9visions pour les semaines \u00e0 venir. &nbsp;<\/p>\n","protected":false},"author":2,"featured_media":0,"comment_status":"open","ping_status":"open","sticky":false,"template":"","format":"standard","meta":{"_uag_custom_page_level_css":"","footnotes":""},"categories":[2,7],"tags":[],"class_list":["post-2142","post","type-post","status-publish","format-standard","hentry","category-interet-general","category-cyclotourisme"],"uagb_featured_image_src":{"full":false,"thumbnail":false,"medium":false,"medium_large":false,"large":false,"1536x1536":false,"2048x2048":false,"post-thumbnail":false},"uagb_author_info":{"display_name":"amicalelaiquegrigny","author_link":"https:\/\/portailsolidarites.fr\/Amicale\/author\/amicalelaiquegrigny\/"},"uagb_comment_info":0,"uagb_excerpt":"La section Cyclo a tenu une r\u00e9union le 1er mars pour faire le point et les pr\u00e9visions pour les semaines \u00e0 venir. &nbsp;","_links":{"self":[{"href":"https:\/\/portailsolidarites.fr\/Amicale\/wp-json\/wp\/v2\/posts\/2142","targetHints":{"allow":["GET"]}}],"collection":[{"href":"https:\/\/portailsolidarites.fr\/Amicale\/wp-json\/wp\/v2\/posts"}],"about":[{"href":"https:\/\/portailsolidarites.fr\/Amicale\/wp-json\/wp\/v2\/types\/post"}],"author":[{"embeddable":true,"href":"https:\/\/portailsolidarites.fr\/Amicale\/wp-json\/wp\/v2\/users\/2"}],"replies":[{"embeddable":true,"href":"https:\/\/portailsolidarites.fr\/Amicale\/wp-json\/wp\/v2\/comments?post=2142"}],"version-history":[{"count":0,"href":"https:\/\/portailsolidarites.fr\/Amicale\/wp-json\/wp\/v2\/posts\/2142\/revisions"}],"wp:attachment":[{"href":"https:\/\/portailsolidarites.fr\/Amicale\/wp-json\/wp\/v2\/media?parent=2142"}],"wp:term":[{"taxonomy":"category","embeddable":true,"href":"https:\/\/portailsolidarites.fr\/Amicale\/wp-json\/wp\/v2\/categories?post=2142"},{"taxonomy":"post_tag","embeddable":true,"href":"https:\/\/portailsolidarites.fr\/Amicale\/wp-json\/wp\/v2\/tags?post=2142"}],"curies":[{"name":"wp","href":"https:\/\/api.w.org\/{rel}","templated":true}]}}