{"id":2208,"date":"2014-04-30T10:21:22","date_gmt":"2014-04-30T08:21:22","guid":{"rendered":"http:\/\/portailsolidarites.fr\/amicalelaiquegrigny\/?p=2208"},"modified":"2014-04-30T10:21:22","modified_gmt":"2014-04-30T08:21:22","slug":"exposition-peinture-et-encadrement-16-17-18-mai","status":"publish","type":"post","link":"https:\/\/portailsolidarites.fr\/Amicale\/2014\/04\/30\/exposition-peinture-et-encadrement-16-17-18-mai\/","title":{"rendered":"Exposition Peinture et Encadrement d&rsquo;Art, 16, 17, 18 mai 2014"},"content":{"rendered":"<p><strong>L&rsquo;exposition annuelle de peinture et encadrement d&rsquo;art aura lieu les 16, 17 et 18 mai 2014, au centre Edouard Brenot \u00e0 Grigny.<\/strong><\/p>\n<p>Cette exposition pr\u00e9sente les oeuvres r\u00e9alis\u00e9es par les artistes des sections Arts Plastiques et Encadrement d&rsquo;art de l&rsquo;Amicale La\u00efque.<\/p>\n<p>Une invit\u00e9e d&rsquo;honneur de grand talent<span style=\"font-family: Arial, sans-serif\"><span style=\"font-size: medium\">, <b>Eleni PATTAKOU<\/b>, artiste reconnue au-del\u00e0 la r\u00e9gion (France, Gr\u00e8ce, Canada, &#8230;), exposera de grands tableaux de paysages industriels tr\u00e8s \u00e9vocateurs, ainsi que quelques portraits et dessins.<\/span><\/span><\/p>\n<p><em>N\u00e9e en Cr\u00e8te, Eleni Pattakou s&rsquo;est install\u00e9e en France en 1996 et \u00e0 la cit\u00e9 d&rsquo;artistes de Grigny en novembre 2009.<\/em><br \/>\n<em>Elle pratique la peinture, le dessin et la gravure.<\/em><br \/>\n<em>Ses sujets sont vari\u00e9s, mais, proche du milieu ouvrier, elle aime peindre des usines ou sites industriels avec des ciels souvent mena\u00e7ants, pollu\u00e9s par les fum\u00e9es des usines .<\/em><br \/>\n<em>Sa peinture, figurative, est puissante et \u00e9vocatrice. Elle ne laisse pas indiff\u00e9rent\u00a0!<\/em><\/p>\n<p><em>C&rsquo;est une artiste dynamique, bien int\u00e9gr\u00e9e dans notre ville, que nous avons le plaisir de mettre \u00e0 l&rsquo;honneur.<\/em><\/p>\n<p><a href=\"http:\/\/portailsolidarites.fr\/amicalelaiquegrigny\/files\/2012\/08\/AFFICHE-jpg.jpg\"><img loading=\"lazy\" decoding=\"async\" class=\"aligncenter size-full wp-image-2196\" alt=\"Affiche de l'expo\" src=\"http:\/\/portailsolidarites.fr\/amicalelaiquegrigny\/files\/2012\/08\/AFFICHE-jpg.jpg\" width=\"340\" height=\"480\" \/><\/a><\/p>\n","protected":false},"excerpt":{"rendered":"<p>L&rsquo;exposition annuelle de peinture et encadrement d&rsquo;art aura lieu les 16, 17 et 18 mai 2014, au centre Edouard Brenot \u00e0 Grigny. Cette exposition pr\u00e9sente les oeuvres r\u00e9alis\u00e9es par les artistes des sections Arts Plastiques et Encadrement d&rsquo;art de l&rsquo;Amicale &hellip; <a href=\"https:\/\/portailsolidarites.fr\/Amicale\/2014\/04\/30\/exposition-peinture-et-encadrement-16-17-18-mai\/\">Continuer la lecture <span class=\"meta-nav\">&rarr;<\/span><\/a><\/p>\n","protected":false},"author":2,"featured_media":0,"comment_status":"open","ping_status":"open","sticky":false,"template":"","format":"standard","meta":{"_uag_custom_page_level_css":"","footnotes":""},"categories":[2,3,9],"tags":[54,60,82],"class_list":["post-2208","post","type-post","status-publish","format-standard","hentry","category-interet-general","category-arts-plastiques","category-encadrement-dart","tag-encadrement","tag-exposition","tag-peinture"],"uagb_featured_image_src":{"full":false,"thumbnail":false,"medium":false,"medium_large":false,"large":false,"1536x1536":false,"2048x2048":false,"post-thumbnail":false},"uagb_author_info":{"display_name":"amicalelaiquegrigny","author_link":"https:\/\/portailsolidarites.fr\/Amicale\/author\/amicalelaiquegrigny\/"},"uagb_comment_info":0,"uagb_excerpt":"L&rsquo;exposition annuelle de peinture et encadrement d&rsquo;art aura lieu les 16, 17 et 18 mai 2014, au centre Edouard Brenot \u00e0 Grigny. Cette exposition pr\u00e9sente les oeuvres r\u00e9alis\u00e9es par les artistes des sections Arts Plastiques et Encadrement d&rsquo;art de l&rsquo;Amicale &hellip; Continuer la lecture &rarr;","_links":{"self":[{"href":"https:\/\/portailsolidarites.fr\/Amicale\/wp-json\/wp\/v2\/posts\/2208","targetHints":{"allow":["GET"]}}],"collection":[{"href":"https:\/\/portailsolidarites.fr\/Amicale\/wp-json\/wp\/v2\/posts"}],"about":[{"href":"https:\/\/portailsolidarites.fr\/Amicale\/wp-json\/wp\/v2\/types\/post"}],"author":[{"embeddable":true,"href":"https:\/\/portailsolidarites.fr\/Amicale\/wp-json\/wp\/v2\/users\/2"}],"replies":[{"embeddable":true,"href":"https:\/\/portailsolidarites.fr\/Amicale\/wp-json\/wp\/v2\/comments?post=2208"}],"version-history":[{"count":0,"href":"https:\/\/portailsolidarites.fr\/Amicale\/wp-json\/wp\/v2\/posts\/2208\/revisions"}],"wp:attachment":[{"href":"https:\/\/portailsolidarites.fr\/Amicale\/wp-json\/wp\/v2\/media?parent=2208"}],"wp:term":[{"taxonomy":"category","embeddable":true,"href":"https:\/\/portailsolidarites.fr\/Amicale\/wp-json\/wp\/v2\/categories?post=2208"},{"taxonomy":"post_tag","embeddable":true,"href":"https:\/\/portailsolidarites.fr\/Amicale\/wp-json\/wp\/v2\/tags?post=2208"}],"curies":[{"name":"wp","href":"https:\/\/api.w.org\/{rel}","templated":true}]}}