{"id":2221,"date":"2014-05-26T17:47:55","date_gmt":"2014-05-26T15:47:55","guid":{"rendered":"http:\/\/portailsolidarites.fr\/amicalelaiquegrigny\/?p=2221"},"modified":"2014-05-26T17:47:55","modified_gmt":"2014-05-26T15:47:55","slug":"une-exposition-peinture-et-encadrement-reussie-16-au-18-mai-2014","status":"publish","type":"post","link":"https:\/\/portailsolidarites.fr\/Amicale\/2014\/05\/26\/une-exposition-peinture-et-encadrement-reussie-16-au-18-mai-2014\/","title":{"rendered":"Une exposition Peinture et Encadrement r\u00e9ussie (16 au 18 mai 2014)"},"content":{"rendered":"<p>&nbsp;<\/p>\n<p><a href=\"http:\/\/portailsolidarites.fr\/amicalelaiquegrigny\/files\/2012\/08\/AFFICHE-jpg.jpg\"><img loading=\"lazy\" decoding=\"async\" class=\"aligncenter size-full wp-image-2196\" alt=\"Affiche de l'expo\" src=\"http:\/\/portailsolidarites.fr\/amicalelaiquegrigny\/files\/2012\/08\/AFFICHE-jpg.jpg\" width=\"340\" height=\"480\" \/><\/a>Pour sa 22e \u00e9dition, l&rsquo;exposition de peinture et encadrement d&rsquo;art qui s&rsquo;est tenue du 16 au 18 mai 2014 a connu un nouveau succ\u00e8s (260 visiteurs + 200 enfants des \u00e9coles).<\/p>\n<p>Le vendredi 16 mai, les \u00e9l\u00e8ves de 4 classes de l&rsquo;\u00e9cole maternelle Joliot-Curie et 4 classes de l&rsquo;\u00e9cole primaire Roger Tissot ont visit\u00e9 l&rsquo;exposition, soit 200 enfants r\u00e9partis tout au long de la journ\u00e9e. C&rsquo;\u00e9tait pour eux une ouverture sur l&rsquo;art (ils font tous du dessin).<br \/>\nIls ont particuli\u00e8rement appr\u00e9ci\u00e9s les travaux r\u00e9alis\u00e9s par la section Arts Plastiques Enfants et ont \u00e9t\u00e9, pour la plupart, tr\u00e8s int\u00e9ress\u00e9s par les explications donn\u00e9es par les exposants.<\/p>\n<p>Le samedi 17 mai \u00e0 11H30, le vernissage de l&rsquo;exposition attirait plus de 70 personnes.<br \/>\nApr\u00e8s les paroles d&rsquo;accueil de Jean-Eric Rouast, le pr\u00e9sident de l&rsquo;Amicale, les responsables \u00a0des sections Arts Plastiques Adultes, Encadrement d&rsquo;Art et Arts Plastiques Enfants pr\u00e9sentaient leurs sections.<\/p>\n<p>L&rsquo;invit\u00e9e d&rsquo;honneur, Eleni PATTAKOU, peintre grecque, install\u00e9e \u00e0 Grigny, \u00e0 la cit\u00e9 des artistes, expliquait sa d\u00e9marche. Issue du milieu ouvrier, ce qu&rsquo;elle revendique avec fiert\u00e9, elle est attir\u00e9e par les sites industriels dans lesquels on ne voit pas de personnages, mais on les imagine dans ces usines fumantes ou ces hangars rouill\u00e9s.<\/p>\n<p>Le pr\u00e9sident passait ensuite la parole \u00e0 Xavier ODDO, le nouveau maire, qui assurait que la culture continuerait \u00e0 \u00eatre bien trait\u00e9e et que les associations seraient toujours soutenues.<\/p>\n<p>Et pour cl\u00f4turer le vernissage, le public \u00e9tait convi\u00e9 \u00e0 un copieux ap\u00e9ritif pr\u00e9par\u00e9 par les exposants et des b\u00e9n\u00e9voles de l&rsquo;Amicale La\u00efque.<\/p>\n<p>Lors de l&rsquo;exposition, il \u00e9tait demand\u00e9 \u00e0 chaque visiteur de voter pour l&rsquo;oeuvre qu&rsquo;il pr\u00e9f\u00e9rait pour d\u00e9cerner le prix du Public. Et celui-ci est revenu \u00e0\u00a0Bernadette AUBERT pour le portrait de Nelson Mandela, r\u00e9alis\u00e9 au pastel.<\/p>\n<p>Ci-dessous quelques photos:<\/p>\n<div id=\"attachment_2226\" style=\"width: 650px\" class=\"wp-caption aligncenter\"><a href=\"http:\/\/portailsolidarites.fr\/amicalelaiquegrigny\/files\/2014\/05\/P1010014.jpg\"><img loading=\"lazy\" decoding=\"async\" aria-describedby=\"caption-attachment-2226\" class=\"size-full wp-image-2226\" alt=\"Les enfants des \u00e9coles tr\u00e8s int\u00e9ress\u00e9s\" src=\"http:\/\/portailsolidarites.fr\/amicalelaiquegrigny\/files\/2014\/05\/P1010014.jpg\" width=\"640\" height=\"480\" \/><\/a><p id=\"caption-attachment-2226\" class=\"wp-caption-text\">Les enfants des \u00e9coles tr\u00e8s int\u00e9ress\u00e9s<\/p><\/div>\n<p><a href=\"http:\/\/portailsolidarites.fr\/amicalelaiquegrigny\/files\/2014\/05\/P1010012.jpg\"><img loading=\"lazy\" decoding=\"async\" class=\"aligncenter size-full wp-image-2225\" alt=\"P1010012\" src=\"http:\/\/portailsolidarites.fr\/amicalelaiquegrigny\/files\/2014\/05\/P1010012.jpg\" width=\"640\" height=\"480\" \/><\/a><\/p>\n<p><a href=\"http:\/\/portailsolidarites.fr\/amicalelaiquegrigny\/files\/2014\/05\/P1010005.jpg\"><img loading=\"lazy\" decoding=\"async\" class=\"aligncenter size-full wp-image-2222\" alt=\"P1010005\" src=\"http:\/\/portailsolidarites.fr\/amicalelaiquegrigny\/files\/2014\/05\/P1010005.jpg\" width=\"640\" height=\"480\" \/><\/a><\/p>\n<p><a href=\"http:\/\/portailsolidarites.fr\/amicalelaiquegrigny\/files\/2014\/05\/P1010016.jpg\"><img loading=\"lazy\" decoding=\"async\" class=\"aligncenter size-full wp-image-2227\" alt=\"P1010016\" src=\"http:\/\/portailsolidarites.fr\/amicalelaiquegrigny\/files\/2014\/05\/P1010016.jpg\" width=\"640\" height=\"480\" \/><\/a><\/p>\n<p>&nbsp;<\/p>\n<p>Le groupe des exposants de la section Arts Plastiques Adultes:<\/p>\n<p><a href=\"http:\/\/portailsolidarites.fr\/amicalelaiquegrigny\/files\/2014\/05\/P1010069_A.jpg\"><img loading=\"lazy\" decoding=\"async\" class=\"aligncenter size-full wp-image-2228\" alt=\"P1010069_A\" src=\"http:\/\/portailsolidarites.fr\/amicalelaiquegrigny\/files\/2014\/05\/P1010069_A.jpg\" width=\"640\" height=\"420\" \/><\/a><\/p>\n<p><a href=\"http:\/\/portailsolidarites.fr\/amicalelaiquegrigny\/files\/2014\/05\/P1010005.jpg\">\u00a0<\/a><\/p>\n<p>Le groupe des exposantes de la section Encadrement d&rsquo;Art:<\/p>\n<p><a href=\"http:\/\/portailsolidarites.fr\/amicalelaiquegrigny\/files\/2014\/05\/P1010074.jpg\"><img loading=\"lazy\" decoding=\"async\" class=\"aligncenter size-full wp-image-2231\" alt=\"P1010074\" src=\"http:\/\/portailsolidarites.fr\/amicalelaiquegrigny\/files\/2014\/05\/P1010074.jpg\" width=\"640\" height=\"480\" \/><\/a><\/p>\n","protected":false},"excerpt":{"rendered":"<p>&nbsp; Pour sa 22e \u00e9dition, l&rsquo;exposition de peinture et encadrement d&rsquo;art qui s&rsquo;est tenue du 16 au 18 mai 2014 a connu un nouveau succ\u00e8s (260 visiteurs + 200 enfants des \u00e9coles). Le vendredi 16 mai, les \u00e9l\u00e8ves de 4 &hellip; <a href=\"https:\/\/portailsolidarites.fr\/Amicale\/2014\/05\/26\/une-exposition-peinture-et-encadrement-reussie-16-au-18-mai-2014\/\">Continuer la lecture <span class=\"meta-nav\">&rarr;<\/span><\/a><\/p>\n","protected":false},"author":2,"featured_media":0,"comment_status":"open","ping_status":"open","sticky":false,"template":"","format":"standard","meta":{"_uag_custom_page_level_css":"","footnotes":""},"categories":[2,3,9],"tags":[60],"class_list":["post-2221","post","type-post","status-publish","format-standard","hentry","category-interet-general","category-arts-plastiques","category-encadrement-dart","tag-exposition"],"uagb_featured_image_src":{"full":false,"thumbnail":false,"medium":false,"medium_large":false,"large":false,"1536x1536":false,"2048x2048":false,"post-thumbnail":false},"uagb_author_info":{"display_name":"amicalelaiquegrigny","author_link":"https:\/\/portailsolidarites.fr\/Amicale\/author\/amicalelaiquegrigny\/"},"uagb_comment_info":0,"uagb_excerpt":"&nbsp; Pour sa 22e \u00e9dition, l&rsquo;exposition de peinture et encadrement d&rsquo;art qui s&rsquo;est tenue du 16 au 18 mai 2014 a connu un nouveau succ\u00e8s (260 visiteurs + 200 enfants des \u00e9coles). Le vendredi 16 mai, les \u00e9l\u00e8ves de 4 &hellip; Continuer la lecture &rarr;","_links":{"self":[{"href":"https:\/\/portailsolidarites.fr\/Amicale\/wp-json\/wp\/v2\/posts\/2221","targetHints":{"allow":["GET"]}}],"collection":[{"href":"https:\/\/portailsolidarites.fr\/Amicale\/wp-json\/wp\/v2\/posts"}],"about":[{"href":"https:\/\/portailsolidarites.fr\/Amicale\/wp-json\/wp\/v2\/types\/post"}],"author":[{"embeddable":true,"href":"https:\/\/portailsolidarites.fr\/Amicale\/wp-json\/wp\/v2\/users\/2"}],"replies":[{"embeddable":true,"href":"https:\/\/portailsolidarites.fr\/Amicale\/wp-json\/wp\/v2\/comments?post=2221"}],"version-history":[{"count":0,"href":"https:\/\/portailsolidarites.fr\/Amicale\/wp-json\/wp\/v2\/posts\/2221\/revisions"}],"wp:attachment":[{"href":"https:\/\/portailsolidarites.fr\/Amicale\/wp-json\/wp\/v2\/media?parent=2221"}],"wp:term":[{"taxonomy":"category","embeddable":true,"href":"https:\/\/portailsolidarites.fr\/Amicale\/wp-json\/wp\/v2\/categories?post=2221"},{"taxonomy":"post_tag","embeddable":true,"href":"https:\/\/portailsolidarites.fr\/Amicale\/wp-json\/wp\/v2\/tags?post=2221"}],"curies":[{"name":"wp","href":"https:\/\/api.w.org\/{rel}","templated":true}]}}