{"id":2236,"date":"2014-05-26T18:04:53","date_gmt":"2014-05-26T16:04:53","guid":{"rendered":"http:\/\/portailsolidarites.fr\/amicalelaiquegrigny\/?p=2236"},"modified":"2014-05-26T18:04:53","modified_gmt":"2014-05-26T16:04:53","slug":"assemblee-generale-le-20-juin-2014","status":"publish","type":"post","link":"https:\/\/portailsolidarites.fr\/Amicale\/2014\/05\/26\/assemblee-generale-le-20-juin-2014\/","title":{"rendered":"Assembl\u00e9e g\u00e9n\u00e9rale le 20 juin 2014"},"content":{"rendered":"<p><em>Cette ann\u00e9e, l&rsquo;Assembl\u00e9e g\u00e9n\u00e9rale est avanc\u00e9e au mois de juin pour permettre au conseil d&rsquo;administration et au Bureau de pr\u00e9parer correctement la rentr\u00e9e de septembre.<br \/>\n<\/em><em>D&rsquo;autre part, elle se tiendra le vendredi soir (au lieu du samedi matin les ann\u00e9es pr\u00e9c\u00e9dentes).<br \/>\nCi-apr\u00e8s, le texte de la convocation:<\/em><\/p>\n<p><span style=\"font-size: medium\">Grigny le 19 mai 2014<\/span><\/p>\n<p><span style=\"font-size: medium\">Cher(e) ami(e),<\/span><\/p>\n<p style=\"text-align: center\"><span style=\"font-size: medium\"><b>L\u2019Amicale La\u00efque tiendra son Assembl\u00e9e G\u00e9n\u00e9rale Ordinaire <\/b><\/span><\/p>\n<p style=\"text-align: center\"><span style=\"font-size: medium\"><b>(Et si besoin) Extraordinaire le\u00a0:<\/b><\/span><\/p>\n<p style=\"text-align: center\"><span style=\"color: #ff0000\"> <span style=\"font-size: large\"><b>Vendredi 20 juin 2014 \u00e0 20 h.<\/b><\/span><\/span><\/p>\n<p style=\"text-align: center\"><span style=\"font-size: small\"><b>Au Centre Edmond CHERVET<\/b><\/span><\/p>\n<p><span style=\"font-size: medium\"><span style=\"text-decoration: underline\"><b>Ordre du jour<\/b><\/span><\/span><span style=\"font-size: medium\"><b>\u00a0:<\/b><\/span><\/p>\n<ul>\n<li><span style=\"font-size: medium\">Rapport d\u2019activit\u00e9s<\/span><\/li>\n<li><span style=\"font-size: medium\">Rapport financier<\/span><\/li>\n<li><span style=\"font-size: medium\">Rapport moral<\/span><\/li>\n<li><span style=\"font-size: medium\">Modification des statuts<\/span><\/li>\n<li><span style=\"font-size: medium\">Confirmation des candidatures re\u00e7ues<\/span><\/li>\n<li><span style=\"font-size: medium\">Election du Conseil d\u2019Administration<\/span><\/li>\n<li><span style=\"font-size: medium\">Questions diverses<\/span><\/li>\n<\/ul>\n<p>&nbsp;<\/p>\n<p><span style=\"font-size: medium\"><span style=\"text-decoration: underline\"><b>Appel \u00e0 candidature\u00a0:<\/b><\/span><\/span><\/p>\n<p><span style=\"font-size: medium\">Nous recherchons des administrateurs b\u00e9n\u00e9voles en comptabilit\u00e9 et informatique, si vous \u00eates int\u00e9ress\u00e9s veuillez contacter le pr\u00e9sident<\/span><span style=\"color: #ff0000\"><span style=\"font-size: medium\">, par mail <\/span><\/span><a href=\"mailto:algrigny69@free.fr\"><span style=\"font-size: medium\">algrigny69@free.fr<\/span><\/a><span style=\"color: #ff0000\"><span style=\"font-size: medium\"> ou au <\/span><\/span><span style=\"color: #ff0000\"><span style=\"font-size: medium\"><b>06.60.85.36.12 avant le 10 juin<\/b><\/span><\/span><span style=\"color: #ff0000\"><span style=\"font-size: medium\">.<\/span><\/span><\/p>\n<p><span style=\"font-size: medium\">Pour la bonne marche de l\u2019Amicale, nous comptons vivement sur votre pr\u00e9sence \u00e0 l\u2019Assembl\u00e9e G\u00e9n\u00e9rale.<\/span><\/p>\n<p><span style=\"font-size: medium\">Un ap\u00e9ritif dinatoire sera servi \u00e0 l\u2019issue de l\u2019A.G.\u00a0 (Merci de pr\u00e9venir le responsable de section de votre participation).<\/span><\/p>\n","protected":false},"excerpt":{"rendered":"<p>Cette ann\u00e9e, l&rsquo;Assembl\u00e9e g\u00e9n\u00e9rale est avanc\u00e9e au mois de juin pour permettre au conseil d&rsquo;administration et au Bureau de pr\u00e9parer correctement la rentr\u00e9e de septembre. D&rsquo;autre part, elle se tiendra le vendredi soir (au lieu du samedi matin les ann\u00e9es &hellip; <a href=\"https:\/\/portailsolidarites.fr\/Amicale\/2014\/05\/26\/assemblee-generale-le-20-juin-2014\/\">Continuer la lecture <span class=\"meta-nav\">&rarr;<\/span><\/a><\/p>\n","protected":false},"author":2,"featured_media":0,"comment_status":"open","ping_status":"open","sticky":false,"template":"","format":"standard","meta":{"_uag_custom_page_level_css":"","footnotes":""},"categories":[2],"tags":[],"class_list":["post-2236","post","type-post","status-publish","format-standard","hentry","category-interet-general"],"uagb_featured_image_src":{"full":false,"thumbnail":false,"medium":false,"medium_large":false,"large":false,"1536x1536":false,"2048x2048":false,"post-thumbnail":false},"uagb_author_info":{"display_name":"amicalelaiquegrigny","author_link":"https:\/\/portailsolidarites.fr\/Amicale\/author\/amicalelaiquegrigny\/"},"uagb_comment_info":0,"uagb_excerpt":"Cette ann\u00e9e, l&rsquo;Assembl\u00e9e g\u00e9n\u00e9rale est avanc\u00e9e au mois de juin pour permettre au conseil d&rsquo;administration et au Bureau de pr\u00e9parer correctement la rentr\u00e9e de septembre. D&rsquo;autre part, elle se tiendra le vendredi soir (au lieu du samedi matin les ann\u00e9es &hellip; Continuer la lecture &rarr;","_links":{"self":[{"href":"https:\/\/portailsolidarites.fr\/Amicale\/wp-json\/wp\/v2\/posts\/2236","targetHints":{"allow":["GET"]}}],"collection":[{"href":"https:\/\/portailsolidarites.fr\/Amicale\/wp-json\/wp\/v2\/posts"}],"about":[{"href":"https:\/\/portailsolidarites.fr\/Amicale\/wp-json\/wp\/v2\/types\/post"}],"author":[{"embeddable":true,"href":"https:\/\/portailsolidarites.fr\/Amicale\/wp-json\/wp\/v2\/users\/2"}],"replies":[{"embeddable":true,"href":"https:\/\/portailsolidarites.fr\/Amicale\/wp-json\/wp\/v2\/comments?post=2236"}],"version-history":[{"count":0,"href":"https:\/\/portailsolidarites.fr\/Amicale\/wp-json\/wp\/v2\/posts\/2236\/revisions"}],"wp:attachment":[{"href":"https:\/\/portailsolidarites.fr\/Amicale\/wp-json\/wp\/v2\/media?parent=2236"}],"wp:term":[{"taxonomy":"category","embeddable":true,"href":"https:\/\/portailsolidarites.fr\/Amicale\/wp-json\/wp\/v2\/categories?post=2236"},{"taxonomy":"post_tag","embeddable":true,"href":"https:\/\/portailsolidarites.fr\/Amicale\/wp-json\/wp\/v2\/tags?post=2236"}],"curies":[{"name":"wp","href":"https:\/\/api.w.org\/{rel}","templated":true}]}}