{"id":2252,"date":"2014-06-05T15:19:40","date_gmt":"2014-06-05T13:19:40","guid":{"rendered":"http:\/\/portailsolidarites.fr\/amicalelaiquegrigny\/?p=2252"},"modified":"2014-06-05T15:19:40","modified_gmt":"2014-06-05T13:19:40","slug":"des-maillots-pour-les-cyclistes","status":"publish","type":"post","link":"https:\/\/portailsolidarites.fr\/Amicale\/2014\/06\/05\/des-maillots-pour-les-cyclistes\/","title":{"rendered":"Des maillots pour les cyclistes"},"content":{"rendered":"<p>Les cyclistes de l&rsquo;Amicale vont arborer avec fiert\u00e9 leurs nouveaux maillots sur les routes de la r\u00e9gion.<br \/>\n<em>A noter qu&rsquo;ils ont \u00e9t\u00e9 dessin\u00e9s par Pierrot. \u00a0Bravo!<\/em><\/p>\n<p><a href=\"http:\/\/portailsolidarites.fr\/amicalelaiquegrigny\/files\/2014\/06\/DSCF2928-001.jpg\"><img loading=\"lazy\" decoding=\"async\" class=\"aligncenter size-full wp-image-2253\" alt=\"DSCF2928-001\" src=\"http:\/\/portailsolidarites.fr\/amicalelaiquegrigny\/files\/2014\/06\/DSCF2928-001.jpg\" width=\"560\" height=\"640\" \/><\/a><\/p>\n","protected":false},"excerpt":{"rendered":"<p>Les cyclistes de l&rsquo;Amicale vont arborer avec fiert\u00e9 leurs nouveaux maillots sur les routes de la r\u00e9gion. A noter qu&rsquo;ils ont \u00e9t\u00e9 dessin\u00e9s par Pierrot. \u00a0Bravo!<\/p>\n","protected":false},"author":2,"featured_media":0,"comment_status":"open","ping_status":"open","sticky":false,"template":"","format":"standard","meta":{"_uag_custom_page_level_css":"","footnotes":""},"categories":[2,7],"tags":[103],"class_list":["post-2252","post","type-post","status-publish","format-standard","hentry","category-interet-general","category-cyclotourisme","tag-velo"],"uagb_featured_image_src":{"full":false,"thumbnail":false,"medium":false,"medium_large":false,"large":false,"1536x1536":false,"2048x2048":false,"post-thumbnail":false},"uagb_author_info":{"display_name":"amicalelaiquegrigny","author_link":"https:\/\/portailsolidarites.fr\/Amicale\/author\/amicalelaiquegrigny\/"},"uagb_comment_info":0,"uagb_excerpt":"Les cyclistes de l&rsquo;Amicale vont arborer avec fiert\u00e9 leurs nouveaux maillots sur les routes de la r\u00e9gion. A noter qu&rsquo;ils ont \u00e9t\u00e9 dessin\u00e9s par Pierrot. \u00a0Bravo!","_links":{"self":[{"href":"https:\/\/portailsolidarites.fr\/Amicale\/wp-json\/wp\/v2\/posts\/2252","targetHints":{"allow":["GET"]}}],"collection":[{"href":"https:\/\/portailsolidarites.fr\/Amicale\/wp-json\/wp\/v2\/posts"}],"about":[{"href":"https:\/\/portailsolidarites.fr\/Amicale\/wp-json\/wp\/v2\/types\/post"}],"author":[{"embeddable":true,"href":"https:\/\/portailsolidarites.fr\/Amicale\/wp-json\/wp\/v2\/users\/2"}],"replies":[{"embeddable":true,"href":"https:\/\/portailsolidarites.fr\/Amicale\/wp-json\/wp\/v2\/comments?post=2252"}],"version-history":[{"count":0,"href":"https:\/\/portailsolidarites.fr\/Amicale\/wp-json\/wp\/v2\/posts\/2252\/revisions"}],"wp:attachment":[{"href":"https:\/\/portailsolidarites.fr\/Amicale\/wp-json\/wp\/v2\/media?parent=2252"}],"wp:term":[{"taxonomy":"category","embeddable":true,"href":"https:\/\/portailsolidarites.fr\/Amicale\/wp-json\/wp\/v2\/categories?post=2252"},{"taxonomy":"post_tag","embeddable":true,"href":"https:\/\/portailsolidarites.fr\/Amicale\/wp-json\/wp\/v2\/tags?post=2252"}],"curies":[{"name":"wp","href":"https:\/\/api.w.org\/{rel}","templated":true}]}}