{"id":2270,"date":"2014-06-30T15:37:25","date_gmt":"2014-06-30T13:37:25","guid":{"rendered":"http:\/\/portailsolidarites.fr\/amicalelaiquegrigny\/?p=2270"},"modified":"2014-06-30T15:37:25","modified_gmt":"2014-06-30T13:37:25","slug":"gala-de-fin-de-saison","status":"publish","type":"post","link":"https:\/\/portailsolidarites.fr\/Amicale\/2014\/06\/30\/gala-de-fin-de-saison\/","title":{"rendered":"Gala de fin de saison"},"content":{"rendered":"<p>C&rsquo;est dimanche 22 juin apr\u00e8s-midi que l&rsquo;Amicale La\u00efque faisait son gala de fin de saison.<br \/>\nLa plupart des sections de l&rsquo;Amicale \u00e9taient pr\u00e9sentes pour montrer ce qu&rsquo;elles savaient faire.<\/p>\n<p>En particulier, on a pu assister aux d\u00e9monstrations de danse country et de gymnastique artistique (y compris les b\u00e9b\u00e9s-gones), tr\u00e8s appr\u00e9ci\u00e9es par le public.<\/p>\n<p>Ci-dessous l&rsquo;article du Progr\u00e8s relatant cet \u00e9v\u00e8nement:<\/p>\n<p><a href=\"http:\/\/portailsolidarites.fr\/amicalelaiquegrigny\/files\/2014\/06\/Gala-du-22-juin-2014.jpg\"><img loading=\"lazy\" decoding=\"async\" class=\"aligncenter size-large wp-image-2271\" src=\"http:\/\/portailsolidarites.fr\/amicalelaiquegrigny\/files\/2014\/06\/Gala-du-22-juin-2014-841x1024.jpg\" alt=\"Gala du 22 juin 2014\" width=\"640\" height=\"779\" \/><\/a><\/p>\n","protected":false},"excerpt":{"rendered":"<p>C&rsquo;est dimanche 22 juin apr\u00e8s-midi que l&rsquo;Amicale La\u00efque faisait son gala de fin de saison. La plupart des sections de l&rsquo;Amicale \u00e9taient pr\u00e9sentes pour montrer ce qu&rsquo;elles savaient faire. En particulier, on a pu assister aux d\u00e9monstrations de danse country &hellip; <a href=\"https:\/\/portailsolidarites.fr\/Amicale\/2014\/06\/30\/gala-de-fin-de-saison\/\">Continuer la lecture <span class=\"meta-nav\">&rarr;<\/span><\/a><\/p>\n","protected":false},"author":2,"featured_media":0,"comment_status":"open","ping_status":"open","sticky":false,"template":"","format":"standard","meta":{"_uag_custom_page_level_css":"","footnotes":""},"categories":[2,3,5,6,9,12,15,18,19],"tags":[63],"class_list":["post-2270","post","type-post","status-publish","format-standard","hentry","category-interet-general","category-arts-plastiques","category-badminton","category-country","category-encadrement-dart","category-gymnastique-artistique","category-joggijg","category-randonnee-pedestre","category-tennis-de-table","tag-gala"],"uagb_featured_image_src":{"full":false,"thumbnail":false,"medium":false,"medium_large":false,"large":false,"1536x1536":false,"2048x2048":false,"post-thumbnail":false},"uagb_author_info":{"display_name":"amicalelaiquegrigny","author_link":"https:\/\/portailsolidarites.fr\/Amicale\/author\/amicalelaiquegrigny\/"},"uagb_comment_info":0,"uagb_excerpt":"C&rsquo;est dimanche 22 juin apr\u00e8s-midi que l&rsquo;Amicale La\u00efque faisait son gala de fin de saison. La plupart des sections de l&rsquo;Amicale \u00e9taient pr\u00e9sentes pour montrer ce qu&rsquo;elles savaient faire. En particulier, on a pu assister aux d\u00e9monstrations de danse country &hellip; Continuer la lecture &rarr;","_links":{"self":[{"href":"https:\/\/portailsolidarites.fr\/Amicale\/wp-json\/wp\/v2\/posts\/2270","targetHints":{"allow":["GET"]}}],"collection":[{"href":"https:\/\/portailsolidarites.fr\/Amicale\/wp-json\/wp\/v2\/posts"}],"about":[{"href":"https:\/\/portailsolidarites.fr\/Amicale\/wp-json\/wp\/v2\/types\/post"}],"author":[{"embeddable":true,"href":"https:\/\/portailsolidarites.fr\/Amicale\/wp-json\/wp\/v2\/users\/2"}],"replies":[{"embeddable":true,"href":"https:\/\/portailsolidarites.fr\/Amicale\/wp-json\/wp\/v2\/comments?post=2270"}],"version-history":[{"count":0,"href":"https:\/\/portailsolidarites.fr\/Amicale\/wp-json\/wp\/v2\/posts\/2270\/revisions"}],"wp:attachment":[{"href":"https:\/\/portailsolidarites.fr\/Amicale\/wp-json\/wp\/v2\/media?parent=2270"}],"wp:term":[{"taxonomy":"category","embeddable":true,"href":"https:\/\/portailsolidarites.fr\/Amicale\/wp-json\/wp\/v2\/categories?post=2270"},{"taxonomy":"post_tag","embeddable":true,"href":"https:\/\/portailsolidarites.fr\/Amicale\/wp-json\/wp\/v2\/tags?post=2270"}],"curies":[{"name":"wp","href":"https:\/\/api.w.org\/{rel}","templated":true}]}}