{"id":2280,"date":"2014-07-07T11:38:53","date_gmt":"2014-07-07T09:38:53","guid":{"rendered":"http:\/\/portailsolidarites.fr\/amicalelaiquegrigny\/?p=2280"},"modified":"2014-07-07T11:38:53","modified_gmt":"2014-07-07T09:38:53","slug":"la-section-escalade-dans-les-calanques-de-cassis-fin-mai-2014","status":"publish","type":"post","link":"https:\/\/portailsolidarites.fr\/Amicale\/2014\/07\/07\/la-section-escalade-dans-les-calanques-de-cassis-fin-mai-2014\/","title":{"rendered":"La section Escalade dans les Calanques de Cassis, fin mai 2014"},"content":{"rendered":"<p>Comme depuis de nombreuses ann\u00e9es, la section escalade de l\u2019Amicale La\u00efque a profit\u00e9 du grand week-end fin mai pour faire une sortie (pr\u00e9vue de longue date) dans les calanques de Cassis et de Marseille.<\/p>\n<p>Onze grimpeurs chevronn\u00e9s dont quatre f\u00e9minines avaient r\u00e9pondu pr\u00e9sents pour cl\u00f4turer la fin de la saison de grimpe.<br \/>\nPour certains, le d\u00e9part eut lieu le jeudi et ces derniers ont pu s\u2019occuper de l\u2019installation des tentes, du ravitaillement et commencer \u00e0 s&rsquo;\u00e9chauffer. La deuxi\u00e8me partie de l\u2019\u00e9quipe prise par le travail les a rejoints le vendredi soir.<\/p>\n<p>Le samedi matin, l\u2019\u00e9quipe au complet a commenc\u00e9 l\u2019escalade sous un soleil radieux avec au menu la calanque d\u2019En \u2013Vau et ses voies de plusieurs longueurs. Apr\u00e8s une matin\u00e9e bien charg\u00e9e et un repas l\u00e9ger, une partie du groupe a profit\u00e9 de la plage tandis que les plus mordus repartaient \u00e0 l\u2019assaut du rocher.<br \/>\nSur la soir\u00e9e, un orage douchait trois grimpeurs qui, heureusement, \u00e9taient presque au sommet .<\/p>\n<p>Le dimanche matin, le soleil \u00e9tant de retour, le groupe prit la direction de la calanque de Sugitton avec un programme all\u00e9g\u00e9 pour les plus fatigu\u00e9s et des grandes voies pour les autres. Apr\u00e8s un rapide en-cas, l\u2019apr\u00e8s midi se passa entre baignade et bronzette, puis la route du retour se fit dans les traditionnels embouteillages, mais cette sortie dans la bonne humeur f\u00fbt appr\u00e9ci\u00e9e par tous.<br \/>\n<em>Vivement la prochaine! &#8230;&#8230;.<\/em><\/p>\n<h2><span style=\"color: #0000ff\"><strong><em>Photos:<\/em><\/strong><\/span><\/h2>\n<div id=\"attachment_2283\" style=\"width: 650px\" class=\"wp-caption aligncenter\"><a href=\"http:\/\/portailsolidarites.fr\/amicalelaiquegrigny\/files\/2014\/07\/CALANQUES3-001.jpg\"><img loading=\"lazy\" decoding=\"async\" aria-describedby=\"caption-attachment-2283\" class=\"size-full wp-image-2283\" src=\"http:\/\/portailsolidarites.fr\/amicalelaiquegrigny\/files\/2014\/07\/CALANQUES3-001.jpg\" alt=\"Pr\u00e9paration\" width=\"640\" height=\"486\" \/><\/a><p id=\"caption-attachment-2283\" class=\"wp-caption-text\">Pr\u00e9paration<\/p><\/div>\n<p>&nbsp;<\/p>\n<div id=\"attachment_2282\" style=\"width: 650px\" class=\"wp-caption aligncenter\"><a href=\"http:\/\/portailsolidarites.fr\/amicalelaiquegrigny\/files\/2014\/07\/CALANQUES2.jpg\"><img loading=\"lazy\" decoding=\"async\" aria-describedby=\"caption-attachment-2282\" class=\"size-full wp-image-2282\" src=\"http:\/\/portailsolidarites.fr\/amicalelaiquegrigny\/files\/2014\/07\/CALANQUES2.jpg\" alt=\"Calanque d'En-Vau\" width=\"640\" height=\"480\" \/><\/a><p id=\"caption-attachment-2282\" class=\"wp-caption-text\">Calanque d&rsquo;En-Vau<\/p><\/div>\n<p>&nbsp;<\/p>\n<div id=\"attachment_2281\" style=\"width: 650px\" class=\"wp-caption aligncenter\"><a href=\"http:\/\/portailsolidarites.fr\/amicalelaiquegrigny\/files\/2014\/07\/CALANQUES1.jpg\"><img loading=\"lazy\" decoding=\"async\" aria-describedby=\"caption-attachment-2281\" class=\"size-full wp-image-2281\" src=\"http:\/\/portailsolidarites.fr\/amicalelaiquegrigny\/files\/2014\/07\/CALANQUES1.jpg\" alt=\"Un groupe d'escaladeurs manifestement satisfaits\" width=\"640\" height=\"480\" \/><\/a><p id=\"caption-attachment-2281\" class=\"wp-caption-text\">Un groupe d&rsquo;escaladeurs manifestement satisfaits<\/p><\/div>\n","protected":false},"excerpt":{"rendered":"<p>Comme depuis de nombreuses ann\u00e9es, la section escalade de l\u2019Amicale La\u00efque a profit\u00e9 du grand week-end fin mai pour faire une sortie (pr\u00e9vue de longue date) dans les calanques de Cassis et de Marseille. Onze grimpeurs chevronn\u00e9s dont quatre f\u00e9minines &hellip; <a href=\"https:\/\/portailsolidarites.fr\/Amicale\/2014\/07\/07\/la-section-escalade-dans-les-calanques-de-cassis-fin-mai-2014\/\">Continuer la lecture <span class=\"meta-nav\">&rarr;<\/span><\/a><\/p>\n","protected":false},"author":2,"featured_media":0,"comment_status":"open","ping_status":"open","sticky":false,"template":"","format":"standard","meta":{"_uag_custom_page_level_css":"","footnotes":""},"categories":[2,10],"tags":[58,98],"class_list":["post-2280","post","type-post","status-publish","format-standard","hentry","category-interet-general","category-escalade","tag-escalade-2","tag-sortie"],"uagb_featured_image_src":{"full":false,"thumbnail":false,"medium":false,"medium_large":false,"large":false,"1536x1536":false,"2048x2048":false,"post-thumbnail":false},"uagb_author_info":{"display_name":"amicalelaiquegrigny","author_link":"https:\/\/portailsolidarites.fr\/Amicale\/author\/amicalelaiquegrigny\/"},"uagb_comment_info":0,"uagb_excerpt":"Comme depuis de nombreuses ann\u00e9es, la section escalade de l\u2019Amicale La\u00efque a profit\u00e9 du grand week-end fin mai pour faire une sortie (pr\u00e9vue de longue date) dans les calanques de Cassis et de Marseille. Onze grimpeurs chevronn\u00e9s dont quatre f\u00e9minines &hellip; Continuer la lecture &rarr;","_links":{"self":[{"href":"https:\/\/portailsolidarites.fr\/Amicale\/wp-json\/wp\/v2\/posts\/2280","targetHints":{"allow":["GET"]}}],"collection":[{"href":"https:\/\/portailsolidarites.fr\/Amicale\/wp-json\/wp\/v2\/posts"}],"about":[{"href":"https:\/\/portailsolidarites.fr\/Amicale\/wp-json\/wp\/v2\/types\/post"}],"author":[{"embeddable":true,"href":"https:\/\/portailsolidarites.fr\/Amicale\/wp-json\/wp\/v2\/users\/2"}],"replies":[{"embeddable":true,"href":"https:\/\/portailsolidarites.fr\/Amicale\/wp-json\/wp\/v2\/comments?post=2280"}],"version-history":[{"count":0,"href":"https:\/\/portailsolidarites.fr\/Amicale\/wp-json\/wp\/v2\/posts\/2280\/revisions"}],"wp:attachment":[{"href":"https:\/\/portailsolidarites.fr\/Amicale\/wp-json\/wp\/v2\/media?parent=2280"}],"wp:term":[{"taxonomy":"category","embeddable":true,"href":"https:\/\/portailsolidarites.fr\/Amicale\/wp-json\/wp\/v2\/categories?post=2280"},{"taxonomy":"post_tag","embeddable":true,"href":"https:\/\/portailsolidarites.fr\/Amicale\/wp-json\/wp\/v2\/tags?post=2280"}],"curies":[{"name":"wp","href":"https:\/\/api.w.org\/{rel}","templated":true}]}}